{"id":9886,"date":"2012-09-13T07:29:31","date_gmt":"2012-09-13T06:29:31","guid":{"rendered":"https:\/\/www.matemonsac.com\/le-mag\/?p=9886"},"modified":"2015-10-18T16:08:04","modified_gmt":"2015-10-18T15:08:04","slug":"maison-objets-nos-coups-de-coeur-miroirs","status":"publish","type":"post","link":"https:\/\/www.matemonsac.com\/le-mag\/2012\/09\/13\/maison-objets-nos-coups-de-coeur-miroirs\/","title":{"rendered":"Maison &#038; Objet, nos coups de coeur \u00ab\u00a0miroirs\u00a0\u00bb."},"content":{"rendered":"<p>Comme promis voici nos coups de coeur pour les miroirs d\u00e9nich\u00e9s \u00e7a et l\u00e0 sur le salon.<\/p>\n<p><a href=\"https:\/\/www.matemonsac.com\/le-mag\/wp-content\/uploads\/2012\/09\/maison-objets-miroir.jpg\"><img decoding=\"async\" loading=\"lazy\" class=\"aligncenter size-full wp-image-9887\" title=\"maison-objets-miroir\" src=\"https:\/\/www.matemonsac.com\/le-mag\/wp-content\/uploads\/2012\/09\/maison-objets-miroir.jpg\" alt=\"maison-objets-miroir\" width=\"600\" height=\"505\" srcset=\"https:\/\/www.matemonsac.com\/le-mag\/wp-content\/uploads\/2012\/09\/maison-objets-miroir.jpg 600w, https:\/\/www.matemonsac.com\/le-mag\/wp-content\/uploads\/2012\/09\/maison-objets-miroir-300x253.jpg 300w\" sizes=\"(max-width: 600px) 100vw, 600px\" \/><\/a><\/p>\n<p><a href=\"https:\/\/www.matemonsac.com\/le-mag\/wp-content\/uploads\/2012\/09\/maison-objets-septembre-2012-miroirs-poissons.jpg\"><img decoding=\"async\" loading=\"lazy\" class=\"aligncenter size-full wp-image-9890\" title=\"maison-objets-septembre-2012-miroirs-poissons\" src=\"https:\/\/www.matemonsac.com\/le-mag\/wp-content\/uploads\/2012\/09\/maison-objets-septembre-2012-miroirs-poissons.jpg\" alt=\"maison-objets-miroirs-poissons\" width=\"600\" height=\"339\" srcset=\"https:\/\/www.matemonsac.com\/le-mag\/wp-content\/uploads\/2012\/09\/maison-objets-septembre-2012-miroirs-poissons.jpg 600w, https:\/\/www.matemonsac.com\/le-mag\/wp-content\/uploads\/2012\/09\/maison-objets-septembre-2012-miroirs-poissons-300x170.jpg 300w\" sizes=\"(max-width: 600px) 100vw, 600px\" \/><\/a><\/p>\n<p><a href=\"https:\/\/www.matemonsac.com\/le-mag\/wp-content\/uploads\/2012\/09\/maison-objets-septembre-2012-miroirs.jpg\"><img decoding=\"async\" loading=\"lazy\" class=\"aligncenter size-full wp-image-9889\" title=\"maison-objets-septembre-2012-miroirs\" src=\"https:\/\/www.matemonsac.com\/le-mag\/wp-content\/uploads\/2012\/09\/maison-objets-septembre-2012-miroirs.jpg\" alt=\"maison-objets-miroir\" width=\"600\" height=\"602\" srcset=\"https:\/\/www.matemonsac.com\/le-mag\/wp-content\/uploads\/2012\/09\/maison-objets-septembre-2012-miroirs.jpg 600w, https:\/\/www.matemonsac.com\/le-mag\/wp-content\/uploads\/2012\/09\/maison-objets-septembre-2012-miroirs-300x300.jpg 300w\" sizes=\"(max-width: 600px) 100vw, 600px\" \/><\/a><\/p>\n<p><a href=\"https:\/\/www.matemonsac.com\/le-mag\/wp-content\/uploads\/2012\/09\/maison-objets-septembre-2012-miroirs-2.jpg\"><img decoding=\"async\" loading=\"lazy\" class=\"aligncenter size-full wp-image-9888\" title=\"maison-objets-septembre-2012-miroirs-2\" src=\"https:\/\/www.matemonsac.com\/le-mag\/wp-content\/uploads\/2012\/09\/maison-objets-septembre-2012-miroirs-2.jpg\" alt=\"maison-objets-miroir\" width=\"400\" height=\"562\" srcset=\"https:\/\/www.matemonsac.com\/le-mag\/wp-content\/uploads\/2012\/09\/maison-objets-septembre-2012-miroirs-2.jpg 400w, https:\/\/www.matemonsac.com\/le-mag\/wp-content\/uploads\/2012\/09\/maison-objets-septembre-2012-miroirs-2-214x300.jpg 214w\" sizes=\"(max-width: 400px) 100vw, 400px\" \/><\/a><\/p>\n<p><a href=\"https:\/\/www.matemonsac.com\/le-mag\/wp-content\/uploads\/2012\/09\/maison-objets-septembre-2012-miroir.jpg\"><img decoding=\"async\" loading=\"lazy\" class=\"aligncenter size-full wp-image-9892\" title=\"maison-objets-septembre-2012-miroir\" src=\"https:\/\/www.matemonsac.com\/le-mag\/wp-content\/uploads\/2012\/09\/maison-objets-septembre-2012-miroir.jpg\" alt=\"maison-objets-miroir\" width=\"600\" height=\"800\" srcset=\"https:\/\/www.matemonsac.com\/le-mag\/wp-content\/uploads\/2012\/09\/maison-objets-septembre-2012-miroir.jpg 600w, https:\/\/www.matemonsac.com\/le-mag\/wp-content\/uploads\/2012\/09\/maison-objets-septembre-2012-miroir-225x300.jpg 225w\" sizes=\"(max-width: 600px) 100vw, 600px\" \/><\/a><\/p>\n<p>Et vous, lequel pr\u00e9f\u00e9rez-vous ?<\/p>\n<p>&nbsp;<\/p>\n<p>Maud pour <a title=\"vente de sacs de luxe vintage\" href=\"https:\/\/www.matemonsac.com\/le-mag\/\">matemonsac.localhost.com.<\/a><br \/>\nVente de sacs de luxe vintage.<\/p>\n<div class=\"twttr_buttons\"><div class=\"twttr_twitter\">\n\t\t\t\t\t<a href=\"http:\/\/twitter.com\/share?text=Maison+%26+Objet%2C+nos+coups+de+coeur+%22miroirs%22.\" class=\"twitter-share-button\" data-via=\"\" data-hashtags=\"\"  data-size=\"default\" data-url=\"https:\/\/www.matemonsac.com\/le-mag\/2012\/09\/13\/maison-objets-nos-coups-de-coeur-miroirs\/\"  data-related=\"\" target=\"_blank\">Tweet<\/a>\n\t\t\t\t<\/div><\/div>","protected":false},"excerpt":{"rendered":"<p>Comme promis voici nos coups de coeur pour les miroirs d\u00e9nich\u00e9s \u00e7a et l\u00e0 sur le salon. Et vous, lequel pr\u00e9f\u00e9rez-vous ? &nbsp; Maud pour matemonsac.localhost.com. Vente de sacs de luxe vintage.<\/p>\n","protected":false},"author":1,"featured_media":0,"comment_status":"open","ping_status":"open","sticky":false,"template":"","format":"standard","meta":{"_mi_skip_tracking":false},"categories":[104,1560],"tags":[1414],"_links":{"self":[{"href":"https:\/\/www.matemonsac.com\/le-mag\/wp-json\/wp\/v2\/posts\/9886"}],"collection":[{"href":"https:\/\/www.matemonsac.com\/le-mag\/wp-json\/wp\/v2\/posts"}],"about":[{"href":"https:\/\/www.matemonsac.com\/le-mag\/wp-json\/wp\/v2\/types\/post"}],"author":[{"embeddable":true,"href":"https:\/\/www.matemonsac.com\/le-mag\/wp-json\/wp\/v2\/users\/1"}],"replies":[{"embeddable":true,"href":"https:\/\/www.matemonsac.com\/le-mag\/wp-json\/wp\/v2\/comments?post=9886"}],"version-history":[{"count":0,"href":"https:\/\/www.matemonsac.com\/le-mag\/wp-json\/wp\/v2\/posts\/9886\/revisions"}],"wp:attachment":[{"href":"https:\/\/www.matemonsac.com\/le-mag\/wp-json\/wp\/v2\/media?parent=9886"}],"wp:term":[{"taxonomy":"category","embeddable":true,"href":"https:\/\/www.matemonsac.com\/le-mag\/wp-json\/wp\/v2\/categories?post=9886"},{"taxonomy":"post_tag","embeddable":true,"href":"https:\/\/www.matemonsac.com\/le-mag\/wp-json\/wp\/v2\/tags?post=9886"}],"curies":[{"name":"wp","href":"https:\/\/api.w.org\/{rel}","templated":true}]}}