{"id":9786,"date":"2012-11-08T13:56:45","date_gmt":"2012-11-08T12:56:45","guid":{"rendered":"https:\/\/www.matemonsac.com\/le-mag\/?p=9786"},"modified":"2015-10-18T15:55:51","modified_gmt":"2015-10-18T14:55:51","slug":"les-sacs-a-main-de-luxe-de-la-rentree-2012-2013","status":"publish","type":"post","link":"https:\/\/www.matemonsac.com\/le-mag\/2012\/11\/08\/les-sacs-a-main-de-luxe-de-la-rentree-2012-2013\/","title":{"rendered":"Les sacs \u00e0 main de luxe de la rentr\u00e9e 2012-2013."},"content":{"rendered":"<p>Vous vous demandez toutes quels seront les<a title=\"it bags\" href=\"https:\/\/www.matemonsac.com\/le-mag\/2012\/07\/16\/burberry-la-marque-a-limprime-carreaux-devoile-son\/\"><strong> it bags<\/strong><\/a> de l&rsquo;ann\u00e9e 2012-2013&#8230; Et bien nous, nous croyons beaucoup en ces mod\u00e8les <strong>XXL<\/strong> :<\/p>\n<p>&nbsp;<\/p>\n<p>&#8211; Le sac L\u00e9opard<strong> Billy <a title=\"J\u00e9r\u00f4me Dreyfuss\" href=\"http:\/\/www.jerome-dreyfuss.com\/\">J\u00e9r\u00f4me Dreyfuss<\/a><\/strong><\/p>\n<div id=\"attachment_9787\" style=\"width: 488px\" class=\"wp-caption aligncenter\"><a href=\"https:\/\/www.matemonsac.com\/le-mag\/wp-content\/uploads\/2012\/07\/jerome-dreyfuss-leopard.jpg\"><img aria-describedby=\"caption-attachment-9787\" decoding=\"async\" loading=\"lazy\" class=\" wp-image-9787  \" title=\"jerome-dreyfuss-leopard\" src=\"https:\/\/www.matemonsac.com\/le-mag\/wp-content\/uploads\/2012\/07\/jerome-dreyfuss-leopard.jpg\" alt=\"\" width=\"478\" height=\"717\" srcset=\"https:\/\/www.matemonsac.com\/le-mag\/wp-content\/uploads\/2012\/07\/jerome-dreyfuss-leopard.jpg 683w, https:\/\/www.matemonsac.com\/le-mag\/wp-content\/uploads\/2012\/07\/jerome-dreyfuss-leopard-200x300.jpg 200w\" sizes=\"(max-width: 478px) 100vw, 478px\" \/><\/a><p id=\"caption-attachment-9787\" class=\"wp-caption-text\">J\u00e9r\u00f4me Dreyfuss l\u00e9opard \u00a9Style<\/p><\/div>\n<p><!--more--><\/p>\n<p>&#8211; Cabas<a title=\"Marc Jacobs\" href=\"http:\/\/www.marcjacobs.com\/\"><strong> Marc Jacobs<\/strong><\/a><\/p>\n<div id=\"attachment_9788\" style=\"width: 610px\" class=\"wp-caption aligncenter\"><a href=\"https:\/\/www.matemonsac.com\/le-mag\/wp-content\/uploads\/2012\/07\/marc-jacobs-sac-2012.jpg\"><img aria-describedby=\"caption-attachment-9788\" decoding=\"async\" loading=\"lazy\" class=\"size-full wp-image-9788\" title=\"marc-jacobs-sac-2012\" src=\"https:\/\/www.matemonsac.com\/le-mag\/wp-content\/uploads\/2012\/07\/marc-jacobs-sac-2012.jpg\" alt=\"\" width=\"600\" height=\"706\" srcset=\"https:\/\/www.matemonsac.com\/le-mag\/wp-content\/uploads\/2012\/07\/marc-jacobs-sac-2012.jpg 600w, https:\/\/www.matemonsac.com\/le-mag\/wp-content\/uploads\/2012\/07\/marc-jacobs-sac-2012-255x300.jpg 255w\" sizes=\"(max-width: 600px) 100vw, 600px\" \/><\/a><p id=\"caption-attachment-9788\" class=\"wp-caption-text\">Sac Marc Jacobs 2012 \u00a9Style<\/p><\/div>\n<p>&#8211; Cabas <strong>Victoria Beckham<\/strong><\/p>\n<div id=\"attachment_9789\" style=\"width: 610px\" class=\"wp-caption aligncenter\"><a href=\"https:\/\/www.matemonsac.com\/le-mag\/wp-content\/uploads\/2012\/07\/victoria-beckham-cabas.jpg\"><img aria-describedby=\"caption-attachment-9789\" decoding=\"async\" loading=\"lazy\" class=\"size-full wp-image-9789\" title=\"victoria-beckham-cabas\" src=\"https:\/\/www.matemonsac.com\/le-mag\/wp-content\/uploads\/2012\/07\/victoria-beckham-cabas.jpg\" alt=\"\" width=\"600\" height=\"511\" srcset=\"https:\/\/www.matemonsac.com\/le-mag\/wp-content\/uploads\/2012\/07\/victoria-beckham-cabas.jpg 600w, https:\/\/www.matemonsac.com\/le-mag\/wp-content\/uploads\/2012\/07\/victoria-beckham-cabas-300x256.jpg 300w\" sizes=\"(max-width: 600px) 100vw, 600px\" \/><\/a><p id=\"caption-attachment-9789\" class=\"wp-caption-text\">Cabas Victoria Beckham \u00a9Courtesy of Victoria Beckham<\/p><\/div>\n<p>&nbsp;<\/p>\n<p>&#8211; Sac <a title=\"Yves Saint Laurent\" href=\"https:\/\/www.matemonsac.com\/le-mag\/sacs-de-luxe\/tous-les-sacs\/yves-saint-laurent-cabas-en-cuir-brun.html\"><strong>Yves Saint Laurent<\/strong><\/a><\/p>\n<div id=\"attachment_9790\" style=\"width: 610px\" class=\"wp-caption aligncenter\"><a href=\"https:\/\/www.matemonsac.com\/le-mag\/wp-content\/uploads\/2012\/07\/sac-yves-saint-laurent.jpg\"><img aria-describedby=\"caption-attachment-9790\" decoding=\"async\" loading=\"lazy\" class=\"size-full wp-image-9790\" title=\"sac-yves-saint-laurent\" src=\"https:\/\/www.matemonsac.com\/le-mag\/wp-content\/uploads\/2012\/07\/sac-yves-saint-laurent.jpg\" alt=\"\" width=\"600\" height=\"688\" srcset=\"https:\/\/www.matemonsac.com\/le-mag\/wp-content\/uploads\/2012\/07\/sac-yves-saint-laurent.jpg 600w, https:\/\/www.matemonsac.com\/le-mag\/wp-content\/uploads\/2012\/07\/sac-yves-saint-laurent-262x300.jpg 262w\" sizes=\"(max-width: 600px) 100vw, 600px\" \/><\/a><p id=\"caption-attachment-9790\" class=\"wp-caption-text\">Sac \u00a9Yves Saint Laurent<\/p><\/div>\n<p>&nbsp;<\/p>\n<p>&#8211; Le<a title=\"Burberry\" href=\"https:\/\/www.matemonsac.com\/le-mag\/2012\/07\/16\/burberry-la-marque-a-limprime-carreaux-devoile-son\/\"> <strong>Burberry Prorsum<\/strong><\/a><\/p>\n<div id=\"attachment_9791\" style=\"width: 628px\" class=\"wp-caption aligncenter\"><a href=\"https:\/\/www.matemonsac.com\/le-mag\/wp-content\/uploads\/2012\/07\/burberrry-prorsum.jpg\"><img aria-describedby=\"caption-attachment-9791\" decoding=\"async\" loading=\"lazy\" class=\"size-full wp-image-9791 \" title=\"burberrry-prorsum\" src=\"https:\/\/www.matemonsac.com\/le-mag\/wp-content\/uploads\/2012\/07\/burberrry-prorsum.jpg\" alt=\"\" width=\"618\" height=\"700\" srcset=\"https:\/\/www.matemonsac.com\/le-mag\/wp-content\/uploads\/2012\/07\/burberrry-prorsum.jpg 618w, https:\/\/www.matemonsac.com\/le-mag\/wp-content\/uploads\/2012\/07\/burberrry-prorsum-265x300.jpg 265w\" sizes=\"(max-width: 618px) 100vw, 618px\" \/><\/a><p id=\"caption-attachment-9791\" class=\"wp-caption-text\">Prorsum \u00a9Burberry<\/p><\/div>\n<p>&#8211; <strong>Calvin Klein Collection<\/strong> : doctor bag en croco<\/p>\n<div id=\"attachment_9792\" style=\"width: 693px\" class=\"wp-caption aligncenter\"><a href=\"https:\/\/www.matemonsac.com\/le-mag\/wp-content\/uploads\/2012\/07\/calvin-klein-collection-crocodile-doctor-bag.jpg\"><img aria-describedby=\"caption-attachment-9792\" decoding=\"async\" loading=\"lazy\" class=\"size-full wp-image-9792\" title=\"calvin-klein-collection-crocodile-doctor-bag\" src=\"https:\/\/www.matemonsac.com\/le-mag\/wp-content\/uploads\/2012\/07\/calvin-klein-collection-crocodile-doctor-bag.jpg\" alt=\"\" width=\"683\" height=\"1024\" srcset=\"https:\/\/www.matemonsac.com\/le-mag\/wp-content\/uploads\/2012\/07\/calvin-klein-collection-crocodile-doctor-bag.jpg 683w, https:\/\/www.matemonsac.com\/le-mag\/wp-content\/uploads\/2012\/07\/calvin-klein-collection-crocodile-doctor-bag-200x300.jpg 200w\" sizes=\"(max-width: 683px) 100vw, 683px\" \/><\/a><p id=\"caption-attachment-9792\" class=\"wp-caption-text\">Doctor Bag croco \u00a9Calvin Klein<\/p><\/div>\n<p>&nbsp;<\/p>\n<p>&#8211; Sac Bourse en Tweed <strong>Chanel<\/strong><\/p>\n<div id=\"attachment_9793\" style=\"width: 656px\" class=\"wp-caption aligncenter\"><a href=\"https:\/\/www.matemonsac.com\/le-mag\/wp-content\/uploads\/2012\/07\/chanel-tweed.jpg\"><img aria-describedby=\"caption-attachment-9793\" decoding=\"async\" loading=\"lazy\" class=\"size-full wp-image-9793\" title=\"chanel-tweed\" src=\"https:\/\/www.matemonsac.com\/le-mag\/wp-content\/uploads\/2012\/07\/chanel-tweed.jpg\" alt=\"\" width=\"646\" height=\"685\" srcset=\"https:\/\/www.matemonsac.com\/le-mag\/wp-content\/uploads\/2012\/07\/chanel-tweed.jpg 646w, https:\/\/www.matemonsac.com\/le-mag\/wp-content\/uploads\/2012\/07\/chanel-tweed-283x300.jpg 283w\" sizes=\"(max-width: 646px) 100vw, 646px\" \/><\/a><p id=\"caption-attachment-9793\" class=\"wp-caption-text\">Sac en tweed \u00a9Chanel<\/p><\/div>\n<p>&nbsp;<\/p>\n<p>&#8211; La toute derni\u00e8re cr\u00e9ation <a title=\"Chlo\u00e9\" href=\"https:\/\/www.matemonsac.com\/le-mag\/chloe-cabas-edith-moyen-modele-en-cuir-ecru.html\"><strong>Chlo\u00e9<\/strong><\/a>.<\/p>\n<div id=\"attachment_9794\" style=\"width: 673px\" class=\"wp-caption aligncenter\"><a href=\"https:\/\/www.matemonsac.com\/le-mag\/wp-content\/uploads\/2012\/07\/chloe.jpg\"><img aria-describedby=\"caption-attachment-9794\" decoding=\"async\" loading=\"lazy\" class=\"size-full wp-image-9794\" title=\"chloe-sac\" src=\"https:\/\/www.matemonsac.com\/le-mag\/wp-content\/uploads\/2012\/07\/chloe.jpg\" alt=\"\" width=\"663\" height=\"566\" srcset=\"https:\/\/www.matemonsac.com\/le-mag\/wp-content\/uploads\/2012\/07\/chloe.jpg 663w, https:\/\/www.matemonsac.com\/le-mag\/wp-content\/uploads\/2012\/07\/chloe-300x256.jpg 300w\" sizes=\"(max-width: 663px) 100vw, 663px\" \/><\/a><p id=\"caption-attachment-9794\" class=\"wp-caption-text\">Sac Chlo\u00e9 \u00a9Michele Silvestro<\/p><\/div>\n<p>&#8211; Sac Lady Dior de <strong>Christian Dior<\/strong>.<\/p>\n<div id=\"attachment_9795\" style=\"width: 635px\" class=\"wp-caption aligncenter\"><a href=\"https:\/\/www.matemonsac.com\/le-mag\/wp-content\/uploads\/2012\/07\/lady-dior-christian-dior.jpg\"><img aria-describedby=\"caption-attachment-9795\" decoding=\"async\" loading=\"lazy\" class=\"size-full wp-image-9795\" title=\"lady-dior-christian-dior\" src=\"https:\/\/www.matemonsac.com\/le-mag\/wp-content\/uploads\/2012\/07\/lady-dior-christian-dior.jpg\" alt=\"\" width=\"625\" height=\"653\" srcset=\"https:\/\/www.matemonsac.com\/le-mag\/wp-content\/uploads\/2012\/07\/lady-dior-christian-dior.jpg 625w, https:\/\/www.matemonsac.com\/le-mag\/wp-content\/uploads\/2012\/07\/lady-dior-christian-dior-287x300.jpg 287w\" sizes=\"(max-width: 625px) 100vw, 625px\" \/><\/a><p id=\"caption-attachment-9795\" class=\"wp-caption-text\">Sac Lady Dior \u00a9Christian Dior<\/p><\/div>\n<p>&nbsp;<\/p>\n<p><strong>Quel est votre pr\u00e9f\u00e9r\u00e9 ?<\/strong><\/p>\n<p>Maud pour <a title=\"location et vente de sacs de luxe\" href=\"https:\/\/www.matemonsac.com\/le-mag\/\" target=\"_self\">matemonsac.localhost.com<\/a>.<br \/>\n<strong>Location et vente de sacs de luxe.<\/strong><\/p>\n<div class=\"twttr_buttons\"><div class=\"twttr_twitter\">\n\t\t\t\t\t<a href=\"http:\/\/twitter.com\/share?text=Les+sacs+%C3%A0+main+de+luxe+de+la+rentr%C3%A9e+2012-2013.\" class=\"twitter-share-button\" data-via=\"\" data-hashtags=\"\"  data-size=\"default\" data-url=\"https:\/\/www.matemonsac.com\/le-mag\/2012\/11\/08\/les-sacs-a-main-de-luxe-de-la-rentree-2012-2013\/\"  data-related=\"\" target=\"_blank\">Tweet<\/a>\n\t\t\t\t<\/div><\/div>","protected":false},"excerpt":{"rendered":"<p>Vous vous demandez toutes quels seront les it bags de l&rsquo;ann\u00e9e 2012-2013&#8230; Et bien nous, nous croyons beaucoup en ces mod\u00e8les XXL : &nbsp; &#8211; Le sac L\u00e9opard Billy J\u00e9r\u00f4me Dreyfuss<\/p>\n","protected":false},"author":1,"featured_media":0,"comment_status":"open","ping_status":"open","sticky":false,"template":"","format":"standard","meta":{"_mi_skip_tracking":false},"categories":[430,2687],"tags":[1390,1335,94,1389,7,43,110,1201,587,483,59,245,62,1139,1222,1203,24],"_links":{"self":[{"href":"https:\/\/www.matemonsac.com\/le-mag\/wp-json\/wp\/v2\/posts\/9786"}],"collection":[{"href":"https:\/\/www.matemonsac.com\/le-mag\/wp-json\/wp\/v2\/posts"}],"about":[{"href":"https:\/\/www.matemonsac.com\/le-mag\/wp-json\/wp\/v2\/types\/post"}],"author":[{"embeddable":true,"href":"https:\/\/www.matemonsac.com\/le-mag\/wp-json\/wp\/v2\/users\/1"}],"replies":[{"embeddable":true,"href":"https:\/\/www.matemonsac.com\/le-mag\/wp-json\/wp\/v2\/comments?post=9786"}],"version-history":[{"count":0,"href":"https:\/\/www.matemonsac.com\/le-mag\/wp-json\/wp\/v2\/posts\/9786\/revisions"}],"wp:attachment":[{"href":"https:\/\/www.matemonsac.com\/le-mag\/wp-json\/wp\/v2\/media?parent=9786"}],"wp:term":[{"taxonomy":"category","embeddable":true,"href":"https:\/\/www.matemonsac.com\/le-mag\/wp-json\/wp\/v2\/categories?post=9786"},{"taxonomy":"post_tag","embeddable":true,"href":"https:\/\/www.matemonsac.com\/le-mag\/wp-json\/wp\/v2\/tags?post=9786"}],"curies":[{"name":"wp","href":"https:\/\/api.w.org\/{rel}","templated":true}]}}