{"id":9702,"date":"2012-08-11T06:23:01","date_gmt":"2012-08-11T05:23:01","guid":{"rendered":"https:\/\/www.matemonsac.com\/le-mag\/?p=9702"},"modified":"2012-11-08T13:54:54","modified_gmt":"2012-11-08T12:54:54","slug":"la-tendance-eco-responsable-des-sacs-bios-et-beaux","status":"publish","type":"post","link":"https:\/\/www.matemonsac.com\/le-mag\/2012\/08\/11\/la-tendance-eco-responsable-des-sacs-bios-et-beaux\/","title":{"rendered":"La tendance \u00e9co-responsable dans les Accessoires : des sacs bio et beaux !"},"content":{"rendered":"<p><strong>La tendance \u00e9co-responsable : des sacs bio et beaux !<\/strong><\/p>\n<p>Chez <strong>Mate Mon Sac<\/strong>, nous sommes tr\u00e8s sensibles aux questions environnementales et \u00e0 la protection de la plan\u00e8te. Nous distribuons la marque <a title=\"entre 2 retros\" href=\"https:\/\/www.matemonsac.com\/le-mag\/2012\/06\/14\/entre-2-retros-et-ses-protege-ipad-dans-le-magazine-irresistible-auto-pour-la-fete-des-peres\/\"><strong>Entre 2 R\u00e9tros<\/strong><\/a> qui r\u00e9cup\u00e8re des mat\u00e9riaux comme des chutes de tissus automobiles. En plus d&rsquo;\u00eatre \u00e9thiques, les accessoires entre 2 R\u00e9tros sont craquants !<\/p>\n<p>&#8211; Le cartable <a title=\"Yesterday\" href=\"https:\/\/www.matemonsac.com\/le-mag\/entre-2-retros-besace-yesterday-en-toile-kaki-et-framboise-pour-femme\"><strong>Yesterday<\/strong><\/a> Kaki et rose<\/p>\n<div id=\"attachment_9703\" style=\"width: 610px\" class=\"wp-caption aligncenter\"><a href=\"https:\/\/www.matemonsac.com\/le-mag\/entre-2-retros-besace-yesterday-en-toile-kaki-et-framboise-pour-femme\"><img aria-describedby=\"caption-attachment-9703\" decoding=\"async\" loading=\"lazy\" class=\"size-full wp-image-9703\" title=\"entre-deux-roues-sac-yesterday-framboise\" src=\"https:\/\/www.matemonsac.com\/le-mag\/wp-content\/uploads\/2012\/07\/entre-deux-roues-sac-yesterday-framboise1.jpg\" alt=\"\" width=\"600\" height=\"511\" srcset=\"https:\/\/www.matemonsac.com\/le-mag\/wp-content\/uploads\/2012\/07\/entre-deux-roues-sac-yesterday-framboise1.jpg 600w, https:\/\/www.matemonsac.com\/le-mag\/wp-content\/uploads\/2012\/07\/entre-deux-roues-sac-yesterday-framboise1-300x256.jpg 300w\" sizes=\"(max-width: 600px) 100vw, 600px\" \/><\/a><p id=\"caption-attachment-9703\" class=\"wp-caption-text\">besace Yesterday Entre 2 R\u00e9tros \u00a9MateMonSac<\/p><\/div>\n<p>&#8211; La <a title=\"housse\" href=\"https:\/\/www.matemonsac.com\/le-mag\/entre-2-retros-housse-ipad-johnny-homme-noire\"><strong>housse<\/strong><\/a> pour ordinateur 13 pouces<\/p>\n<div id=\"attachment_9704\" style=\"width: 589px\" class=\"wp-caption aligncenter\"><a href=\"https:\/\/www.matemonsac.com\/le-mag\/entre-2-retros-housse-ipad-paddy-2-homme-noire-1\"><img aria-describedby=\"caption-attachment-9704\" decoding=\"async\" loading=\"lazy\" class=\"size-full wp-image-9704\" title=\"entre-deux-roues-housse-ordinateur-13-pouces-pink\" src=\"https:\/\/www.matemonsac.com\/le-mag\/wp-content\/uploads\/2012\/07\/entre-deux-roues-housse-ordinateur-13-pouces-pink.jpg\" alt=\"\" width=\"579\" height=\"474\" srcset=\"https:\/\/www.matemonsac.com\/le-mag\/wp-content\/uploads\/2012\/07\/entre-deux-roues-housse-ordinateur-13-pouces-pink.jpg 579w, https:\/\/www.matemonsac.com\/le-mag\/wp-content\/uploads\/2012\/07\/entre-deux-roues-housse-ordinateur-13-pouces-pink-300x246.jpg 300w\" sizes=\"(max-width: 579px) 100vw, 579px\" \/><\/a><p id=\"caption-attachment-9704\" class=\"wp-caption-text\">Entre 2 R\u00e9tros Housse ordinateur Homme noire 13 pouces \u00a9MateMonSac<\/p><\/div>\n<p>On aime aussi d&rsquo;autres cr\u00e9ateurs qui se lancent dans l&rsquo;aventure bio comme par exemple <a title=\"My biotiful Bag\" href=\"http:\/\/www.mybiotifulbag.com\/index.cfm\"><strong>My Biotiful Bag<\/strong> <\/a>qui propose des produits naturels tout en \u00e9tant ultra fashion.<\/p>\n<div id=\"attachment_9705\" style=\"width: 510px\" class=\"wp-caption aligncenter\"><a href=\"https:\/\/www.matemonsac.com\/le-mag\/wp-content\/uploads\/2012\/07\/my-biotiful-bag.jpg\"><img aria-describedby=\"caption-attachment-9705\" decoding=\"async\" loading=\"lazy\" class=\"size-full wp-image-9705\" title=\"my-biotiful-bag\" src=\"https:\/\/www.matemonsac.com\/le-mag\/wp-content\/uploads\/2012\/07\/my-biotiful-bag.jpg\" alt=\"\" width=\"500\" height=\"406\" srcset=\"https:\/\/www.matemonsac.com\/le-mag\/wp-content\/uploads\/2012\/07\/my-biotiful-bag.jpg 500w, https:\/\/www.matemonsac.com\/le-mag\/wp-content\/uploads\/2012\/07\/my-biotiful-bag-300x244.jpg 300w\" sizes=\"(max-width: 500px) 100vw, 500px\" \/><\/a><p id=\"caption-attachment-9705\" class=\"wp-caption-text\">Cabas My Biotiful bag<\/p><\/div>\n<p>&nbsp;<\/p>\n<div id=\"attachment_9706\" style=\"width: 510px\" class=\"wp-caption aligncenter\"><a href=\"https:\/\/www.matemonsac.com\/le-mag\/wp-content\/uploads\/2012\/07\/candy_grandepochette_rose.jpg\"><img aria-describedby=\"caption-attachment-9706\" decoding=\"async\" loading=\"lazy\" class=\"size-full wp-image-9706\" title=\"candy_grandepochette_rose\" src=\"https:\/\/www.matemonsac.com\/le-mag\/wp-content\/uploads\/2012\/07\/candy_grandepochette_rose.jpg\" alt=\"\" width=\"500\" height=\"500\" srcset=\"https:\/\/www.matemonsac.com\/le-mag\/wp-content\/uploads\/2012\/07\/candy_grandepochette_rose.jpg 500w, https:\/\/www.matemonsac.com\/le-mag\/wp-content\/uploads\/2012\/07\/candy_grandepochette_rose-300x300.jpg 300w\" sizes=\"(max-width: 500px) 100vw, 500px\" \/><\/a><p id=\"caption-attachment-9706\" class=\"wp-caption-text\">Pochette My Biotiful Bag<\/p><\/div>\n<p>Nous avons aussi d\u00e9couvert <a title=\"Kyata\" href=\"http:\/\/www.kyata.fr\/\"><strong>Kyata<\/strong><\/a> (Khyata signifiant couture en arabe) qui donne une seconde vie aux mati\u00e8res polluantes. La marque fabrique ses accessoires gr\u00e2ce \u00e0 des <strong>b\u00e2ches publicitaires<\/strong> recycl\u00e9es, il fallait y penser !<\/p>\n<div id=\"attachment_9707\" style=\"width: 610px\" class=\"wp-caption aligncenter\"><a href=\"https:\/\/www.matemonsac.com\/le-mag\/wp-content\/uploads\/2012\/07\/kyata-thickbox-ecologique.jpg\"><img aria-describedby=\"caption-attachment-9707\" decoding=\"async\" loading=\"lazy\" class=\"size-full wp-image-9707\" title=\"kyata-thickbox-ecologique\" src=\"https:\/\/www.matemonsac.com\/le-mag\/wp-content\/uploads\/2012\/07\/kyata-thickbox-ecologique.jpg\" alt=\"\" width=\"600\" height=\"600\" srcset=\"https:\/\/www.matemonsac.com\/le-mag\/wp-content\/uploads\/2012\/07\/kyata-thickbox-ecologique.jpg 600w, https:\/\/www.matemonsac.com\/le-mag\/wp-content\/uploads\/2012\/07\/kyata-thickbox-ecologique-540x540.jpg 540w, https:\/\/www.matemonsac.com\/le-mag\/wp-content\/uploads\/2012\/07\/kyata-thickbox-ecologique-300x300.jpg 300w\" sizes=\"(max-width: 600px) 100vw, 600px\" \/><\/a><p id=\"caption-attachment-9707\" class=\"wp-caption-text\">sac Ceibo \u00a9Kyata<\/p><\/div>\n<p>&nbsp;<\/p>\n<div id=\"attachment_9708\" style=\"width: 610px\" class=\"wp-caption aligncenter\"><a href=\"https:\/\/www.matemonsac.com\/le-mag\/wp-content\/uploads\/2012\/07\/kyata-sac.jpg\"><img aria-describedby=\"caption-attachment-9708\" decoding=\"async\" loading=\"lazy\" class=\"size-full wp-image-9708\" title=\"kyata-sac\" src=\"https:\/\/www.matemonsac.com\/le-mag\/wp-content\/uploads\/2012\/07\/kyata-sac.jpg\" alt=\"\" width=\"600\" height=\"600\" srcset=\"https:\/\/www.matemonsac.com\/le-mag\/wp-content\/uploads\/2012\/07\/kyata-sac.jpg 600w, https:\/\/www.matemonsac.com\/le-mag\/wp-content\/uploads\/2012\/07\/kyata-sac-540x540.jpg 540w, https:\/\/www.matemonsac.com\/le-mag\/wp-content\/uploads\/2012\/07\/kyata-sac-300x300.jpg 300w\" sizes=\"(max-width: 600px) 100vw, 600px\" \/><\/a><p id=\"caption-attachment-9708\" class=\"wp-caption-text\">sac Hibiscus \u00a9Kyata<\/p><\/div>\n<p>&nbsp;<\/p>\n<p>On aime aussi <a title=\"Maya La lune\" href=\"http:\/\/www.mayalalune.com\/\">: <strong>Maya La Lune<\/strong><\/a>. Le concept ? Des accessoires <strong>\u00e9colo glam <\/strong>recycl\u00e9s qui sont r\u00e9alis\u00e9s \u00e0 partir de sacs alimentaires collect\u00e9s au Maroc. Toute la fabrication respecte l&rsquo;\u00e9quit\u00e9 sociale et est localis\u00e9 en France, dans des ateliers d&rsquo;insertion.<\/p>\n<div id=\"attachment_9710\" style=\"width: 610px\" class=\"wp-caption aligncenter\"><a href=\"https:\/\/www.matemonsac.com\/le-mag\/wp-content\/uploads\/2012\/07\/maya-la-lune48H-Traveller-HongKong-Rose1.jpg\"><img aria-describedby=\"caption-attachment-9710\" decoding=\"async\" loading=\"lazy\" class=\"size-full wp-image-9710\" title=\"maya-la-lune48H-Traveller-HongKong-Rose\" src=\"https:\/\/www.matemonsac.com\/le-mag\/wp-content\/uploads\/2012\/07\/maya-la-lune48H-Traveller-HongKong-Rose1.jpg\" alt=\"\" width=\"600\" height=\"705\" srcset=\"https:\/\/www.matemonsac.com\/le-mag\/wp-content\/uploads\/2012\/07\/maya-la-lune48H-Traveller-HongKong-Rose1.jpg 600w, https:\/\/www.matemonsac.com\/le-mag\/wp-content\/uploads\/2012\/07\/maya-la-lune48H-Traveller-HongKong-Rose1-255x300.jpg 255w\" sizes=\"(max-width: 600px) 100vw, 600px\" \/><\/a><p id=\"caption-attachment-9710\" class=\"wp-caption-text\">Sac 48H travaller Hong Kong \u00a9Maya La Lune<\/p><\/div>\n<p>&nbsp;<\/p>\n<div id=\"attachment_9711\" style=\"width: 578px\" class=\"wp-caption aligncenter\"><a href=\"https:\/\/www.matemonsac.com\/le-mag\/wp-content\/uploads\/2012\/07\/majestueuse-gazelle-maya-la-lune.jpg\"><img aria-describedby=\"caption-attachment-9711\" decoding=\"async\" loading=\"lazy\" class=\" wp-image-9711 \" title=\"majestueuse-gazelle-maya-la-lune\" src=\"https:\/\/www.matemonsac.com\/le-mag\/wp-content\/uploads\/2012\/07\/majestueuse-gazelle-maya-la-lune-812x1024.jpg\" alt=\"\" width=\"568\" height=\"717\" srcset=\"https:\/\/www.matemonsac.com\/le-mag\/wp-content\/uploads\/2012\/07\/majestueuse-gazelle-maya-la-lune-812x1024.jpg 812w, https:\/\/www.matemonsac.com\/le-mag\/wp-content\/uploads\/2012\/07\/majestueuse-gazelle-maya-la-lune-238x300.jpg 238w, https:\/\/www.matemonsac.com\/le-mag\/wp-content\/uploads\/2012\/07\/majestueuse-gazelle-maya-la-lune-768x968.jpg 768w, https:\/\/www.matemonsac.com\/le-mag\/wp-content\/uploads\/2012\/07\/majestueuse-gazelle-maya-la-lune.jpg 1064w\" sizes=\"(max-width: 568px) 100vw, 568px\" \/><\/a><p id=\"caption-attachment-9711\" class=\"wp-caption-text\">Cabas majestueuse gazelle \u00a9Maya La Lune<\/p><\/div>\n<p>&nbsp;<\/p>\n<p>Sophie pour <a title=\"location et vente de sacs de luxe\" href=\"https:\/\/www.matemonsac.com\/le-mag\/\" target=\"_self\">matemonsac.localhost.com<\/a>.<br \/>\n<strong>Location et vente de sacs de luxe.<\/strong><\/p>\n<p>&nbsp;<\/p>\n<div class=\"twttr_buttons\"><div class=\"twttr_twitter\">\n\t\t\t\t\t<a href=\"http:\/\/twitter.com\/share?text=La+tendance+%C3%A9co-responsable+dans+les+Accessoires+%3A+des+sacs+bio+et+beaux+%21\" class=\"twitter-share-button\" data-via=\"\" data-hashtags=\"\"  data-size=\"default\" data-url=\"https:\/\/www.matemonsac.com\/le-mag\/2012\/08\/11\/la-tendance-eco-responsable-des-sacs-bios-et-beaux\/\"  data-related=\"\" target=\"_blank\">Tweet<\/a>\n\t\t\t\t<\/div><\/div>","protected":false},"excerpt":{"rendered":"<p>La tendance \u00e9co-responsable : des sacs bio et beaux ! Chez Mate Mon Sac, nous sommes tr\u00e8s sensibles aux questions environnementales et \u00e0 la protection de la plan\u00e8te. Nous distribuons la marque Entre 2 R\u00e9tros qui r\u00e9cup\u00e8re des mat\u00e9riaux comme des chutes de tissus automobiles. En plus d&rsquo;\u00eatre \u00e9thiques, les accessoires entre 2 R\u00e9tros sont [&hellip;]<\/p>\n","protected":false},"author":1,"featured_media":0,"comment_status":"open","ping_status":"open","sticky":false,"template":"","format":"standard","meta":{"_mi_skip_tracking":false},"categories":[384,430,40],"tags":[180,157,502,750,1371,748,1370,1368,601,1369,1260],"_links":{"self":[{"href":"https:\/\/www.matemonsac.com\/le-mag\/wp-json\/wp\/v2\/posts\/9702"}],"collection":[{"href":"https:\/\/www.matemonsac.com\/le-mag\/wp-json\/wp\/v2\/posts"}],"about":[{"href":"https:\/\/www.matemonsac.com\/le-mag\/wp-json\/wp\/v2\/types\/post"}],"author":[{"embeddable":true,"href":"https:\/\/www.matemonsac.com\/le-mag\/wp-json\/wp\/v2\/users\/1"}],"replies":[{"embeddable":true,"href":"https:\/\/www.matemonsac.com\/le-mag\/wp-json\/wp\/v2\/comments?post=9702"}],"version-history":[{"count":0,"href":"https:\/\/www.matemonsac.com\/le-mag\/wp-json\/wp\/v2\/posts\/9702\/revisions"}],"wp:attachment":[{"href":"https:\/\/www.matemonsac.com\/le-mag\/wp-json\/wp\/v2\/media?parent=9702"}],"wp:term":[{"taxonomy":"category","embeddable":true,"href":"https:\/\/www.matemonsac.com\/le-mag\/wp-json\/wp\/v2\/categories?post=9702"},{"taxonomy":"post_tag","embeddable":true,"href":"https:\/\/www.matemonsac.com\/le-mag\/wp-json\/wp\/v2\/tags?post=9702"}],"curies":[{"name":"wp","href":"https:\/\/api.w.org\/{rel}","templated":true}]}}