{"id":960,"date":"2009-02-09T17:00:01","date_gmt":"2009-02-09T16:00:01","guid":{"rendered":"https:\/\/www.matemonsac.com\/le-mag\/?p=960"},"modified":"2009-02-27T16:02:40","modified_gmt":"2009-02-27T15:02:40","slug":"la-soiree-douverture-de-la-boutique-stella-mc-cartney-a-paris","status":"publish","type":"post","link":"https:\/\/www.matemonsac.com\/le-mag\/2009\/02\/09\/la-soiree-douverture-de-la-boutique-stella-mc-cartney-a-paris\/","title":{"rendered":"Ouverture de la boutique Stella McCartney \u00e0 Paris"},"content":{"rendered":"<p><strong>Soir\u00e9e d&rsquo;ouverture de la boutique Stella McCartney \u00e0 Paris<\/strong><\/p>\n<p><a rel=\"attachment wp-att-969\" href=\"https:\/\/www.matemonsac.com\/le-mag\/?attachment_id=969\"><img decoding=\"async\" loading=\"lazy\" class=\"aligncenter size-full wp-image-969\" title=\"stella\" src=\"https:\/\/www.matemonsac.com\/le-mag\/wp-content\/uploads\/2009\/02\/scoop011.jpg\" alt=\"stella\" width=\"504\" height=\"300\" srcset=\"https:\/\/www.matemonsac.com\/le-mag\/wp-content\/uploads\/2009\/02\/scoop011.jpg 504w, https:\/\/www.matemonsac.com\/le-mag\/wp-content\/uploads\/2009\/02\/scoop011-300x179.jpg 300w\" sizes=\"(max-width: 504px) 100vw, 504px\" \/><\/a><\/p>\n<p>La semaine derni\u00e8re, le 28 janvier 2009,  il fallait \u00eatre \u00e0 la soir\u00e9e d&rsquo;inauguration de la premi\u00e8re boutique de <strong>Stella Mc Cartney<\/strong> au Palais-Royal \u00e0 Paris.<br \/>\nTout le clan McCartney et ses amis \u00e9taient rassembl\u00e9s en force pour c\u00e9l\u00e9brer cela. Son mari Alasdhair Willis, son p\u00e8re Sir Paul et sa fianc\u00e9e, Nancy Shevell. Quelques grandes dames Marianne Faithfull, Catherine Deneuve, Loulou de la Falaise et messieurs Henri-Fran\u00e7ois Pinault et Stefano Pilati \u00e9taient aussi pr\u00e9sents ainsi que quelques mannequins comme Lara Stone, Sasha Pivovarova, et Lily Donaldson.<\/p>\n<p><a rel=\"attachment wp-att-961\" href=\"https:\/\/www.matemonsac.com\/le-mag\/?attachment_id=961\"><img decoding=\"async\" loading=\"lazy\" class=\"alignleft size-medium wp-image-961\" title=\"06m\" src=\"https:\/\/www.matemonsac.com\/le-mag\/wp-content\/uploads\/2009\/02\/06m-200x300.jpg\" alt=\"06m\" width=\"200\" height=\"300\" srcset=\"https:\/\/www.matemonsac.com\/le-mag\/wp-content\/uploads\/2009\/02\/06m-200x300.jpg 200w, https:\/\/www.matemonsac.com\/le-mag\/wp-content\/uploads\/2009\/02\/06m.jpg 320w\" sizes=\"(max-width: 200px) 100vw, 200px\" \/><\/a> <a rel=\"attachment wp-att-963\" href=\"https:\/\/www.matemonsac.com\/le-mag\/?attachment_id=963\"><img decoding=\"async\" loading=\"lazy\" class=\"alignleft size-medium wp-image-963\" title=\"03m\" src=\"https:\/\/www.matemonsac.com\/le-mag\/wp-content\/uploads\/2009\/02\/03m-200x300.jpg\" alt=\"03m\" width=\"200\" height=\"300\" srcset=\"https:\/\/www.matemonsac.com\/le-mag\/wp-content\/uploads\/2009\/02\/03m-200x300.jpg 200w, https:\/\/www.matemonsac.com\/le-mag\/wp-content\/uploads\/2009\/02\/03m.jpg 320w\" sizes=\"(max-width: 200px) 100vw, 200px\" \/><\/a><\/p>\n<p>Marianne Faithfull et Sir Paul McCartney  \u00e0 gauche &#8211; Stefano Pilati \u00e0 droite<\/p>\n<p>Stella McCartney a mis beaucoup d&rsquo;elle-m\u00eame dans cette boutique. La collection Printemps\/\u00e9t\u00e9 2009 \u00e9tait pr\u00e9sent\u00e9e dans un mobilier qu&rsquo;elle a sp\u00e9cialement dessin\u00e9 pour la boutique.<\/p>\n<p>Une r\u00e9ussite, allez la voir de ce pas !<\/p>\n<p>Maud<\/p>\n<div class=\"twttr_buttons\"><div class=\"twttr_twitter\">\n\t\t\t\t\t<a href=\"http:\/\/twitter.com\/share?text=Ouverture+de+la+boutique+Stella+McCartney+%C3%A0+Paris\" class=\"twitter-share-button\" data-via=\"\" data-hashtags=\"\"  data-size=\"default\" data-url=\"https:\/\/www.matemonsac.com\/le-mag\/2009\/02\/09\/la-soiree-douverture-de-la-boutique-stella-mc-cartney-a-paris\/\"  data-related=\"\" target=\"_blank\">Tweet<\/a>\n\t\t\t\t<\/div><\/div>","protected":false},"excerpt":{"rendered":"<p>Soir\u00e9e d&rsquo;ouverture de la boutique Stella McCartney \u00e0 Paris La semaine derni\u00e8re, le 28 janvier 2009, il fallait \u00eatre \u00e0 la soir\u00e9e d&rsquo;inauguration de la premi\u00e8re boutique de Stella Mc Cartney au Palais-Royal \u00e0 Paris. Tout le clan McCartney et ses amis \u00e9taient rassembl\u00e9s en force pour c\u00e9l\u00e9brer cela. Son mari Alasdhair Willis, son p\u00e8re [&hellip;]<\/p>\n","protected":false},"author":1,"featured_media":0,"comment_status":"open","ping_status":"open","sticky":false,"template":"","format":"standard","meta":{"_mi_skip_tracking":false},"categories":[104],"tags":[149,103],"_links":{"self":[{"href":"https:\/\/www.matemonsac.com\/le-mag\/wp-json\/wp\/v2\/posts\/960"}],"collection":[{"href":"https:\/\/www.matemonsac.com\/le-mag\/wp-json\/wp\/v2\/posts"}],"about":[{"href":"https:\/\/www.matemonsac.com\/le-mag\/wp-json\/wp\/v2\/types\/post"}],"author":[{"embeddable":true,"href":"https:\/\/www.matemonsac.com\/le-mag\/wp-json\/wp\/v2\/users\/1"}],"replies":[{"embeddable":true,"href":"https:\/\/www.matemonsac.com\/le-mag\/wp-json\/wp\/v2\/comments?post=960"}],"version-history":[{"count":0,"href":"https:\/\/www.matemonsac.com\/le-mag\/wp-json\/wp\/v2\/posts\/960\/revisions"}],"wp:attachment":[{"href":"https:\/\/www.matemonsac.com\/le-mag\/wp-json\/wp\/v2\/media?parent=960"}],"wp:term":[{"taxonomy":"category","embeddable":true,"href":"https:\/\/www.matemonsac.com\/le-mag\/wp-json\/wp\/v2\/categories?post=960"},{"taxonomy":"post_tag","embeddable":true,"href":"https:\/\/www.matemonsac.com\/le-mag\/wp-json\/wp\/v2\/tags?post=960"}],"curies":[{"name":"wp","href":"https:\/\/api.w.org\/{rel}","templated":true}]}}