{"id":9319,"date":"2012-07-11T06:36:07","date_gmt":"2012-07-11T05:36:07","guid":{"rendered":"https:\/\/www.matemonsac.com\/le-mag\/?p=9319"},"modified":"2012-07-11T10:41:19","modified_gmt":"2012-07-11T09:41:19","slug":"cabas-de-plage-choisissez-celui-qui-vous-conviendra-le-mieux","status":"publish","type":"post","link":"https:\/\/www.matemonsac.com\/le-mag\/2012\/07\/11\/cabas-de-plage-choisissez-celui-qui-vous-conviendra-le-mieux\/","title":{"rendered":"Cabas de plage, choisissez celui qui vous conviendra le mieux."},"content":{"rendered":"<p><strong>Choisissez le cabas de plage qui vous conviendra le mieux.<br \/>\n<\/strong><\/p>\n<p>Chez <a title=\"Matemonsac\" href=\"https:\/\/www.matemonsac.com\/le-mag\/\" target=\"_self\"><strong>Mate Mon Sac,<\/strong><\/a> on a s\u00e9lectionn\u00e9 pour vous les cabas les plus pratiques, girly et l\u00e9gers donc id\u00e9aux pour aller tra\u00eener \u00e0 la <a title=\"plage\" href=\"https:\/\/www.matemonsac.com\/le-mag\/2012\/06\/25\/mate-mon-sac-de-plage-2\/\" target=\"_blank\"><strong>plage <\/strong><\/a>ou en <strong>ville<\/strong>.<\/p>\n<p><strong>Petite s\u00e9lection : <\/strong><strong> <\/strong><\/p>\n<p><strong>&#8211; Le cabas <a title=\"Entre 2 retros\" href=\"https:\/\/www.matemonsac.com\/le-mag\/entre-2-retros-cabas-xl-en-toile-kaki-et-framboise-pour-femme.html\" target=\"_self\">Entre 2 R\u00e9tros avec sa doublure rose framboise.<br \/>\n<\/a><\/strong><\/p>\n<p><strong>Son petit + ? <\/strong>Un cabas \u00e9co-responsable issu de la r\u00e9cup\u00e9ration de tissus automobiles.<strong><br \/>\n<\/strong><\/p>\n<p><strong> <\/strong><\/p>\n<p><strong> <\/strong><\/p>\n<p><strong> <\/strong><\/p>\n<p><strong> <\/strong><\/p>\n<p><strong> <\/strong><\/p>\n<p><strong> <\/strong><\/p>\n<p><strong> <\/strong><\/p>\n<p><strong> <\/strong><\/p>\n<p><strong> <\/strong><\/p>\n<p><strong> <\/strong><\/p>\n<p><strong> <\/strong><\/p>\n<p><strong><\/p>\n<div id=\"attachment_9321\" style=\"width: 565px\" class=\"wp-caption aligncenter\"><a href=\"https:\/\/www.matemonsac.com\/le-mag\/entre-2-retros-cabas-xl-en-toile-kaki-et-framboise-pour-femme.html\"><img aria-describedby=\"caption-attachment-9321\" decoding=\"async\" loading=\"lazy\" class=\"size-full wp-image-9321\" title=\"entre-deux-roues-sac-cabas-xl\" src=\"https:\/\/www.matemonsac.com\/le-mag\/wp-content\/uploads\/2012\/07\/entre-deux-roues-sac-cabas-xl.jpg\" alt=\"\" width=\"555\" height=\"554\" srcset=\"https:\/\/www.matemonsac.com\/le-mag\/wp-content\/uploads\/2012\/07\/entre-deux-roues-sac-cabas-xl.jpg 555w, https:\/\/www.matemonsac.com\/le-mag\/wp-content\/uploads\/2012\/07\/entre-deux-roues-sac-cabas-xl-540x540.jpg 540w, https:\/\/www.matemonsac.com\/le-mag\/wp-content\/uploads\/2012\/07\/entre-deux-roues-sac-cabas-xl-300x300.jpg 300w\" sizes=\"(max-width: 555px) 100vw, 555px\" \/><\/a><p id=\"caption-attachment-9321\" class=\"wp-caption-text\">Entre 2 R\u00e9tros cabas XL<\/p><\/div>\n<p><\/strong><\/p>\n<p><strong> <\/strong><\/p>\n<p><strong> <\/strong><\/p>\n<p><strong> <\/strong><\/p>\n<p><strong> <\/strong><\/p>\n<p><strong> <\/strong><\/p>\n<p><strong> <\/strong><\/p>\n<p><strong> <\/strong><\/p>\n<p><strong> <\/strong><\/p>\n<p><strong> <\/strong><\/p>\n<p><strong> <\/strong><\/p>\n<p><strong> <\/strong><\/p>\n<p>&#8211; Le cabas de plage <a title=\"Where Else\" href=\"https:\/\/www.matemonsac.com\/le-mag\/marques\/nos-createurs\/where-else\/156\/19\" target=\"_self\"><strong>Where Else<\/strong><\/a> disponible en plusieurs couleurs et imprim\u00e9s (Saint Barth, Saint Tropez, French Riviera, Sex, Drugs and Rock&rsquo;n Roll&#8230;)<\/p>\n<p>Le plus hype ! Vu dans Femme Actuelle et de nombreux magazines f\u00e9minins.<\/p>\n<p><strong>Son petit + ?<\/strong> Transparent, vous n&rsquo;aurez aucun mal \u00e0 trouver votre cr\u00e8me ou lunettes de soleil !<\/p>\n<div id=\"attachment_9323\" style=\"width: 610px\" class=\"wp-caption aligncenter\"><a href=\"https:\/\/www.matemonsac.com\/le-mag\/wp-content\/uploads\/2012\/07\/where-else-cabas-plage-french-riviera-fuschia.jpg\"><img aria-describedby=\"caption-attachment-9323\" decoding=\"async\" loading=\"lazy\" class=\"size-full wp-image-9323\" title=\"where-else-cabas-plage-french-riviera-fuschia\" src=\"https:\/\/www.matemonsac.com\/le-mag\/wp-content\/uploads\/2012\/07\/where-else-cabas-plage-french-riviera-fuschia.jpg\" alt=\"\" width=\"600\" height=\"600\" srcset=\"https:\/\/www.matemonsac.com\/le-mag\/wp-content\/uploads\/2012\/07\/where-else-cabas-plage-french-riviera-fuschia.jpg 600w, https:\/\/www.matemonsac.com\/le-mag\/wp-content\/uploads\/2012\/07\/where-else-cabas-plage-french-riviera-fuschia-540x540.jpg 540w, https:\/\/www.matemonsac.com\/le-mag\/wp-content\/uploads\/2012\/07\/where-else-cabas-plage-french-riviera-fuschia-300x300.jpg 300w\" sizes=\"(max-width: 600px) 100vw, 600px\" \/><\/a><p id=\"caption-attachment-9323\" class=\"wp-caption-text\">Where Else cabas de plage French Riviera<\/p><\/div>\n<div id=\"attachment_9346\" style=\"width: 270px\" class=\"wp-caption aligncenter\"><a href=\"https:\/\/www.matemonsac.com\/le-mag\/wp-content\/uploads\/2012\/07\/femme-actuelle-where-else-0712-thum.jpg\"><img aria-describedby=\"caption-attachment-9346\" decoding=\"async\" loading=\"lazy\" class=\"size-full wp-image-9346\" title=\"femme-actuelle-where-else-0712-thum\" src=\"https:\/\/www.matemonsac.com\/le-mag\/wp-content\/uploads\/2012\/07\/femme-actuelle-where-else-0712-thum.jpg\" alt=\"\" width=\"260\" height=\"347\" srcset=\"https:\/\/www.matemonsac.com\/le-mag\/wp-content\/uploads\/2012\/07\/femme-actuelle-where-else-0712-thum.jpg 260w, https:\/\/www.matemonsac.com\/le-mag\/wp-content\/uploads\/2012\/07\/femme-actuelle-where-else-0712-thum-225x300.jpg 225w\" sizes=\"(max-width: 260px) 100vw, 260px\" \/><\/a><p id=\"caption-attachment-9346\" class=\"wp-caption-text\">Femme Actuelle cabas Where Else<\/p><\/div>\n<div id=\"attachment_9347\" style=\"width: 610px\" class=\"wp-caption aligncenter\"><a href=\"https:\/\/www.matemonsac.com\/le-mag\/wp-content\/uploads\/2012\/07\/femme-actuelle-where-else-0712-GM.jpg\"><img aria-describedby=\"caption-attachment-9347\" decoding=\"async\" loading=\"lazy\" class=\"size-full wp-image-9347\" title=\"femme-actuelle-where-else-0712-GM\" src=\"https:\/\/www.matemonsac.com\/le-mag\/wp-content\/uploads\/2012\/07\/femme-actuelle-where-else-0712-GM.jpg\" alt=\"\" width=\"600\" height=\"657\" srcset=\"https:\/\/www.matemonsac.com\/le-mag\/wp-content\/uploads\/2012\/07\/femme-actuelle-where-else-0712-GM.jpg 600w, https:\/\/www.matemonsac.com\/le-mag\/wp-content\/uploads\/2012\/07\/femme-actuelle-where-else-0712-GM-274x300.jpg 274w\" sizes=\"(max-width: 600px) 100vw, 600px\" \/><\/a><p id=\"caption-attachment-9347\" class=\"wp-caption-text\">Where else dans Femme Actuelle<\/p><\/div>\n<p>N&rsquo;oubliez pas sa <strong>pochette assortie<\/strong> !<\/p>\n<div id=\"attachment_9325\" style=\"width: 610px\" class=\"wp-caption aligncenter\"><a href=\"https:\/\/www.matemonsac.com\/le-mag\/where-else-pochette-plage-grand-modele-french-riviera-coloris-viole\"><img aria-describedby=\"caption-attachment-9325\" decoding=\"async\" loading=\"lazy\" class=\"size-full wp-image-9325\" title=\"where-else-pochette-plage-large-french-riviera-violet\" src=\"https:\/\/www.matemonsac.com\/le-mag\/wp-content\/uploads\/2012\/07\/where-else-pochette-plage-large-french-riviera-violet.jpg\" alt=\"\" width=\"600\" height=\"600\" srcset=\"https:\/\/www.matemonsac.com\/le-mag\/wp-content\/uploads\/2012\/07\/where-else-pochette-plage-large-french-riviera-violet.jpg 600w, https:\/\/www.matemonsac.com\/le-mag\/wp-content\/uploads\/2012\/07\/where-else-pochette-plage-large-french-riviera-violet-540x540.jpg 540w, https:\/\/www.matemonsac.com\/le-mag\/wp-content\/uploads\/2012\/07\/where-else-pochette-plage-large-french-riviera-violet-300x300.jpg 300w\" sizes=\"(max-width: 600px) 100vw, 600px\" \/><\/a><p id=\"caption-attachment-9325\" class=\"wp-caption-text\">Where Else pochette French Riviera<\/p><\/div>\n<p>&#8211; Le cabas Beach <strong><a title=\"Anne Charlotte Goutal\" href=\"https:\/\/www.matemonsac.com\/le-mag\/anne-charlotte-goutal-cabas-beach-bicolore-salamandre-blanc-et-mint.html\" target=\"_self\">Anne-Charlotte Goutal.<\/a><br \/>\nSon petit + ?<\/strong> Le c\u00f4t\u00e9 Bicolore, d&rsquo;une face vous avez un cabas blanc, et de l&rsquo;autre un cabas mint, la couleur tendance de l&rsquo;\u00e9t\u00e9.<strong> <\/strong><\/p>\n<div id=\"attachment_9324\" style=\"width: 610px\" class=\"wp-caption aligncenter\"><a href=\"https:\/\/www.matemonsac.com\/le-mag\/anne-charlotte-goutal-cabas-beach-bicolore-salamandre-blanc-et-mint.html\"><img aria-describedby=\"caption-attachment-9324\" decoding=\"async\" loading=\"lazy\" class=\"size-full wp-image-9324\" title=\"anne-charlotte-goutal-cabas-bicolore-salamandre-turquoise-blanc\" src=\"https:\/\/www.matemonsac.com\/le-mag\/wp-content\/uploads\/2012\/07\/anne-charlotte-goutal-cabas-bicolore-salamandre-turquoise-blanc.jpg\" alt=\"\" width=\"600\" height=\"600\" srcset=\"https:\/\/www.matemonsac.com\/le-mag\/wp-content\/uploads\/2012\/07\/anne-charlotte-goutal-cabas-bicolore-salamandre-turquoise-blanc.jpg 600w, https:\/\/www.matemonsac.com\/le-mag\/wp-content\/uploads\/2012\/07\/anne-charlotte-goutal-cabas-bicolore-salamandre-turquoise-blanc-540x540.jpg 540w, https:\/\/www.matemonsac.com\/le-mag\/wp-content\/uploads\/2012\/07\/anne-charlotte-goutal-cabas-bicolore-salamandre-turquoise-blanc-300x300.jpg 300w\" sizes=\"(max-width: 600px) 100vw, 600px\" \/><\/a><p id=\"caption-attachment-9324\" class=\"wp-caption-text\">Anne-Charlotte Goutal cabas Beach bicolore salamandre blanc et mint<\/p><\/div>\n<p>&#8211; Le cabas<a title=\"mate mon sac\" href=\"https:\/\/www.matemonsac.com\/le-mag\/mate-mon-sac-cabas-de-plage-rose-fluo-vinyle-transparent.html#\" target=\"_self\"><strong> Mate Mon Sa<\/strong><\/a><strong>c <\/strong>rose girly transparent en vinyle.<\/p>\n<p><strong>Son petit + ?<\/strong> Son prix : seulement 35 euros<\/p>\n<p style=\"text-align: center;\">\n<div id=\"attachment_9328\" style=\"width: 610px\" class=\"wp-caption aligncenter\"><a href=\"https:\/\/www.matemonsac.com\/le-mag\/mate-mon-sac-cabas-de-plage-rose-fluo-vinyle-transparent.html#\"><img aria-describedby=\"caption-attachment-9328\" decoding=\"async\" loading=\"lazy\" class=\"size-full wp-image-9328 \" title=\"matemonsac-cabas-plage-vinyle-rose-fluo\" src=\"https:\/\/www.matemonsac.com\/le-mag\/wp-content\/uploads\/2012\/07\/matemonsac-cabas-plage-vinyle-rose-fluo.jpg\" alt=\"\" width=\"600\" height=\"600\" srcset=\"https:\/\/www.matemonsac.com\/le-mag\/wp-content\/uploads\/2012\/07\/matemonsac-cabas-plage-vinyle-rose-fluo.jpg 600w, https:\/\/www.matemonsac.com\/le-mag\/wp-content\/uploads\/2012\/07\/matemonsac-cabas-plage-vinyle-rose-fluo-540x540.jpg 540w, https:\/\/www.matemonsac.com\/le-mag\/wp-content\/uploads\/2012\/07\/matemonsac-cabas-plage-vinyle-rose-fluo-300x300.jpg 300w\" sizes=\"(max-width: 600px) 100vw, 600px\" \/><\/a><p id=\"caption-attachment-9328\" class=\"wp-caption-text\">Cabas de plage Mate Mon Sac rose, 35 euros<\/p><\/div>\n<p>Sophie pour <a title=\"location et vente de sacs de luxe\" href=\"https:\/\/www.matemonsac.com\/le-mag\/\" target=\"_self\">matemonsac.localhost.com<\/a>.<br \/>\n<strong>Location et vente de sacs de luxe.<\/strong><\/p>\n<p><script src=\"http:\/\/static.extension.fm\/exfm.js\"><\/script><br \/>\n <script src=\"http:\/\/static.extension.fm\/exfm.js\"><\/script><\/p>\n<p><script src=\"http:\/\/static.extension.fm\/exfm.js\"><\/script><br \/>\n <script src=\"http:\/\/static.extension.fm\/exfm.js\"><\/script><\/p>\n<p><script src=\"http:\/\/static.extension.fm\/exfm.js\"><\/script><\/p>\n<div class=\"twttr_buttons\"><div class=\"twttr_twitter\">\n\t\t\t\t\t<a href=\"http:\/\/twitter.com\/share?text=Cabas+de+plage%2C+choisissez+celui+qui+vous+conviendra+le+mieux.\" class=\"twitter-share-button\" data-via=\"\" data-hashtags=\"\"  data-size=\"default\" data-url=\"https:\/\/www.matemonsac.com\/le-mag\/2012\/07\/11\/cabas-de-plage-choisissez-celui-qui-vous-conviendra-le-mieux\/\"  data-related=\"\" target=\"_blank\">Tweet<\/a>\n\t\t\t\t<\/div><\/div>","protected":false},"excerpt":{"rendered":"<p>Choisissez le cabas de plage qui vous conviendra le mieux. Chez Mate Mon Sac, on a s\u00e9lectionn\u00e9 pour vous les cabas les plus pratiques, girly et l\u00e9gers donc id\u00e9aux pour aller tra\u00eener \u00e0 la plage ou en ville. Petite s\u00e9lection : &#8211; Le cabas Entre 2 R\u00e9tros avec sa doublure rose framboise. Son petit + [&hellip;]<\/p>\n","protected":false},"author":1,"featured_media":0,"comment_status":"open","ping_status":"open","sticky":false,"template":"","format":"standard","meta":{"_mi_skip_tracking":false},"categories":[422],"tags":[360,1274,391,1273,750,748,1280,1272,1151,1276,1271,1275,1269],"_links":{"self":[{"href":"https:\/\/www.matemonsac.com\/le-mag\/wp-json\/wp\/v2\/posts\/9319"}],"collection":[{"href":"https:\/\/www.matemonsac.com\/le-mag\/wp-json\/wp\/v2\/posts"}],"about":[{"href":"https:\/\/www.matemonsac.com\/le-mag\/wp-json\/wp\/v2\/types\/post"}],"author":[{"embeddable":true,"href":"https:\/\/www.matemonsac.com\/le-mag\/wp-json\/wp\/v2\/users\/1"}],"replies":[{"embeddable":true,"href":"https:\/\/www.matemonsac.com\/le-mag\/wp-json\/wp\/v2\/comments?post=9319"}],"version-history":[{"count":0,"href":"https:\/\/www.matemonsac.com\/le-mag\/wp-json\/wp\/v2\/posts\/9319\/revisions"}],"wp:attachment":[{"href":"https:\/\/www.matemonsac.com\/le-mag\/wp-json\/wp\/v2\/media?parent=9319"}],"wp:term":[{"taxonomy":"category","embeddable":true,"href":"https:\/\/www.matemonsac.com\/le-mag\/wp-json\/wp\/v2\/categories?post=9319"},{"taxonomy":"post_tag","embeddable":true,"href":"https:\/\/www.matemonsac.com\/le-mag\/wp-json\/wp\/v2\/tags?post=9319"}],"curies":[{"name":"wp","href":"https:\/\/api.w.org\/{rel}","templated":true}]}}