{"id":9243,"date":"2012-08-04T06:46:23","date_gmt":"2012-08-04T05:46:23","guid":{"rendered":"https:\/\/www.matemonsac.com\/le-mag\/?p=9243"},"modified":"2012-08-06T08:27:28","modified_gmt":"2012-08-06T07:27:28","slug":"les-tendances-modes-maroquinerie-de-la-saison-prochaine-automne-hiver-20122013","status":"publish","type":"post","link":"https:\/\/www.matemonsac.com\/le-mag\/2012\/08\/04\/les-tendances-modes-maroquinerie-de-la-saison-prochaine-automne-hiver-20122013\/","title":{"rendered":"Les tendances Maroquinerie de la saison Automne-hiver 2012\/2013."},"content":{"rendered":"<p><strong>Les tendances Maroquinerie de la saison automne-hiver 2012\/2013.<\/strong><\/p>\n<p>A la saison prochaine, la vague vintage est toujours \u00e0 l&rsquo;honneur. Pour cela, les cr\u00e9ateurs ont choisi des<strong> cuirs \u00e9pais<\/strong>, gras, et le <strong>veau foulonn\u00e9 <\/strong>remplace l&rsquo;agneau, chez<strong> J\u00e9r\u00f4me Dreyfuss<\/strong> par exemple.<\/p>\n<div id=\"attachment_9255\" style=\"width: 610px\" class=\"wp-caption aligncenter\"><a href=\"https:\/\/www.matemonsac.com\/le-mag\/wp-content\/uploads\/2012\/07\/billy-leopard-violet-jerome-dreyfuss.jpg\"><img aria-describedby=\"caption-attachment-9255\" decoding=\"async\" loading=\"lazy\" class=\"size-full wp-image-9255 \" title=\"billy-leopard-violet-jerome-dreyfuss\" src=\"https:\/\/www.matemonsac.com\/le-mag\/wp-content\/uploads\/2012\/07\/billy-leopard-violet-jerome-dreyfuss.jpg\" alt=\"\" width=\"600\" height=\"900\" srcset=\"https:\/\/www.matemonsac.com\/le-mag\/wp-content\/uploads\/2012\/07\/billy-leopard-violet-jerome-dreyfuss.jpg 600w, https:\/\/www.matemonsac.com\/le-mag\/wp-content\/uploads\/2012\/07\/billy-leopard-violet-jerome-dreyfuss-200x300.jpg 200w\" sizes=\"(max-width: 600px) 100vw, 600px\" \/><\/a><p id=\"caption-attachment-9255\" class=\"wp-caption-text\">sac Billy L\u00e9opard \u00a9J\u00e9r\u00f4me Dreyfuss<\/p><\/div>\n<p>La tendance est donc aux cuirs ayant une bonne tenue mais qui sont aussi souples et doux.<\/p>\n<p>Cette saison est la saison \u00a0\u00bb<strong>animale<\/strong>\u00a0\u00bb avec des imprim\u00e9s <strong>crocodile, l\u00e9zard, autruche <\/strong>ou encore <strong>carung<\/strong>.<\/p>\n<div id=\"attachment_9261\" style=\"width: 560px\" class=\"wp-caption aligncenter\"><a href=\"https:\/\/www.matemonsac.com\/le-mag\/wp-content\/uploads\/2012\/07\/sac-polochon-lancaster-croco1.jpg\"><img aria-describedby=\"caption-attachment-9261\" decoding=\"async\" loading=\"lazy\" class=\"size-full wp-image-9261\" title=\"sac-polochon-lancaster-croco\" src=\"https:\/\/www.matemonsac.com\/le-mag\/wp-content\/uploads\/2012\/07\/sac-polochon-lancaster-croco1.jpg\" alt=\"\" width=\"550\" height=\"550\" srcset=\"https:\/\/www.matemonsac.com\/le-mag\/wp-content\/uploads\/2012\/07\/sac-polochon-lancaster-croco1.jpg 550w, https:\/\/www.matemonsac.com\/le-mag\/wp-content\/uploads\/2012\/07\/sac-polochon-lancaster-croco1-540x540.jpg 540w, https:\/\/www.matemonsac.com\/le-mag\/wp-content\/uploads\/2012\/07\/sac-polochon-lancaster-croco1-300x300.jpg 300w\" sizes=\"(max-width: 550px) 100vw, 550px\" \/><\/a><p id=\"caption-attachment-9261\" class=\"wp-caption-text\">Sac Polochon imprim\u00e9 crocodoile \u00a9Lancaster<\/p><\/div>\n<div id=\"attachment_9257\" style=\"width: 560px\" class=\"wp-caption aligncenter\"><a href=\"https:\/\/www.matemonsac.com\/le-mag\/wp-content\/uploads\/2012\/07\/mulberry-lezard-sac-cartable.jpg\"><img aria-describedby=\"caption-attachment-9257\" decoding=\"async\" loading=\"lazy\" class=\"size-full wp-image-9257\" title=\"mulberry-lezard-sac-cartable\" src=\"https:\/\/www.matemonsac.com\/le-mag\/wp-content\/uploads\/2012\/07\/mulberry-lezard-sac-cartable.jpg\" alt=\"\" width=\"550\" height=\"388\" srcset=\"https:\/\/www.matemonsac.com\/le-mag\/wp-content\/uploads\/2012\/07\/mulberry-lezard-sac-cartable.jpg 550w, https:\/\/www.matemonsac.com\/le-mag\/wp-content\/uploads\/2012\/07\/mulberry-lezard-sac-cartable-300x212.jpg 300w\" sizes=\"(max-width: 550px) 100vw, 550px\" \/><\/a><p id=\"caption-attachment-9257\" class=\"wp-caption-text\">sac L\u00e9zard cartable Alexa \u00a9Mulberry<\/p><\/div>\n<div id=\"attachment_9259\" style=\"width: 610px\" class=\"wp-caption aligncenter\"><a href=\"https:\/\/www.matemonsac.com\/le-mag\/wp-content\/uploads\/2012\/07\/sac-lancel-autruche1.jpg\"><img aria-describedby=\"caption-attachment-9259\" decoding=\"async\" loading=\"lazy\" class=\"size-full wp-image-9259\" title=\"sac-lancel-autruche\" src=\"https:\/\/www.matemonsac.com\/le-mag\/wp-content\/uploads\/2012\/07\/sac-lancel-autruche1.jpg\" alt=\"\" width=\"600\" height=\"600\" srcset=\"https:\/\/www.matemonsac.com\/le-mag\/wp-content\/uploads\/2012\/07\/sac-lancel-autruche1.jpg 600w, https:\/\/www.matemonsac.com\/le-mag\/wp-content\/uploads\/2012\/07\/sac-lancel-autruche1-540x540.jpg 540w, https:\/\/www.matemonsac.com\/le-mag\/wp-content\/uploads\/2012\/07\/sac-lancel-autruche1-300x300.jpg 300w\" sizes=\"(max-width: 600px) 100vw, 600px\" \/><\/a><p id=\"caption-attachment-9259\" class=\"wp-caption-text\">sac autruche Tote \u00a9Lancel<\/p><\/div>\n<div id=\"attachment_9262\" style=\"width: 560px\" class=\"wp-caption aligncenter\"><a href=\"https:\/\/www.matemonsac.com\/le-mag\/wp-content\/uploads\/2012\/07\/sac-must-have-rouge-lamarthe-imprime-lezard.jpg\"><img aria-describedby=\"caption-attachment-9262\" decoding=\"async\" loading=\"lazy\" class=\"size-full wp-image-9262\" title=\"sac-must-have-rouge-lamarthe-imprime-lezard\" src=\"https:\/\/www.matemonsac.com\/le-mag\/wp-content\/uploads\/2012\/07\/sac-must-have-rouge-lamarthe-imprime-lezard.jpg\" alt=\"\" width=\"550\" height=\"697\" srcset=\"https:\/\/www.matemonsac.com\/le-mag\/wp-content\/uploads\/2012\/07\/sac-must-have-rouge-lamarthe-imprime-lezard.jpg 550w, https:\/\/www.matemonsac.com\/le-mag\/wp-content\/uploads\/2012\/07\/sac-must-have-rouge-lamarthe-imprime-lezard-237x300.jpg 237w\" sizes=\"(max-width: 550px) 100vw, 550px\" \/><\/a><p id=\"caption-attachment-9262\" class=\"wp-caption-text\">Sac imprim\u00e9 l\u00e9zard rouge \u00a9Lamarthe<\/p><\/div>\n<p>Les lainages ont \u00e9galement le vent en poupe sur les sacs avec le <strong>tweed<\/strong> favori chez <strong>Chanel<\/strong>, le <strong>jacquard<\/strong>, et les <strong>laines bouclettes<\/strong>.<\/p>\n<div id=\"attachment_9265\" style=\"width: 610px\" class=\"wp-caption aligncenter\"><a href=\"https:\/\/www.matemonsac.com\/le-mag\/yves-saint-laurent-sac-muse-two-a-vendre-en-tweed.html\"><img aria-describedby=\"caption-attachment-9265\" decoding=\"async\" loading=\"lazy\" class=\"size-full wp-image-9265\" title=\"yves-saint-laurent-muse-two-tweed-gris\" src=\"https:\/\/www.matemonsac.com\/le-mag\/wp-content\/uploads\/2012\/07\/yves-saint-laurent-muse-two-tweed-gris.jpg\" alt=\"\" width=\"600\" height=\"581\" srcset=\"https:\/\/www.matemonsac.com\/le-mag\/wp-content\/uploads\/2012\/07\/yves-saint-laurent-muse-two-tweed-gris.jpg 600w, https:\/\/www.matemonsac.com\/le-mag\/wp-content\/uploads\/2012\/07\/yves-saint-laurent-muse-two-tweed-gris-300x291.jpg 300w\" sizes=\"(max-width: 600px) 100vw, 600px\" \/><\/a><p id=\"caption-attachment-9265\" class=\"wp-caption-text\">Sac Yves Saint Laurent Muse en Tweed vendu sur Mate Mon Sac<\/p><\/div>\n<div id=\"attachment_9266\" style=\"width: 464px\" class=\"wp-caption aligncenter\"><a href=\"https:\/\/www.matemonsac.com\/le-mag\/wp-content\/uploads\/2012\/07\/sac-zara-imprime-jacquard.jpg\"><img aria-describedby=\"caption-attachment-9266\" decoding=\"async\" loading=\"lazy\" class=\"size-full wp-image-9266\" title=\"sac-zara-imprime-jacquard\" src=\"https:\/\/www.matemonsac.com\/le-mag\/wp-content\/uploads\/2012\/07\/sac-zara-imprime-jacquard.jpg\" alt=\"\" width=\"454\" height=\"304\" srcset=\"https:\/\/www.matemonsac.com\/le-mag\/wp-content\/uploads\/2012\/07\/sac-zara-imprime-jacquard.jpg 454w, https:\/\/www.matemonsac.com\/le-mag\/wp-content\/uploads\/2012\/07\/sac-zara-imprime-jacquard-300x201.jpg 300w\" sizes=\"(max-width: 454px) 100vw, 454px\" \/><\/a><p id=\"caption-attachment-9266\" class=\"wp-caption-text\">Sac Zara imprim\u00e9 Jacquard<\/p><\/div>\n<p>On aime aussi les mati\u00e8res <strong>velours <\/strong>et<strong> mohair<\/strong>.<\/p>\n<div id=\"attachment_9282\" style=\"width: 601px\" class=\"wp-caption aligncenter\"><a href=\"https:\/\/www.matemonsac.com\/le-mag\/sonia-rykiel-two-pockets-bag-en-velours-noir.html\"><img aria-describedby=\"caption-attachment-9282\" decoding=\"async\" loading=\"lazy\" class=\"size-full wp-image-9282\" title=\"sonia-rykiel-velours-sac-a-dos\" src=\"https:\/\/www.matemonsac.com\/le-mag\/wp-content\/uploads\/2012\/07\/sonia-rykiel-velours-sac-a-dos.jpg\" alt=\"\" width=\"591\" height=\"575\" srcset=\"https:\/\/www.matemonsac.com\/le-mag\/wp-content\/uploads\/2012\/07\/sonia-rykiel-velours-sac-a-dos.jpg 591w, https:\/\/www.matemonsac.com\/le-mag\/wp-content\/uploads\/2012\/07\/sonia-rykiel-velours-sac-a-dos-300x292.jpg 300w\" sizes=\"(max-width: 591px) 100vw, 591px\" \/><\/a><p id=\"caption-attachment-9282\" class=\"wp-caption-text\">Sonia Rykiel sac \u00e0 dos en velours sold\u00e9 sur Mate Mon Sac, 69 euros<\/p><\/div>\n<p>C\u00f4t\u00e9 <strong>taille<\/strong> des sacs, on reste dans le classique, avec des tailles pratiques qui faciliteront la vie des modeuses. N\u00e9anmoins, des petits volumes apparaissent pour plus de f\u00e9minit\u00e9 notamment avec des pochettes.<strong><\/strong><\/p>\n<p>Et c\u00f4t\u00e9 <strong>couleurs<\/strong>, on opte volontiers pour des tons<strong> fauves<\/strong> (gold et cognac),<strong> bleu, lie-de-vin, bordeaux<\/strong> ou<strong> kaki.<\/strong><\/p>\n<div id=\"attachment_9273\" style=\"width: 430px\" class=\"wp-caption aligncenter\"><a href=\"https:\/\/www.matemonsac.com\/le-mag\/wp-content\/uploads\/2012\/07\/sacs-porte-main-peek-a-boo-cognac-cuir-marron-fendi.jpg\"><img aria-describedby=\"caption-attachment-9273\" decoding=\"async\" loading=\"lazy\" class=\"size-full wp-image-9273\" title=\"sacs-porte-main-peek-a-boo-cognac-cuir-marron-fendi\" src=\"https:\/\/www.matemonsac.com\/le-mag\/wp-content\/uploads\/2012\/07\/sacs-porte-main-peek-a-boo-cognac-cuir-marron-fendi.jpg\" alt=\"\" width=\"420\" height=\"420\" srcset=\"https:\/\/www.matemonsac.com\/le-mag\/wp-content\/uploads\/2012\/07\/sacs-porte-main-peek-a-boo-cognac-cuir-marron-fendi.jpg 420w, https:\/\/www.matemonsac.com\/le-mag\/wp-content\/uploads\/2012\/07\/sacs-porte-main-peek-a-boo-cognac-cuir-marron-fendi-300x300.jpg 300w\" sizes=\"(max-width: 420px) 100vw, 420px\" \/><\/a><p id=\"caption-attachment-9273\" class=\"wp-caption-text\">Sac Peek a boo cognac \u00a9Fendi<\/p><\/div>\n<div id=\"attachment_9278\" style=\"width: 548px\" class=\"wp-caption aligncenter\"><a href=\"https:\/\/www.matemonsac.com\/le-mag\/wp-content\/uploads\/2012\/07\/pochette-lowood1.jpg\"><img aria-describedby=\"caption-attachment-9278\" decoding=\"async\" loading=\"lazy\" class=\"size-full wp-image-9278\" title=\"pochette-lowood\" src=\"https:\/\/www.matemonsac.com\/le-mag\/wp-content\/uploads\/2012\/07\/pochette-lowood1.jpg\" alt=\"\" width=\"538\" height=\"458\" srcset=\"https:\/\/www.matemonsac.com\/le-mag\/wp-content\/uploads\/2012\/07\/pochette-lowood1.jpg 538w, https:\/\/www.matemonsac.com\/le-mag\/wp-content\/uploads\/2012\/07\/pochette-lowood1-300x255.jpg 300w\" sizes=\"(max-width: 538px) 100vw, 538px\" \/><\/a><p id=\"caption-attachment-9278\" class=\"wp-caption-text\">Pochette en cuir vachette tress\u00e9e main \u00a9Loxwood<\/p><\/div>\n<div id=\"attachment_9274\" style=\"width: 560px\" class=\"wp-caption aligncenter\"><a href=\"https:\/\/www.matemonsac.com\/le-mag\/wp-content\/uploads\/2012\/07\/sac-paraty-chloe-lie-de-vin.jpg\"><img aria-describedby=\"caption-attachment-9274\" decoding=\"async\" loading=\"lazy\" class=\"size-full wp-image-9274\" title=\"sac-paraty-chloe-lie-de-vin\" src=\"https:\/\/www.matemonsac.com\/le-mag\/wp-content\/uploads\/2012\/07\/sac-paraty-chloe-lie-de-vin.jpg\" alt=\"\" width=\"550\" height=\"475\" srcset=\"https:\/\/www.matemonsac.com\/le-mag\/wp-content\/uploads\/2012\/07\/sac-paraty-chloe-lie-de-vin.jpg 550w, https:\/\/www.matemonsac.com\/le-mag\/wp-content\/uploads\/2012\/07\/sac-paraty-chloe-lie-de-vin-300x259.jpg 300w\" sizes=\"(max-width: 550px) 100vw, 550px\" \/><\/a><p id=\"caption-attachment-9274\" class=\"wp-caption-text\">Sac Paraty en python\/croco Lie de vin \u00a9Chlo\u00e9<\/p><\/div>\n<div id=\"attachment_9275\" style=\"width: 610px\" class=\"wp-caption aligncenter\"><a href=\"https:\/\/www.matemonsac.com\/le-mag\/entre-2-retros-besace-yesterday-en-toile-kaki-et-framboise-pour-femme.html\"><img aria-describedby=\"caption-attachment-9275\" decoding=\"async\" loading=\"lazy\" class=\"size-full wp-image-9275\" title=\"entre-deux-roues-sac-yesterday-framboise\" src=\"https:\/\/www.matemonsac.com\/le-mag\/wp-content\/uploads\/2012\/07\/entre-deux-roues-sac-yesterday-framboise.jpg\" alt=\"\" width=\"600\" height=\"511\" srcset=\"https:\/\/www.matemonsac.com\/le-mag\/wp-content\/uploads\/2012\/07\/entre-deux-roues-sac-yesterday-framboise.jpg 600w, https:\/\/www.matemonsac.com\/le-mag\/wp-content\/uploads\/2012\/07\/entre-deux-roues-sac-yesterday-framboise-300x256.jpg 300w\" sizes=\"(max-width: 600px) 100vw, 600px\" \/><\/a><p id=\"caption-attachment-9275\" class=\"wp-caption-text\">cartable Yesterday Kaki et framboise Entre 2 R\u00e9tros vendu sur matemonsac<\/p><\/div>\n<p>Maud pour <a title=\"vente de sacs de luxe vintage\" href=\"https:\/\/www.matemonsac.com\/le-mag\/\">matemonsac.localhost.com.<\/a><br \/>\n<strong>Vente de sacs de luxe.<\/strong><\/p>\n<div class=\"twttr_buttons\"><div class=\"twttr_twitter\">\n\t\t\t\t\t<a href=\"http:\/\/twitter.com\/share?text=Les+tendances+Maroquinerie+de+la+saison+Automne-hiver+2012%2F2013.\" class=\"twitter-share-button\" data-via=\"\" data-hashtags=\"\"  data-size=\"default\" data-url=\"https:\/\/www.matemonsac.com\/le-mag\/2012\/08\/04\/les-tendances-modes-maroquinerie-de-la-saison-prochaine-automne-hiver-20122013\/\"  data-related=\"\" target=\"_blank\">Tweet<\/a>\n\t\t\t\t<\/div><\/div>","protected":false},"excerpt":{"rendered":"<p>Les tendances Maroquinerie de la saison automne-hiver 2012\/2013. A la saison prochaine, la vague vintage est toujours \u00e0 l&rsquo;honneur. Pour cela, les cr\u00e9ateurs ont choisi des cuirs \u00e9pais, gras, et le veau foulonn\u00e9 remplace l&rsquo;agneau, chez J\u00e9r\u00f4me Dreyfuss par exemple. La tendance est donc aux cuirs ayant une bonne tenue mais qui sont aussi souples [&hellip;]<\/p>\n","protected":false},"author":1,"featured_media":0,"comment_status":"open","ping_status":"open","sticky":false,"template":"","format":"standard","meta":{"_mi_skip_tracking":false},"categories":[430,40],"tags":[634,1258,1251,1262,502,7,984,1256,15,748,34,319,59,1254,1255,55,1261,303,97,540,1259,1252,1250,1257,1222,1253,150,1260],"_links":{"self":[{"href":"https:\/\/www.matemonsac.com\/le-mag\/wp-json\/wp\/v2\/posts\/9243"}],"collection":[{"href":"https:\/\/www.matemonsac.com\/le-mag\/wp-json\/wp\/v2\/posts"}],"about":[{"href":"https:\/\/www.matemonsac.com\/le-mag\/wp-json\/wp\/v2\/types\/post"}],"author":[{"embeddable":true,"href":"https:\/\/www.matemonsac.com\/le-mag\/wp-json\/wp\/v2\/users\/1"}],"replies":[{"embeddable":true,"href":"https:\/\/www.matemonsac.com\/le-mag\/wp-json\/wp\/v2\/comments?post=9243"}],"version-history":[{"count":0,"href":"https:\/\/www.matemonsac.com\/le-mag\/wp-json\/wp\/v2\/posts\/9243\/revisions"}],"wp:attachment":[{"href":"https:\/\/www.matemonsac.com\/le-mag\/wp-json\/wp\/v2\/media?parent=9243"}],"wp:term":[{"taxonomy":"category","embeddable":true,"href":"https:\/\/www.matemonsac.com\/le-mag\/wp-json\/wp\/v2\/categories?post=9243"},{"taxonomy":"post_tag","embeddable":true,"href":"https:\/\/www.matemonsac.com\/le-mag\/wp-json\/wp\/v2\/tags?post=9243"}],"curies":[{"name":"wp","href":"https:\/\/api.w.org\/{rel}","templated":true}]}}