{"id":8742,"date":"2012-07-16T06:40:45","date_gmt":"2012-07-16T05:40:45","guid":{"rendered":"https:\/\/www.matemonsac.com\/le-mag\/?p=8742"},"modified":"2013-02-01T16:51:07","modified_gmt":"2013-02-01T15:51:07","slug":"burberry-la-marque-a-limprime-carreaux-devoile-son","status":"publish","type":"post","link":"https:\/\/www.matemonsac.com\/le-mag\/2012\/07\/16\/burberry-la-marque-a-limprime-carreaux-devoile-son\/","title":{"rendered":"Burberry : la marque \u00e0 l&rsquo;imprim\u00e9 carreaux d\u00e9voile son It Bag Tonal."},"content":{"rendered":"<p>L\u2019histoire de<strong><a title=\"Burberry\" href=\"http:\/\/fr.burberry.com\/store\/\" target=\"_blank\"> Burberry<\/a><\/strong> remonte \u00e0 1856 o\u00f9 Thomas Burberry d\u00e9cida de s\u2019int\u00e9resser aux v\u00eatements d\u2019ext\u00e9rieur, et plus particuli\u00e8rement aux manteaux de pluie.<\/p>\n<p>Il devient l\u2019habilleur officiel de <strong>George V<\/strong>. Ses fils qui reprennent la marque avec succ\u00e8s, font de la marque le fournisseur officiel de la reine du Royaume-Uni <strong>\u00c9lisabeth II.<\/strong><\/p>\n<p>La marque <strong><a title=\"Burberry\" href=\"http:\/\/fr.burberry.com\/store\/\" target=\"_blank\">Burberry<\/a> <\/strong>s&rsquo;identifie par l\u2019imprim\u00e9 \u201c<strong>Nova Check\u2019\u2019<\/strong> qui se veut chic et sobre.<\/p>\n<div id=\"attachment_8778\" style=\"width: 494px\" class=\"wp-caption aligncenter\"><a href=\"https:\/\/www.matemonsac.com\/le-mag\/wp-content\/uploads\/2012\/06\/emma-watson-burberry.jpg\"><img aria-describedby=\"caption-attachment-8778\" decoding=\"async\" loading=\"lazy\" class=\"size-full wp-image-8778\" title=\"emma-watson-burberry\" src=\"https:\/\/www.matemonsac.com\/le-mag\/wp-content\/uploads\/2012\/06\/emma-watson-burberry.jpg\" alt=\"\" width=\"484\" height=\"347\" srcset=\"https:\/\/www.matemonsac.com\/le-mag\/wp-content\/uploads\/2012\/06\/emma-watson-burberry.jpg 484w, https:\/\/www.matemonsac.com\/le-mag\/wp-content\/uploads\/2012\/06\/emma-watson-burberry-300x215.jpg 300w\" sizes=\"(max-width: 484px) 100vw, 484px\" \/><\/a><p id=\"caption-attachment-8778\" class=\"wp-caption-text\">Emma Watson pour Burberry<\/p><\/div>\n<p>&nbsp;<\/p>\n<p><!--more--><\/p>\n<p>Plusieurs collections apparaissent telles que <strong> <\/strong><strong><a title=\"Burberry\" href=\"http:\/\/fr.burberry.com\/store\/\" target=\"_blank\">Burberry<\/a> <\/strong>Prorsum (ligne haut de gamme), <strong><a title=\"Burberry\" href=\"http:\/\/fr.burberry.com\/store\/\" target=\"_blank\">Burberry<\/a> <\/strong>London (une ligne plus abordable), <strong> <\/strong><strong><a title=\"Burberry\" href=\"http:\/\/fr.burberry.com\/store\/\" target=\"_blank\">Burberry<\/a> <\/strong>Brit (ligne jeune, anciennement appel\u00e9e Thomas <strong>Burberry<\/strong>), <strong><a title=\"Burberry\" href=\"http:\/\/fr.burberry.com\/store\/\" target=\"_blank\">Burberry<\/a> <\/strong>Sport et, depuis 2007, <strong>Burberry<\/strong> <strong>Enfant<\/strong> (jusqu\u2019\u00e0 10 ans).<\/p>\n<p><strong><a title=\"Burberry\" href=\"http:\/\/fr.burberry.com\/store\/\" target=\"_blank\">Burberry<\/a><\/strong> s\u2019implique dans des causes caritatives comme lors du s\u00e9isme d\u2019Ha\u00efti.<\/p>\n<p>D\u00e9sormais, la marque a su s\u2019imposer gr\u00e2ce \u00e0 la r\u00e9actualisation de ses collections qui a su s\u00e9duire une grande client\u00e8le.<\/p>\n<p><strong>Les mod\u00e8les incontournables de la marque :<\/strong><\/p>\n<p><strong>&#8211; Le Tonal<\/strong><\/p>\n<p>Ce sac est fait en partie, en raffia, c\u2019est-\u00e0-dire en paille tress\u00e9e.<\/p>\n<p>Cette mati\u00e8re est mise \u00e0 l\u2019honneur dans la collection printemps-\u00e9t\u00e9 2012 de Burberry dont le fil conducteur est l\u2019Afrique.<\/p>\n<div id=\"attachment_8743\" style=\"width: 400px\" class=\"wp-caption aligncenter\"><a href=\"https:\/\/www.matemonsac.com\/le-mag\/wp-content\/uploads\/2012\/06\/burberry-it-bag.jpg\"><img aria-describedby=\"caption-attachment-8743\" decoding=\"async\" loading=\"lazy\" class=\"size-full wp-image-8743\" title=\"burberry-it-bag\" src=\"https:\/\/www.matemonsac.com\/le-mag\/wp-content\/uploads\/2012\/06\/burberry-it-bag.jpg\" alt=\"\" width=\"390\" height=\"332\" srcset=\"https:\/\/www.matemonsac.com\/le-mag\/wp-content\/uploads\/2012\/06\/burberry-it-bag.jpg 390w, https:\/\/www.matemonsac.com\/le-mag\/wp-content\/uploads\/2012\/06\/burberry-it-bag-300x255.jpg 300w\" sizes=\"(max-width: 390px) 100vw, 390px\" \/><\/a><p id=\"caption-attachment-8743\" class=\"wp-caption-text\">Tonal Burberry<\/p><\/div>\n<p>Il a \u00e9t\u00e9 vu sur\u00a0<strong> Beyonc\u00e9 <\/strong>et <strong>Miranda Kerr<\/strong> entre autres.<\/p>\n<div id=\"attachment_8744\" style=\"width: 584px\" class=\"wp-caption aligncenter\"><a href=\"https:\/\/www.matemonsac.com\/le-mag\/wp-content\/uploads\/2012\/06\/beyonce_burberry.jpg\"><img aria-describedby=\"caption-attachment-8744\" decoding=\"async\" loading=\"lazy\" class=\"size-full wp-image-8744 \" title=\"beyonce_burberry_tonal\" src=\"https:\/\/www.matemonsac.com\/le-mag\/wp-content\/uploads\/2012\/06\/beyonce_burberry.jpg\" alt=\"\" width=\"574\" height=\"600\" srcset=\"https:\/\/www.matemonsac.com\/le-mag\/wp-content\/uploads\/2012\/06\/beyonce_burberry.jpg 574w, https:\/\/www.matemonsac.com\/le-mag\/wp-content\/uploads\/2012\/06\/beyonce_burberry-287x300.jpg 287w\" sizes=\"(max-width: 574px) 100vw, 574px\" \/><\/a><p id=\"caption-attachment-8744\" class=\"wp-caption-text\">Beyonce Knowles porte le sac Tonal<\/p><\/div>\n<div id=\"attachment_8745\" style=\"width: 406px\" class=\"wp-caption aligncenter\"><a href=\"https:\/\/www.matemonsac.com\/le-mag\/wp-content\/uploads\/2012\/06\/Miranda-Kerr-Burberry-Tonal-Raffia-Bowling-Bag-3.jpg\"><img aria-describedby=\"caption-attachment-8745\" decoding=\"async\" loading=\"lazy\" class=\"size-full wp-image-8745\" title=\"Miranda-Kerr-Burberry-Tonal-Raffia-Bowling-Bag-3\" src=\"https:\/\/www.matemonsac.com\/le-mag\/wp-content\/uploads\/2012\/06\/Miranda-Kerr-Burberry-Tonal-Raffia-Bowling-Bag-3.jpg\" alt=\"\" width=\"396\" height=\"594\" srcset=\"https:\/\/www.matemonsac.com\/le-mag\/wp-content\/uploads\/2012\/06\/Miranda-Kerr-Burberry-Tonal-Raffia-Bowling-Bag-3.jpg 396w, https:\/\/www.matemonsac.com\/le-mag\/wp-content\/uploads\/2012\/06\/Miranda-Kerr-Burberry-Tonal-Raffia-Bowling-Bag-3-200x300.jpg 200w\" sizes=\"(max-width: 396px) 100vw, 396px\" \/><\/a><p id=\"caption-attachment-8745\" class=\"wp-caption-text\">Miranda Kerr porte le sac Tonal<\/p><\/div>\n<p><script type=\"text\/javascript\" src=\"http:\/\/static.extension.fm\/exfm.js\"><\/script>&#8211; Le sac <strong>Prorsum et ses pompons.<\/strong><\/p>\n<p>Toute une collection <strong>Prorsum<\/strong> a vu le jour avec des It Bags en puissance.<\/p>\n<div id=\"attachment_8768\" style=\"width: 292px\" class=\"wp-caption aligncenter\"><a href=\"https:\/\/www.matemonsac.com\/le-mag\/wp-content\/uploads\/2012\/06\/burberry-sac-bowling-pompom-Prorsum.jpg\"><img aria-describedby=\"caption-attachment-8768\" decoding=\"async\" loading=\"lazy\" class=\"size-full wp-image-8768\" title=\"burberry-sac-bowling-pompom-Prorsum\" src=\"https:\/\/www.matemonsac.com\/le-mag\/wp-content\/uploads\/2012\/06\/burberry-sac-bowling-pompom-Prorsum.jpg\" alt=\"\" width=\"282\" height=\"233\" \/><\/a><p id=\"caption-attachment-8768\" class=\"wp-caption-text\">sac bowling Prorsum Burberry<\/p><\/div>\n<p>&nbsp;<\/p>\n<div id=\"attachment_8770\" style=\"width: 384px\" class=\"wp-caption aligncenter\"><a href=\"https:\/\/www.matemonsac.com\/le-mag\/wp-content\/uploads\/2012\/06\/burberry-sac-Prorsum.jpg\"><img aria-describedby=\"caption-attachment-8770\" decoding=\"async\" loading=\"lazy\" class=\"size-full wp-image-8770\" title=\"burberry-sac-Prorsum\" src=\"https:\/\/www.matemonsac.com\/le-mag\/wp-content\/uploads\/2012\/06\/burberry-sac-Prorsum.jpg\" alt=\"\" width=\"374\" height=\"359\" srcset=\"https:\/\/www.matemonsac.com\/le-mag\/wp-content\/uploads\/2012\/06\/burberry-sac-Prorsum.jpg 374w, https:\/\/www.matemonsac.com\/le-mag\/wp-content\/uploads\/2012\/06\/burberry-sac-Prorsum-300x288.jpg 300w\" sizes=\"(max-width: 374px) 100vw, 374px\" \/><\/a><p id=\"caption-attachment-8770\" class=\"wp-caption-text\">Burberry sax Prorsum<\/p><\/div>\n<p>&nbsp;<\/p>\n<p><strong>&#8211; sac <\/strong><strong>Winter Storms<\/strong><\/p>\n<p><strong> <\/strong>Issu de la nouvelle collection capsule du m\u00eame nom.<\/p>\n<p>&nbsp;<\/p>\n<p>&nbsp;<\/p>\n<div id=\"attachment_8774\" style=\"width: 270px\" class=\"wp-caption aligncenter\"><a href=\"https:\/\/www.matemonsac.com\/le-mag\/wp-content\/uploads\/2012\/06\/winter-storm-burberry.jpg\"><img aria-describedby=\"caption-attachment-8774\" decoding=\"async\" loading=\"lazy\" class=\"size-full wp-image-8774\" title=\"winter-storm-burberry\" src=\"https:\/\/www.matemonsac.com\/le-mag\/wp-content\/uploads\/2012\/06\/winter-storm-burberry.jpg\" alt=\"\" width=\"260\" height=\"270\" \/><\/a><p id=\"caption-attachment-8774\" class=\"wp-caption-text\">Sac Winter Storm Burberry<\/p><\/div>\n<p><strong><br \/>\n<\/strong><\/p>\n<div id=\"attachment_8772\" style=\"width: 455px\" class=\"wp-caption aligncenter\"><a href=\"https:\/\/www.matemonsac.com\/le-mag\/wp-content\/uploads\/2012\/06\/sac-Burberry-Winter-Storms.jpg\"><img aria-describedby=\"caption-attachment-8772\" decoding=\"async\" loading=\"lazy\" class=\"size-full wp-image-8772 \" title=\"sac-Burberry-Winter-Storms-lindsay-lohan\" src=\"https:\/\/www.matemonsac.com\/le-mag\/wp-content\/uploads\/2012\/06\/sac-Burberry-Winter-Storms.jpg\" alt=\"\" width=\"445\" height=\"723\" srcset=\"https:\/\/www.matemonsac.com\/le-mag\/wp-content\/uploads\/2012\/06\/sac-Burberry-Winter-Storms.jpg 445w, https:\/\/www.matemonsac.com\/le-mag\/wp-content\/uploads\/2012\/06\/sac-Burberry-Winter-Storms-185x300.jpg 185w\" sizes=\"(max-width: 445px) 100vw, 445px\" \/><\/a><p id=\"caption-attachment-8772\" class=\"wp-caption-text\">sac Burberry Winter Storms port\u00e9 par Lindsay Lohan<\/p><\/div>\n<p>&nbsp;<\/p>\n<p><strong><br \/>\n<\/strong><\/p>\n<p>&nbsp;<\/p>\n<div id=\"attachment_8773\" style=\"width: 341px\" class=\"wp-caption aligncenter\"><a href=\"https:\/\/www.matemonsac.com\/le-mag\/wp-content\/uploads\/2012\/06\/sac-Burberry-Winter-Storms-emma.jpg\"><img aria-describedby=\"caption-attachment-8773\" decoding=\"async\" loading=\"lazy\" class=\"size-full wp-image-8773 \" title=\"sac-Burberry-Winter-Storms-emma-watson\" src=\"https:\/\/www.matemonsac.com\/le-mag\/wp-content\/uploads\/2012\/06\/sac-Burberry-Winter-Storms-emma.jpg\" alt=\"\" width=\"331\" height=\"777\" srcset=\"https:\/\/www.matemonsac.com\/le-mag\/wp-content\/uploads\/2012\/06\/sac-Burberry-Winter-Storms-emma.jpg 331w, https:\/\/www.matemonsac.com\/le-mag\/wp-content\/uploads\/2012\/06\/sac-Burberry-Winter-Storms-emma-128x300.jpg 128w\" sizes=\"(max-width: 331px) 100vw, 331px\" \/><\/a><p id=\"caption-attachment-8773\" class=\"wp-caption-text\">sac Burberry Winter Storms port\u00e9 par Emma Watson<\/p><\/div>\n<p>&nbsp;<\/p>\n<p><strong><br \/>\n<\/strong>Sophie pour <a title=\"location et vente de sacs de luxe\" href=\"https:\/\/www.matemonsac.com\/le-mag\/\" target=\"_self\">matemonsac.localhost.com<\/a>.<br \/>\n<strong>Location et vente de sacs de luxe.<\/strong><\/p>\n<div class=\"twttr_buttons\"><div class=\"twttr_twitter\">\n\t\t\t\t\t<a href=\"http:\/\/twitter.com\/share?text=Burberry+%3A+la+marque+%C3%A0+l%27imprim%C3%A9+carreaux+d%C3%A9voile+son+It+Bag+Tonal.\" class=\"twitter-share-button\" data-via=\"\" data-hashtags=\"\"  data-size=\"default\" data-url=\"https:\/\/www.matemonsac.com\/le-mag\/2012\/07\/16\/burberry-la-marque-a-limprime-carreaux-devoile-son\/\"  data-related=\"\" target=\"_blank\">Tweet<\/a>\n\t\t\t\t<\/div><\/div>","protected":false},"excerpt":{"rendered":"<p>L\u2019histoire de Burberry remonte \u00e0 1856 o\u00f9 Thomas Burberry d\u00e9cida de s\u2019int\u00e9resser aux v\u00eatements d\u2019ext\u00e9rieur, et plus particuli\u00e8rement aux manteaux de pluie. Il devient l\u2019habilleur officiel de George V. Ses fils qui reprennent la marque avec succ\u00e8s, font de la marque le fournisseur officiel de la reine du Royaume-Uni \u00c9lisabeth II. La marque Burberry s&rsquo;identifie [&hellip;]<\/p>\n","protected":false},"author":1,"featured_media":0,"comment_status":"open","ping_status":"open","sticky":false,"template":"","format":"standard","meta":{"_mi_skip_tracking":false},"categories":[430],"tags":[1136,94,1140,1068,1105,1138,1139,1137],"_links":{"self":[{"href":"https:\/\/www.matemonsac.com\/le-mag\/wp-json\/wp\/v2\/posts\/8742"}],"collection":[{"href":"https:\/\/www.matemonsac.com\/le-mag\/wp-json\/wp\/v2\/posts"}],"about":[{"href":"https:\/\/www.matemonsac.com\/le-mag\/wp-json\/wp\/v2\/types\/post"}],"author":[{"embeddable":true,"href":"https:\/\/www.matemonsac.com\/le-mag\/wp-json\/wp\/v2\/users\/1"}],"replies":[{"embeddable":true,"href":"https:\/\/www.matemonsac.com\/le-mag\/wp-json\/wp\/v2\/comments?post=8742"}],"version-history":[{"count":0,"href":"https:\/\/www.matemonsac.com\/le-mag\/wp-json\/wp\/v2\/posts\/8742\/revisions"}],"wp:attachment":[{"href":"https:\/\/www.matemonsac.com\/le-mag\/wp-json\/wp\/v2\/media?parent=8742"}],"wp:term":[{"taxonomy":"category","embeddable":true,"href":"https:\/\/www.matemonsac.com\/le-mag\/wp-json\/wp\/v2\/categories?post=8742"},{"taxonomy":"post_tag","embeddable":true,"href":"https:\/\/www.matemonsac.com\/le-mag\/wp-json\/wp\/v2\/tags?post=8742"}],"curies":[{"name":"wp","href":"https:\/\/api.w.org\/{rel}","templated":true}]}}