{"id":8587,"date":"2012-07-25T06:35:14","date_gmt":"2012-07-25T05:35:14","guid":{"rendered":"https:\/\/www.matemonsac.com\/le-mag\/?p=8587"},"modified":"2012-07-25T16:14:19","modified_gmt":"2012-07-25T15:14:19","slug":"miu-miu-et-ses-sacs-a-main-de-luxe","status":"publish","type":"post","link":"https:\/\/www.matemonsac.com\/le-mag\/2012\/07\/25\/miu-miu-et-ses-sacs-a-main-de-luxe\/","title":{"rendered":"Miu miu et ses sacs \u00e0 main de luxe !"},"content":{"rendered":"<p><!--  \/* Font Definitions *\/ @font-face \t{font-family:Times; \tpanose-1:2 0 5 0 0 0 0 0 0 0; \tmso-font-charset:0; \tmso-generic-font-family:auto; \tmso-font-pitch:variable; \tmso-font-signature:3 0 0 0 1 0;} @font-face \t{font-family:\"\uff2d\uff33 \u660e\u671d\"; \tpanose-1:0 0 0 0 0 0 0 0 0 0; \tmso-font-charset:128; \tmso-generic-font-family:roman; \tmso-font-format:other; \tmso-font-pitch:fixed; \tmso-font-signature:1 134676480 16 0 131072 0;} @font-face \t{font-family:\"\uff2d\uff33 \u660e\u671d\"; \tpanose-1:0 0 0 0 0 0 0 0 0 0; \tmso-font-charset:128; \tmso-generic-font-family:roman; \tmso-font-format:other; \tmso-font-pitch:fixed; \tmso-font-signature:1 134676480 16 0 131072 0;} @font-face \t{font-family:Cambria; \tpanose-1:2 4 5 3 5 4 6 3 2 4; \tmso-font-charset:0; \tmso-generic-font-family:auto; \tmso-font-pitch:variable; \tmso-font-signature:3 0 0 0 1 0;}  \/* Style Definitions *\/ p.MsoNormal, li.MsoNormal, div.MsoNormal \t{mso-style-unhide:no; \tmso-style-qformat:yes; \tmso-style-parent:\"\"; \tmargin:0cm; \tmargin-bottom:.0001pt; \tmso-pagination:widow-orphan; \tfont-size:12.0pt; \tfont-family:Cambria; \tmso-ascii-font-family:Cambria; \tmso-ascii-theme-font:minor-latin; \tmso-fareast-font-family:\"\uff2d\uff33 \u660e\u671d\"; \tmso-fareast-theme-font:minor-fareast; \tmso-hansi-font-family:Cambria; \tmso-hansi-theme-font:minor-latin; \tmso-bidi-font-family:\"Times New Roman\"; \tmso-bidi-theme-font:minor-bidi; \tmso-ansi-language:FR;} p \t{mso-style-priority:99; \tmso-margin-top-alt:auto; \tmargin-right:0cm; \tmso-margin-bottom-alt:auto; \tmargin-left:0cm; \tmso-pagination:widow-orphan; \tfont-size:10.0pt; \tfont-family:Times; \tmso-fareast-font-family:\"\uff2d\uff33 \u660e\u671d\"; \tmso-fareast-theme-font:minor-fareast; \tmso-bidi-font-family:\"Times New Roman\";} .MsoChpDefault \t{mso-style-type:export-only; \tmso-default-props:yes; \tfont-family:Cambria; \tmso-ascii-font-family:Cambria; \tmso-ascii-theme-font:minor-latin; \tmso-fareast-font-family:\"\uff2d\uff33 \u660e\u671d\"; \tmso-fareast-theme-font:minor-fareast; \tmso-hansi-font-family:Cambria; \tmso-hansi-theme-font:minor-latin; \tmso-bidi-font-family:\"Times New Roman\"; \tmso-bidi-theme-font:minor-bidi; \tmso-ansi-language:FR;} @page WordSection1 \t{size:612.0pt 792.0pt; \tmargin:72.0pt 90.0pt 72.0pt 90.0pt; \tmso-header-margin:36.0pt; \tmso-footer-margin:36.0pt; \tmso-paper-source:0;} div.WordSection1 \t{page:WordSection1;} --><\/p>\n<p style=\"text-align: justify;\">La fabuleuse marque<strong> <a title=\"Miu Miu\" href=\"http:\/\/www.miumiu.com\/en?cc=FR\" target=\"_blank\">Miu Miu<\/a><\/strong> est une filiale de la maison <strong>Prada <\/strong>cr\u00e9\u00e9e en 1993. <strong>Miuccia Prada <\/strong>est \u00e0 la t\u00eate de la Maison de couture et c\u2019est son pr\u00e9nom qui a influenc\u00e9 le nom de Miu Miu.<\/p>\n<p>Le style de cette marque se veut color\u00e9, tr\u00e8s f\u00e9minin et rebelle. Son style pla\u00eet imm\u00e9diatement et la marque appara\u00eet dans les plus grands magazines f\u00e9minins comme <strong>Vogue<\/strong> et <strong>Elle<\/strong>.<\/p>\n<p>Vanessa Paradis puis <strong>Katie Holmes s<\/strong>ont les \u00e9g\u00e9ries de<a title=\"Miu Miu\" href=\"http:\/\/www.miumiu.com\/en?cc=FR\" target=\"_blank\"><strong> Miu Miu<\/strong><\/a>.<\/p>\n<p><strong>Kirsten Dunst, Maggie Gyllenhaal, Lindsay Lohan, Audrey Marney, Sophie Srej et Kim Bassinger <\/strong>ont \u00e9galement collabor\u00e9 avec Miu Miu. Un casting prestigieux !<\/p>\n<div id=\"attachment_8588\" style=\"width: 640px\" class=\"wp-caption aligncenter\"><a href=\"https:\/\/www.matemonsac.com\/le-mag\/wp-content\/uploads\/2012\/06\/84367-1670.jpg\"><img aria-describedby=\"caption-attachment-8588\" decoding=\"async\" loading=\"lazy\" class=\"size-full wp-image-8588 \" title=\"campagne-miu-miu-kristen-dunst\" src=\"https:\/\/www.matemonsac.com\/le-mag\/wp-content\/uploads\/2012\/06\/84367-1670.jpg\" alt=\"\" width=\"630\" height=\"422\" srcset=\"https:\/\/www.matemonsac.com\/le-mag\/wp-content\/uploads\/2012\/06\/84367-1670.jpg 630w, https:\/\/www.matemonsac.com\/le-mag\/wp-content\/uploads\/2012\/06\/84367-1670-300x201.jpg 300w\" sizes=\"(max-width: 630px) 100vw, 630px\" \/><\/a><p id=\"caption-attachment-8588\" class=\"wp-caption-text\">Kirsten Dunst pour Miu Miu<\/p><\/div>\n<p>Quels sont les <a title=\"it bags\" href=\"https:\/\/www.matemonsac.com\/le-mag\/2011\/09\/22\/automne-hiver-20112012-quels-vont-etre-les-it-bags-de-la-saison\/\" target=\"_self\"><strong>It Bags <\/strong><\/a>de la marque ?<\/p>\n<p><strong>&#8211; Le Faille Cloquet<\/strong><\/p>\n<p>On adore ses couleurs flashy, il est tout simplement craquant !<\/p>\n<div id=\"attachment_8589\" style=\"width: 396px\" class=\"wp-caption aligncenter\"><a href=\"https:\/\/www.matemonsac.com\/le-mag\/wp-content\/uploads\/2012\/06\/Capture-d\u2019\u00e9cran-2012-06-18-\u00e0-13.49.44.png\"><img aria-describedby=\"caption-attachment-8589\" decoding=\"async\" loading=\"lazy\" class=\"size-full wp-image-8589 \" title=\"sac-miu-miu-rose\" src=\"https:\/\/www.matemonsac.com\/le-mag\/wp-content\/uploads\/2012\/06\/Capture-d\u2019\u00e9cran-2012-06-18-\u00e0-13.49.44.png\" alt=\"\" width=\"386\" height=\"339\" srcset=\"https:\/\/www.matemonsac.com\/le-mag\/wp-content\/uploads\/2012\/06\/Capture-d\u2019\u00e9cran-2012-06-18-\u00e0-13.49.44.png 386w, https:\/\/www.matemonsac.com\/le-mag\/wp-content\/uploads\/2012\/06\/Capture-d\u2019\u00e9cran-2012-06-18-\u00e0-13.49.44-300x263.png 300w\" sizes=\"(max-width: 386px) 100vw, 386px\" \/><\/a><p id=\"caption-attachment-8589\" class=\"wp-caption-text\">sac Miu Miu<\/p><\/div>\n<dl id=\"attachment_8589\" class=\"wp-caption aligncenter\" style=\"width: 396px;\">\n<dd class=\"wp-caption-dd\">Top Handle Faille Cloquet Miu Miu<\/dd>\n<\/dl>\n<p><strong>&#8211; Le Madras<\/strong><\/p>\n<div id=\"attachment_8590\" style=\"width: 376px\" class=\"wp-caption aligncenter\"><a href=\"https:\/\/www.matemonsac.com\/le-mag\/wp-content\/uploads\/2012\/06\/Capture-d\u2019\u00e9cran-2012-06-18-\u00e0-13.52.11.png\"><img aria-describedby=\"caption-attachment-8590\" decoding=\"async\" loading=\"lazy\" class=\"size-full wp-image-8590 \" title=\"sac-madras-miu-miu\" src=\"https:\/\/www.matemonsac.com\/le-mag\/wp-content\/uploads\/2012\/06\/Capture-d\u2019\u00e9cran-2012-06-18-\u00e0-13.52.11.png\" alt=\"\" width=\"366\" height=\"406\" srcset=\"https:\/\/www.matemonsac.com\/le-mag\/wp-content\/uploads\/2012\/06\/Capture-d\u2019\u00e9cran-2012-06-18-\u00e0-13.52.11.png 366w, https:\/\/www.matemonsac.com\/le-mag\/wp-content\/uploads\/2012\/06\/Capture-d\u2019\u00e9cran-2012-06-18-\u00e0-13.52.11-270x300.png 270w\" sizes=\"(max-width: 366px) 100vw, 366px\" \/><\/a><p id=\"caption-attachment-8590\" class=\"wp-caption-text\">Madras Miu Miu, 940 euros<\/p><\/div>\n<p><strong>&#8211; Le Frame Bag<\/strong><\/p>\n<div id=\"attachment_8592\" style=\"width: 284px\" class=\"wp-caption aligncenter\"><a href=\"https:\/\/www.matemonsac.com\/le-mag\/wp-content\/uploads\/2012\/06\/frame-bag-ok2.jpg\"><img aria-describedby=\"caption-attachment-8592\" decoding=\"async\" loading=\"lazy\" class=\"size-full wp-image-8592 \" title=\"frame-bag-sac-miu-miu\" src=\"https:\/\/www.matemonsac.com\/le-mag\/wp-content\/uploads\/2012\/06\/frame-bag-ok2.jpg\" alt=\"\" width=\"274\" height=\"351\" srcset=\"https:\/\/www.matemonsac.com\/le-mag\/wp-content\/uploads\/2012\/06\/frame-bag-ok2.jpg 274w, https:\/\/www.matemonsac.com\/le-mag\/wp-content\/uploads\/2012\/06\/frame-bag-ok2-234x300.jpg 234w\" sizes=\"(max-width: 274px) 100vw, 274px\" \/><\/a><p id=\"caption-attachment-8592\" class=\"wp-caption-text\">Frame Miu Miu<\/p><\/div>\n<p><strong>&#8211; La maxi pochette<\/strong><\/p>\n<p>Une it pochette sold out !<\/p>\n<div id=\"attachment_8593\" style=\"width: 365px\" class=\"wp-caption aligncenter\"><a href=\"https:\/\/www.matemonsac.com\/le-mag\/wp-content\/uploads\/2012\/06\/1319727983bag-miu-miu-e1319729906246.png\"><img aria-describedby=\"caption-attachment-8593\" decoding=\"async\" loading=\"lazy\" class=\"size-full wp-image-8593 \" title=\"maxi-pochette-miu-miu\" src=\"https:\/\/www.matemonsac.com\/le-mag\/wp-content\/uploads\/2012\/06\/1319727983bag-miu-miu-e1319729906246.png\" alt=\"\" width=\"355\" height=\"451\" srcset=\"https:\/\/www.matemonsac.com\/le-mag\/wp-content\/uploads\/2012\/06\/1319727983bag-miu-miu-e1319729906246.png 355w, https:\/\/www.matemonsac.com\/le-mag\/wp-content\/uploads\/2012\/06\/1319727983bag-miu-miu-e1319729906246-236x300.png 236w\" sizes=\"(max-width: 355px) 100vw, 355px\" \/><\/a><p id=\"caption-attachment-8593\" class=\"wp-caption-text\">Maxi Pochette Miu Miu<\/p><\/div>\n<p><strong>&#8211; Le Vitello lux<\/strong><\/p>\n<div id=\"attachment_8594\" style=\"width: 395px\" class=\"wp-caption aligncenter\"><a href=\"https:\/\/www.matemonsac.com\/le-mag\/wp-content\/uploads\/2012\/06\/miu-miu-vitello-lux-satchel-bag.jpg\"><img aria-describedby=\"caption-attachment-8594\" decoding=\"async\" loading=\"lazy\" class=\"size-full wp-image-8594\" title=\"miu-miu-vitello-lux-satchel-sac\" src=\"https:\/\/www.matemonsac.com\/le-mag\/wp-content\/uploads\/2012\/06\/miu-miu-vitello-lux-satchel-bag.jpg\" alt=\"\" width=\"385\" height=\"365\" srcset=\"https:\/\/www.matemonsac.com\/le-mag\/wp-content\/uploads\/2012\/06\/miu-miu-vitello-lux-satchel-bag.jpg 385w, https:\/\/www.matemonsac.com\/le-mag\/wp-content\/uploads\/2012\/06\/miu-miu-vitello-lux-satchel-bag-300x284.jpg 300w\" sizes=\"(max-width: 385px) 100vw, 385px\" \/><\/a><p id=\"caption-attachment-8594\" class=\"wp-caption-text\">Miu-Miu vitello lux sac<\/p><\/div>\n<p><strong>Les stars sont accros \u00e0 la marque : <\/strong><\/p>\n<p><strong>&#8211; M\u00e9lanie Thierry<\/strong><\/p>\n<div id=\"attachment_8591\" style=\"width: 432px\" class=\"wp-caption aligncenter\"><a href=\"https:\/\/www.matemonsac.com\/le-mag\/wp-content\/uploads\/2012\/06\/Capture-d\u2019\u00e9cran-2012-06-18-\u00e0-13.56.44.png\"><img aria-describedby=\"caption-attachment-8591\" decoding=\"async\" loading=\"lazy\" class=\"size-full wp-image-8591 \" title=\"Melanie-Thierry-son-sac-peau-de-p\u00eache-Miu-Miu\" src=\"https:\/\/www.matemonsac.com\/le-mag\/wp-content\/uploads\/2012\/06\/Capture-d\u2019\u00e9cran-2012-06-18-\u00e0-13.56.44.png\" alt=\"\" width=\"422\" height=\"705\" srcset=\"https:\/\/www.matemonsac.com\/le-mag\/wp-content\/uploads\/2012\/06\/Capture-d\u2019\u00e9cran-2012-06-18-\u00e0-13.56.44.png 422w, https:\/\/www.matemonsac.com\/le-mag\/wp-content\/uploads\/2012\/06\/Capture-d\u2019\u00e9cran-2012-06-18-\u00e0-13.56.44-179x300.png 179w\" sizes=\"(max-width: 422px) 100vw, 422px\" \/><\/a><p id=\"caption-attachment-8591\" class=\"wp-caption-text\">M\u00e9lanie Thierry et son sac peau de p\u00eache Miu Miu<\/p><\/div>\n<p><strong>&#8211; Rachel McAdams<\/strong><\/p>\n<div id=\"attachment_8595\" style=\"width: 407px\" class=\"wp-caption aligncenter\"><a href=\"https:\/\/www.matemonsac.com\/le-mag\/wp-content\/uploads\/2012\/06\/Capture-d\u2019\u00e9cran-2012-06-18-\u00e0-14.19.50.png\"><img aria-describedby=\"caption-attachment-8595\" decoding=\"async\" loading=\"lazy\" class=\"size-full wp-image-8595 \" title=\"Miu-Miu-matelass\u00e9-bleu-rachel-mcadams\" src=\"https:\/\/www.matemonsac.com\/le-mag\/wp-content\/uploads\/2012\/06\/Capture-d\u2019\u00e9cran-2012-06-18-\u00e0-14.19.50.png\" alt=\"\" width=\"397\" height=\"843\" srcset=\"https:\/\/www.matemonsac.com\/le-mag\/wp-content\/uploads\/2012\/06\/Capture-d\u2019\u00e9cran-2012-06-18-\u00e0-14.19.50.png 397w, https:\/\/www.matemonsac.com\/le-mag\/wp-content\/uploads\/2012\/06\/Capture-d\u2019\u00e9cran-2012-06-18-\u00e0-14.19.50-141x300.png 141w\" sizes=\"(max-width: 397px) 100vw, 397px\" \/><\/a><p id=\"caption-attachment-8595\" class=\"wp-caption-text\">Miu Miu matelass\u00e9 bleu ciel<\/p><\/div>\n<p><strong>&#8211; Pixie Lott<\/strong><\/p>\n<div id=\"attachment_8596\" style=\"width: 392px\" class=\"wp-caption aligncenter\"><a href=\"https:\/\/www.matemonsac.com\/le-mag\/wp-content\/uploads\/2012\/06\/Capture-d\u2019\u00e9cran-2012-06-18-\u00e0-14.22.06.png\"><img aria-describedby=\"caption-attachment-8596\" decoding=\"async\" loading=\"lazy\" class=\"size-full wp-image-8596 \" title=\"Pixie-Lott-sac-baguette-Miu-Miu\" src=\"https:\/\/www.matemonsac.com\/le-mag\/wp-content\/uploads\/2012\/06\/Capture-d\u2019\u00e9cran-2012-06-18-\u00e0-14.22.06.png\" alt=\"\" width=\"382\" height=\"701\" srcset=\"https:\/\/www.matemonsac.com\/le-mag\/wp-content\/uploads\/2012\/06\/Capture-d\u2019\u00e9cran-2012-06-18-\u00e0-14.22.06.png 382w, https:\/\/www.matemonsac.com\/le-mag\/wp-content\/uploads\/2012\/06\/Capture-d\u2019\u00e9cran-2012-06-18-\u00e0-14.22.06-163x300.png 163w\" sizes=\"(max-width: 382px) 100vw, 382px\" \/><\/a><p id=\"caption-attachment-8596\" class=\"wp-caption-text\">Pixie Lott et son sac baguette Miu Miu<\/p><\/div>\n<p>Sophie pour <a title=\"location et vente de sacs de luxe\" href=\"https:\/\/www.matemonsac.com\/le-mag\/\" target=\"_self\">matemonsac.localhost.com<\/a>.<\/p>\n<p>Location et vente de sacs de luxe.<br \/>\n<script type=\"text\/javascript\" src=\"http:\/\/static.extension.fm\/exfm.js\"><\/script><br \/>\n<script type=\"text\/javascript\" src=\"http:\/\/static.extension.fm\/exfm.js\"><\/script><\/p>\n<div class=\"twttr_buttons\"><div class=\"twttr_twitter\">\n\t\t\t\t\t<a href=\"http:\/\/twitter.com\/share?text=Miu+miu+et+ses+sacs+%C3%A0+main+de+luxe+%21\" class=\"twitter-share-button\" data-via=\"\" data-hashtags=\"\"  data-size=\"default\" data-url=\"https:\/\/www.matemonsac.com\/le-mag\/2012\/07\/25\/miu-miu-et-ses-sacs-a-main-de-luxe\/\"  data-related=\"\" target=\"_blank\">Tweet<\/a>\n\t\t\t\t<\/div><\/div>","protected":false},"excerpt":{"rendered":"<p>La fabuleuse marque Miu Miu est une filiale de la maison Prada cr\u00e9\u00e9e en 1993. Miuccia Prada est \u00e0 la t\u00eate de la Maison de couture et c\u2019est son pr\u00e9nom qui a influenc\u00e9 le nom de Miu Miu. Le style de cette marque se veut color\u00e9, tr\u00e8s f\u00e9minin et rebelle. Son style pla\u00eet imm\u00e9diatement et [&hellip;]<\/p>\n","protected":false},"author":1,"featured_media":0,"comment_status":"open","ping_status":"open","sticky":false,"template":"","format":"standard","meta":{"_mi_skip_tracking":false},"categories":[430],"tags":[1069,501,1072,9,1026,1071,1066,1068,1067,1073,1064,1065,1074,1076,392,1077,1070,461,1075,333],"_links":{"self":[{"href":"https:\/\/www.matemonsac.com\/le-mag\/wp-json\/wp\/v2\/posts\/8587"}],"collection":[{"href":"https:\/\/www.matemonsac.com\/le-mag\/wp-json\/wp\/v2\/posts"}],"about":[{"href":"https:\/\/www.matemonsac.com\/le-mag\/wp-json\/wp\/v2\/types\/post"}],"author":[{"embeddable":true,"href":"https:\/\/www.matemonsac.com\/le-mag\/wp-json\/wp\/v2\/users\/1"}],"replies":[{"embeddable":true,"href":"https:\/\/www.matemonsac.com\/le-mag\/wp-json\/wp\/v2\/comments?post=8587"}],"version-history":[{"count":0,"href":"https:\/\/www.matemonsac.com\/le-mag\/wp-json\/wp\/v2\/posts\/8587\/revisions"}],"wp:attachment":[{"href":"https:\/\/www.matemonsac.com\/le-mag\/wp-json\/wp\/v2\/media?parent=8587"}],"wp:term":[{"taxonomy":"category","embeddable":true,"href":"https:\/\/www.matemonsac.com\/le-mag\/wp-json\/wp\/v2\/categories?post=8587"},{"taxonomy":"post_tag","embeddable":true,"href":"https:\/\/www.matemonsac.com\/le-mag\/wp-json\/wp\/v2\/tags?post=8587"}],"curies":[{"name":"wp","href":"https:\/\/api.w.org\/{rel}","templated":true}]}}