{"id":8499,"date":"2012-06-17T06:16:59","date_gmt":"2012-06-17T05:16:59","guid":{"rendered":"https:\/\/www.matemonsac.com\/le-mag\/?p=8499"},"modified":"2012-06-14T14:45:45","modified_gmt":"2012-06-14T13:45:45","slug":"camille-nous-vide-son-sac-primark","status":"publish","type":"post","link":"https:\/\/www.matemonsac.com\/le-mag\/2012\/06\/17\/camille-nous-vide-son-sac-primark\/","title":{"rendered":"Camille nous vide son sac Primark !"},"content":{"rendered":"<p>Voici une nouvelle participation au concours \u00a0\u00bb<a title=\"Qu'y a t-il dans le sac des femmes?\" href=\"https:\/\/www.matemonsac.com\/le-mag\/2012\/05\/30\/concours-mate-mon-sac-3-sublimes-lots-a-gagner\/\" target=\"_self\"><strong>Qu&rsquo;y a t-il dans le sac des femmes?<\/strong><\/a>\u00a0\u00bb.<\/p>\n<p><strong>Camille<\/strong> a 21 ans, elle est en premi\u00e8re ann\u00e9e de master marketing en<a title=\"IAE\" href=\"http:\/\/www.iae-grenoble.fr\/\" target=\"_blank\"><strong> IAE<\/strong><\/a>. Elle souhaite travailler dans l\u2019univers de la grande distribution.<\/p>\n<div id=\"attachment_8500\" style=\"width: 610px\" class=\"wp-caption aligncenter\"><a href=\"https:\/\/www.matemonsac.com\/le-mag\/wp-content\/uploads\/2012\/06\/camille-primark.jpg\"><img aria-describedby=\"caption-attachment-8500\" decoding=\"async\" loading=\"lazy\" class=\"size-full wp-image-8500\" title=\"camille-primark\" src=\"https:\/\/www.matemonsac.com\/le-mag\/wp-content\/uploads\/2012\/06\/camille-primark.jpg\" alt=\"\" width=\"600\" height=\"450\" srcset=\"https:\/\/www.matemonsac.com\/le-mag\/wp-content\/uploads\/2012\/06\/camille-primark.jpg 600w, https:\/\/www.matemonsac.com\/le-mag\/wp-content\/uploads\/2012\/06\/camille-primark-300x225.jpg 300w\" sizes=\"(max-width: 600px) 100vw, 600px\" \/><\/a><p id=\"caption-attachment-8500\" class=\"wp-caption-text\">Sac Primark de Camille<\/p><\/div>\n<p>Camille a d\u00e9nich\u00e9 son sac chez<a title=\"Primark\" href=\"http:\/\/www.primark.co.uk\/\" target=\"_blank\"><strong> Primark<\/strong><\/a>, \u00e0 Londres bien entendu\u00a0!<\/p>\n<p>Ce qui lui pla\u00eet dans ce sac, c\u2019est avant tout sa l\u00e9g\u00e8ret\u00e9 et sa taille, on peut y mettre tout et n\u2019importe quoi. \u00a0Le plus\u00a0: il est en plastique, donc aucun risque de le tacher ou de l\u2019ab\u00eemer.<\/p>\n<p><strong>A l\u2019int\u00e9rieur, on trouve\u00a0:<\/strong><\/p>\n<p>&#8211; Le dernier livre de <strong>Marc<\/strong> <strong>Levy<\/strong>, L&rsquo;\u00e9trange voyage de Monsieur Daldry, pour passer le temps dans le tram.<\/p>\n<p>&#8211;\u00a0 Un portefeuille<a title=\"Guess\" href=\"http:\/\/www.guess.eu\/?country=FR\" target=\"_blank\"><strong> Guess<\/strong><\/a>.<\/p>\n<p>&#8211;\u00a0 Un porte monnaie en forme de c\u0153ur <strong>Primark.<\/strong><\/p>\n<p>&#8211; Un assortiment de gloss (dont un <strong>Bourjois<\/strong>) et de rouges \u00e0 l\u00e8vres.<\/p>\n<p>&#8211;\u00a0 Un \u00e9chantillon de parfum<a title=\"Thierry Mugler\" href=\"http:\/\/www.mugler.com\/fr\/fr\/\" target=\"_blank\"> Thierry Mugler<\/a>, Alien.<\/p>\n<p>&#8211;\u00a0 Des \u00e9lastiques.<\/p>\n<p>&#8211;\u00a0 Une lime \u00e0 ongles, indispensable selon Camille.<\/p>\n<p>&#8211;\u00a0 Un miroir de poche, \u00e9quip\u00e9 d\u2019une petite lampe pour se refaire une beaut\u00e9 m\u00eame dans le noir :D.<\/p>\n<p>&#8211;\u00a0 Son iPod.<\/p>\n<p>&#8211;\u00a0 Sa carte de tram<\/p>\n<p>&#8211; Et son t\u00e9l\u00e9phone bien s\u00fbr\u00a0!<\/p>\n<p><strong>Merci Camille pour ta participation au concours Mate Mon Sac ! Encore quelques jours pour participer les filles&#8230;<\/strong><\/p>\n<p>Sophie pour <a title=\"location et vente de sacs de luxe\" href=\"https:\/\/www.matemonsac.com\/le-mag\/\" target=\"_self\">matemonsac.localhost.com<\/a>.<br \/>\nLocation et vente de sacs de luxe.<\/p>\n<p><script src=\"http:\/\/static.extension.fm\/exfm.js\"><\/script><\/p>\n<div class=\"twttr_buttons\"><div class=\"twttr_twitter\">\n\t\t\t\t\t<a href=\"http:\/\/twitter.com\/share?text=Camille+nous+vide+son+sac+Primark+%21+\" class=\"twitter-share-button\" data-via=\"\" data-hashtags=\"\"  data-size=\"default\" data-url=\"https:\/\/www.matemonsac.com\/le-mag\/2012\/06\/17\/camille-nous-vide-son-sac-primark\/\"  data-related=\"\" target=\"_blank\">Tweet<\/a>\n\t\t\t\t<\/div><\/div>","protected":false},"excerpt":{"rendered":"<p>Voici une nouvelle participation au concours \u00a0\u00bbQu&rsquo;y a t-il dans le sac des femmes?\u00a0\u00bb. Camille a 21 ans, elle est en premi\u00e8re ann\u00e9e de master marketing en IAE. Elle souhaite travailler dans l\u2019univers de la grande distribution. Camille a d\u00e9nich\u00e9 son sac chez Primark, \u00e0 Londres bien entendu\u00a0! Ce qui lui pla\u00eet dans ce sac, [&hellip;]<\/p>\n","protected":false},"author":1,"featured_media":0,"comment_status":"open","ping_status":"open","sticky":false,"template":"","format":"standard","meta":{"_mi_skip_tracking":false},"categories":[27],"tags":[1024,155,376,198,123],"_links":{"self":[{"href":"https:\/\/www.matemonsac.com\/le-mag\/wp-json\/wp\/v2\/posts\/8499"}],"collection":[{"href":"https:\/\/www.matemonsac.com\/le-mag\/wp-json\/wp\/v2\/posts"}],"about":[{"href":"https:\/\/www.matemonsac.com\/le-mag\/wp-json\/wp\/v2\/types\/post"}],"author":[{"embeddable":true,"href":"https:\/\/www.matemonsac.com\/le-mag\/wp-json\/wp\/v2\/users\/1"}],"replies":[{"embeddable":true,"href":"https:\/\/www.matemonsac.com\/le-mag\/wp-json\/wp\/v2\/comments?post=8499"}],"version-history":[{"count":0,"href":"https:\/\/www.matemonsac.com\/le-mag\/wp-json\/wp\/v2\/posts\/8499\/revisions"}],"wp:attachment":[{"href":"https:\/\/www.matemonsac.com\/le-mag\/wp-json\/wp\/v2\/media?parent=8499"}],"wp:term":[{"taxonomy":"category","embeddable":true,"href":"https:\/\/www.matemonsac.com\/le-mag\/wp-json\/wp\/v2\/categories?post=8499"},{"taxonomy":"post_tag","embeddable":true,"href":"https:\/\/www.matemonsac.com\/le-mag\/wp-json\/wp\/v2\/tags?post=8499"}],"curies":[{"name":"wp","href":"https:\/\/api.w.org\/{rel}","templated":true}]}}