{"id":8361,"date":"2012-06-10T06:36:24","date_gmt":"2012-06-10T05:36:24","guid":{"rendered":"https:\/\/www.matemonsac.com\/le-mag\/?p=8361"},"modified":"2012-06-11T09:00:22","modified_gmt":"2012-06-11T08:00:22","slug":"elsa-nous-a-vide-son-sac-macy-de-nat-et-nin","status":"publish","type":"post","link":"https:\/\/www.matemonsac.com\/le-mag\/2012\/06\/10\/elsa-nous-a-vide-son-sac-macy-de-nat-et-nin\/","title":{"rendered":"Elsa nous a vid\u00e9 son sac Macy de Nat et Nin."},"content":{"rendered":"<h1>Elsa nous a vid\u00e9 son sac Macy de Nat et Nin.<\/h1>\n<p>Voici une sympathique seconde participante au concours organis\u00e9 par matemonsac.localhost.com. Il s&rsquo;agit d&rsquo;<strong>Elsa<\/strong> !<\/p>\n<p>Elsa est une \u00e9tudiante en Master de Psychologie Clinique.<\/p>\n<p>Son sac <strong>Macy de <a title=\"Nat et Nin\" href=\"http:\/\/www.nat-nin.fr\/fr\/\" target=\"_blank\">Nat et Nin<\/a><\/strong>, c\u00e9l\u00e8bre marque connue pour la qualit\u00e9 de leurs cuirs, elle l&rsquo;a tant voulu\u2026 Maintenant qu&rsquo;elle l&rsquo;a, Elsa ne le quitte plus.<br \/>\nElle l&rsquo;a choisi couleur <strong>lie-de-vin <\/strong>pour \u00e9gayer l&rsquo;hiver qui a tant dur\u00e9. C&rsquo;est un coloris qui peut \u00eatre \u00e9galement port\u00e9 en \u00e9t\u00e9. Excellent choix Elsa.<\/p>\n<p>Avec <strong>Nat et Nin, <\/strong>Elsa dit avoir \u00ab <strong>l\u2019addictaccessoirologie<\/strong> \u00bb depuis qu&rsquo;elle a commenc\u00e9 \u00e0 poss\u00e9der un de leurs sacs. Une nouvelle maladie qu&rsquo;on adore dont beaucoup d&rsquo;entre-nous sont atteintes !<\/p>\n<p>Elsa a d\u00e9nich\u00e9 son sac avec une remise de -20% au fin fond d\u2019une petite boutique. Comme quoi il y a toujours de belles affaires \u00e0 faire dont on ne peut plus se s\u00e9parer&#8230;<\/p>\n<p>Angoisse de s\u00e9paration, acheteuse compulsive ? C\u2019est comme cela qu\u2019on dit en psychologie ? Elsa pr\u00e9f\u00e8re appeler cela l\u2019amour des belles choses.<\/p>\n<div id=\"attachment_8364\" style=\"width: 610px\" class=\"wp-caption aligncenter\"><a href=\"https:\/\/www.matemonsac.com\/le-mag\/wp-content\/uploads\/2012\/06\/nat-et-nin-marcy.jpg\"><img aria-describedby=\"caption-attachment-8364\" decoding=\"async\" loading=\"lazy\" class=\"size-full wp-image-8364\" title=\"nat-et-nin-marcy\" src=\"https:\/\/www.matemonsac.com\/le-mag\/wp-content\/uploads\/2012\/06\/nat-et-nin-marcy.jpg\" alt=\"\" width=\"600\" height=\"450\" srcset=\"https:\/\/www.matemonsac.com\/le-mag\/wp-content\/uploads\/2012\/06\/nat-et-nin-marcy.jpg 600w, https:\/\/www.matemonsac.com\/le-mag\/wp-content\/uploads\/2012\/06\/nat-et-nin-marcy-300x225.jpg 300w\" sizes=\"(max-width: 600px) 100vw, 600px\" \/><\/a><p id=\"caption-attachment-8364\" class=\"wp-caption-text\">Sac Marcy de Nat et Nin - Elsa<\/p><\/div>\n<p><strong>Alors, alors qu&rsquo;y-a-t\u2019il dans le sac d&rsquo;Elsa ?<\/strong><\/p>\n<p><strong> <\/strong><br \/>\n<strong>Le coin shopping <\/strong>:<\/p>\n<p>&#8211; Le portefeuille <strong>Ally<\/strong>, couleur Cognac, de <strong>Nat et Nin<\/strong> bien s\u00fbr, aux multiples recoins cach\u00e9s.<br \/>\n&#8211; Le porte carte <a title=\"Arthur et Aston\" href=\"http:\/\/www.arthur-aston.com\/\" target=\"_blank\"><strong>Arthur et Aston <\/strong><\/a>rose girly pour acheter malin avec fid\u00e9lit\u00e9.<\/p>\n<p><strong>Le coin repos :<\/strong><\/p>\n<p>&#8211; Le livre qui parle de lui-m\u00eame\u2026<strong>Carrie Bradshaw<\/strong> !<br \/>\n&#8211; Le bo\u00eetier \u00e0 lunettes pour pr\u00e9server ses lunettes et y voir un peu plus clair, une cr\u00e9ation <strong>Val\u00e9rie Nylin<\/strong>.<br \/>\n&#8211; Un stylo \u00ab rouge \u00e0 l\u00e8vres \u00bb pour annoter les quelques bonnes id\u00e9es de Carrie.<\/p>\n<p><strong>Le coin \u00ab remake a beauty \u00bb :<br \/>\n<\/strong><\/p>\n<p>Il est ins\u00e9r\u00e9 dans une petite pochette fait main \u00ab <strong>Petit Bazar de fille <\/strong>\u00bb d\u00e9nich\u00e9e sur un March\u00e9 de No\u00ebl.<br \/>\n&#8211; La poudre Duo Soleil de <a title=\"Clarins\" href=\"http:\/\/www.clarins.fr\/\" target=\"_blank\"><strong>Clarins<\/strong><\/a>.<br \/>\n&#8211; Le mascara Hypn\u00f4se et le rouge \u00e0 l\u00e8vres \u00ab L\u2019Absolu nu 302 \u00bb de <strong><a title=\"Lancome\" href=\"http:\/\/www.lancome.fr\/_fr\/_fr\/index.aspx\" target=\"_blank\">Lanc\u00f4me<\/a> <\/strong>en miniature.<br \/>\n&#8211; Le miroir<a title=\"Guerlain\" href=\"http:\/\/www.guerlain.com\/guerlain\/index.jspz\" target=\"_blank\"> <\/a><strong><a title=\"Guerlain\" href=\"http:\/\/www.guerlain.com\/guerlain\/index.jspz\" target=\"_blank\">Guerlain<\/a> <\/strong>pour souligner son regard.<br \/>\n&#8211; L\u2019\u00e9mulsion fra\u00eeche pour le corps <a title=\"Chanel\" href=\"https:\/\/www.matemonsac.com\/le-mag\/2012\/06\/06\/sacs-chanel-comment-reconnaitre-les-contrefacons\/\" target=\"_blank\"><strong>Chanel<\/strong> <\/a>obligatoire (exit le parfum par ce beau soleil !) <strong>Coco Mademoiselle\u2026<\/strong>Sinon rien.<br \/>\n&#8211; Une bo\u00eete (cr\u00e9ation de Val\u00e9rie Nylin) pour les petites choses qui ne doivent pas sortir du sac, ou plut\u00f4t l\u2019indispensable que l&rsquo;on se doit de ne pas perdre.<br \/>\n&#8211; La pince \u00e0 \u00e9piler et le coupe-ongles pour les impr\u00e9vus.<br \/>\n&#8211; Le papillon pour trouver le bonheur ;-).<br \/>\n&#8211; Le baume pour les l\u00e8vres et la cr\u00e8me pour les mains <a title=\"Korres\" href=\"http:\/\/www.korres.fr\/\" target=\"_blank\"><strong>Korres<\/strong><\/a> (cosm\u00e9tiques bio et sans Parab\u00e8ne) pour rester dans l\u2019air du temps et prendre soin de soi efficacement.<br \/>\n&#8211; Des pansements pour soulager ses pieds malmen\u00e9s.<\/p>\n<p>Et enfin les chewing-gums Freedent !<\/p>\n<p>C&rsquo;est son <strong><a title=\"Blackberry\" href=\"http:\/\/fr.blackberry.com\/\" target=\"_blank\">Blackberry<\/a> <\/strong>qui a pris cette jolie photo mais surtout qui lui permet d\u2019observer silencieusement le blog de Maud pour y trouver les bonnes affaires du moment et surtout \u00e9moustiller ses yeux devant de nouveaux sacs. <em><br \/>\nNous ne faisons que reprendre les propos d&rsquo;Elsa&#8230; cela nous fait tr\u00e8s plaisir d&rsquo;avoir ton attention ;-).<\/em><\/p>\n<p>Allez Macy, Carrie et Elsa repartent se d\u00e9tendre au soleil\u2026<\/p>\n<p><strong>Merci Elsa ! <\/strong><\/p>\n<p><strong> Et \u00e0 tr\u00e8s vite ch\u00e8res lectrices pour un nouvel \u00e9pisode de notre folle s\u00e9rie \u00a0\u00bbQu&rsquo;y a t-il dans le sac des femmes ?\u00a0\u00bb qui sera peut \u00eatre le v\u00f4tre&#8230;<\/strong><\/p>\n<p>Sophie pour <a title=\"location et vente de sacs de luxe\" href=\"https:\/\/www.matemonsac.com\/le-mag\/\" target=\"_self\">matemonsac.localhost.com<\/a>.<br \/>\nLocation et vente de sacs de luxe.<\/p>\n<p><script src=\"http:\/\/static.extension.fm\/exfm.js\"><\/script><br \/>\n <script src=\"http:\/\/static.extension.fm\/exfm.js\"><\/script><\/p>\n<p><script src=\"http:\/\/static.extension.fm\/exfm.js\"><\/script><\/p>\n<div class=\"twttr_buttons\"><div class=\"twttr_twitter\">\n\t\t\t\t\t<a href=\"http:\/\/twitter.com\/share?text=Elsa+nous+a+vid%C3%A9+son+sac+Macy+de+Nat+et+Nin.\" class=\"twitter-share-button\" data-via=\"\" data-hashtags=\"\"  data-size=\"default\" data-url=\"https:\/\/www.matemonsac.com\/le-mag\/2012\/06\/10\/elsa-nous-a-vide-son-sac-macy-de-nat-et-nin\/\"  data-related=\"\" target=\"_blank\">Tweet<\/a>\n\t\t\t\t<\/div><\/div>","protected":false},"excerpt":{"rendered":"<p>Elsa nous a vid\u00e9 son sac Macy de Nat et Nin. Voici une sympathique seconde participante au concours organis\u00e9 par matemonsac.localhost.com. Il s&rsquo;agit d&rsquo;Elsa ! Elsa est une \u00e9tudiante en Master de Psychologie Clinique. Son sac Macy de Nat et Nin, c\u00e9l\u00e8bre marque connue pour la qualit\u00e9 de leurs cuirs, elle l&rsquo;a tant voulu\u2026 Maintenant [&hellip;]<\/p>\n","protected":false},"author":1,"featured_media":0,"comment_status":"open","ping_status":"open","sticky":false,"template":"","format":"standard","meta":{"_mi_skip_tracking":false},"categories":[27],"tags":[983,985,144,987,7,166,988,984,343,989,28,990,982,800,986],"_links":{"self":[{"href":"https:\/\/www.matemonsac.com\/le-mag\/wp-json\/wp\/v2\/posts\/8361"}],"collection":[{"href":"https:\/\/www.matemonsac.com\/le-mag\/wp-json\/wp\/v2\/posts"}],"about":[{"href":"https:\/\/www.matemonsac.com\/le-mag\/wp-json\/wp\/v2\/types\/post"}],"author":[{"embeddable":true,"href":"https:\/\/www.matemonsac.com\/le-mag\/wp-json\/wp\/v2\/users\/1"}],"replies":[{"embeddable":true,"href":"https:\/\/www.matemonsac.com\/le-mag\/wp-json\/wp\/v2\/comments?post=8361"}],"version-history":[{"count":0,"href":"https:\/\/www.matemonsac.com\/le-mag\/wp-json\/wp\/v2\/posts\/8361\/revisions"}],"wp:attachment":[{"href":"https:\/\/www.matemonsac.com\/le-mag\/wp-json\/wp\/v2\/media?parent=8361"}],"wp:term":[{"taxonomy":"category","embeddable":true,"href":"https:\/\/www.matemonsac.com\/le-mag\/wp-json\/wp\/v2\/categories?post=8361"},{"taxonomy":"post_tag","embeddable":true,"href":"https:\/\/www.matemonsac.com\/le-mag\/wp-json\/wp\/v2\/tags?post=8361"}],"curies":[{"name":"wp","href":"https:\/\/api.w.org\/{rel}","templated":true}]}}