{"id":7951,"date":"2012-05-14T06:03:19","date_gmt":"2012-05-14T05:03:19","guid":{"rendered":"https:\/\/www.matemonsac.com\/le-mag\/?p=7951"},"modified":"2012-05-13T22:02:30","modified_gmt":"2012-05-13T21:02:30","slug":"pack-and-fly-mon-ptit-frigo-des-sacs-isothermes-branches","status":"publish","type":"post","link":"https:\/\/www.matemonsac.com\/le-mag\/2012\/05\/14\/pack-and-fly-mon-ptit-frigo-des-sacs-isothermes-branches\/","title":{"rendered":"Pack and Fly : Mon P&rsquo;tit Frigo, des sacs isothermes branch\u00e9s."},"content":{"rendered":"<p>Encore une nouveaut\u00e9 sur Mate Mon Sac, apr\u00e8s<a title=\"Pourchet\" href=\"https:\/\/www.matemonsac.com\/le-mag\/2012\/05\/02\/pourchet-des-sacs-de-maroquinerie-francaise-remis-au-gout-du-jour-par-karine-dupont\/\" target=\"_self\"><strong> Pourchet,<\/strong><\/a> <strong>Pack And Fly <\/strong>est en ligne !<\/p>\n<p>Vous avez forc\u00e9ment d\u00e9j\u00e0 aper\u00e7u l&rsquo;inscription \u00ab\u00a0<a title=\"mon p'tit frigo\" href=\"https:\/\/www.matemonsac.com\/le-mag\/pack-and-fly-mon-pti-frigo-sac-isotherme-grand-modele-gris-givre\" target=\"_self\"><strong>Mon p&rsquo;tit Frigo<\/strong><\/a>\u00a0\u00bb dans les magazines ou sur un grand<a title=\"sac cabas\" href=\"https:\/\/www.matemonsac.com\/le-mag\/pack-and-fly-sac-de-plage-gris-givre-prune\" target=\"_self\"><strong> sac cabas.<\/strong><\/a> Il s&rsquo;agit de la marque Pack And Fly cr\u00e9\u00e9e en 2006 avec un premier succ\u00e8s : la trousse cabine.<\/p>\n<p>L&rsquo;ann\u00e9e suivante, la marque a su s\u00e9duire un public large avec une gamme de sacs<a title=\"isothermes\" href=\"https:\/\/www.matemonsac.com\/le-mag\/pack-and-fly-mon-pti-frigo-sac-isotherme-petit-modele-bleu-lagon\" target=\"_self\"><strong> isothermes <\/strong><\/a>aux couleurs fun et fashion.<\/p>\n<p>D\u00e9sormais, la gamme <strong>Pack &amp; Fly<\/strong> s&rsquo;est consid\u00e9rablement enrichie   avec des trousses \u00e0 maquillage, des trousses de toilette, des  pochettes  pour le voyage mais aussi des pochettes pour ordinateur design et des  sacs \u00e0  main.<\/p>\n<p>Chez <strong>Matemonsac<\/strong> nous avons aim\u00e9 leurs produits innovants, pratiques  et tendances et nous avons d\u00e9cid\u00e9 de vous les proposer sur notre <a title=\"site de vente en ligne\" href=\"https:\/\/www.matemonsac.com\/le-mag\/marques\/nos-createurs\/pack-and-fly\/254\/19\" target=\"_self\"><strong>site de vente en ligne<\/strong><\/a>.<\/p>\n<p>Ce sp\u00e9cialiste des contenants nous offre un concentr\u00e9 de fra\u00eecheur avec ce sac isotherme d\u00e9clin\u00e9 en bleu et en gris et en diff\u00e9rentes tailles .<\/p>\n<p>Gr\u00e2ce \u00e0 sa doublure isotherme renforc\u00e9e par de la mousse isolante, il permettra de conserver \u00e0 bonne temp\u00e9rature vos aliments ou vos cr\u00e8mes solaires sur la plage pendant plusieurs heures.<\/p>\n<div id=\"attachment_7954\" style=\"width: 610px\" class=\"wp-caption aligncenter\"><a href=\"https:\/\/www.matemonsac.com\/le-mag\/pack-and-fly-mon-pti-frigo-sac-isotherme-grand-modele-bleu-lagon\"><img aria-describedby=\"caption-attachment-7954\" decoding=\"async\" loading=\"lazy\" class=\"size-full wp-image-7954\" title=\"pack-and-fly-sac-isotherme-grand-modele-gris-ardoise\" src=\"https:\/\/www.matemonsac.com\/le-mag\/wp-content\/uploads\/2012\/05\/pack-and-fly-sac-isotherme-grand-modele-gris-ardoise.jpg\" alt=\"\" width=\"600\" height=\"600\" srcset=\"https:\/\/www.matemonsac.com\/le-mag\/wp-content\/uploads\/2012\/05\/pack-and-fly-sac-isotherme-grand-modele-gris-ardoise.jpg 600w, https:\/\/www.matemonsac.com\/le-mag\/wp-content\/uploads\/2012\/05\/pack-and-fly-sac-isotherme-grand-modele-gris-ardoise-540x540.jpg 540w, https:\/\/www.matemonsac.com\/le-mag\/wp-content\/uploads\/2012\/05\/pack-and-fly-sac-isotherme-grand-modele-gris-ardoise-300x300.jpg 300w\" sizes=\"(max-width: 600px) 100vw, 600px\" \/><\/a><p id=\"caption-attachment-7954\" class=\"wp-caption-text\">sac isotherme gris Pack and Fly grand mod\u00e8le<\/p><\/div>\n<p>Un must have : la <strong>lunch box Pack &amp; Fly <\/strong>isotherme, d\u00e9clin\u00e9e dans une multitude de couleurs et m\u00eame en deux langues : <strong>Mon p&rsquo;tit frigo<\/strong> ou <strong>My little fridge<\/strong>, \u00e0 vous de choisir !<\/p>\n<div id=\"attachment_7957\" style=\"width: 610px\" class=\"wp-caption aligncenter\"><a href=\"https:\/\/www.matemonsac.com\/le-mag\/wp-content\/uploads\/2012\/05\/pack-and-fly-lunch-box-isotherme-rose-indien.jpg\"><img aria-describedby=\"caption-attachment-7957\" decoding=\"async\" loading=\"lazy\" class=\"size-full wp-image-7957\" title=\"pack-and-fly-lunch-box-isotherme-rose-indien\" src=\"https:\/\/www.matemonsac.com\/le-mag\/wp-content\/uploads\/2012\/05\/pack-and-fly-lunch-box-isotherme-rose-indien.jpg\" alt=\"\" width=\"600\" height=\"600\" srcset=\"https:\/\/www.matemonsac.com\/le-mag\/wp-content\/uploads\/2012\/05\/pack-and-fly-lunch-box-isotherme-rose-indien.jpg 600w, https:\/\/www.matemonsac.com\/le-mag\/wp-content\/uploads\/2012\/05\/pack-and-fly-lunch-box-isotherme-rose-indien-540x540.jpg 540w, https:\/\/www.matemonsac.com\/le-mag\/wp-content\/uploads\/2012\/05\/pack-and-fly-lunch-box-isotherme-rose-indien-300x300.jpg 300w\" sizes=\"(max-width: 600px) 100vw, 600px\" \/><\/a><p id=\"caption-attachment-7957\" class=\"wp-caption-text\">Pack and Fly lunch box isotherme<\/p><\/div>\n<p>On craque pour seulement <strong> <\/strong>10\u20ac pour ce petit <strong>porte-monnaie<\/strong> en vinyle , un futur it de l&rsquo;\u00e9t\u00e9.<strong> Let&rsquo;s party, let&rsquo;s dream, let&rsquo;s be crazy, let&rsquo;s relax<\/strong>&#8230;choisissez le v\u00f4tre en fonction de votre humeur ;).<\/p>\n<div id=\"attachment_7955\" style=\"width: 610px\" class=\"wp-caption aligncenter\"><a href=\"https:\/\/www.matemonsac.com\/le-mag\/pack-and-fly-porte-monnaie-le-ts-dream-bleu-lagon\"><img aria-describedby=\"caption-attachment-7955\" decoding=\"async\" loading=\"lazy\" class=\"size-full wp-image-7955\" title=\"pack-and-fly-porte-monnaie-bleu-lagon-recto\" src=\"https:\/\/www.matemonsac.com\/le-mag\/wp-content\/uploads\/2012\/05\/pack-and-fly-porte-monnaie-bleu-lagon-recto.jpg\" alt=\"\" width=\"600\" height=\"600\" srcset=\"https:\/\/www.matemonsac.com\/le-mag\/wp-content\/uploads\/2012\/05\/pack-and-fly-porte-monnaie-bleu-lagon-recto.jpg 600w, https:\/\/www.matemonsac.com\/le-mag\/wp-content\/uploads\/2012\/05\/pack-and-fly-porte-monnaie-bleu-lagon-recto-540x540.jpg 540w, https:\/\/www.matemonsac.com\/le-mag\/wp-content\/uploads\/2012\/05\/pack-and-fly-porte-monnaie-bleu-lagon-recto-300x300.jpg 300w\" sizes=\"(max-width: 600px) 100vw, 600px\" \/><\/a><p id=\"caption-attachment-7955\" class=\"wp-caption-text\">Pack and Fly porte-monnaie Let&#39;s dream<\/p><\/div>\n<p>Un incontournable de l&rsquo;\u00e9t\u00e9 2012 : le <strong>sac de plage<\/strong> givr\u00e9 ultra pratique pour y ranger vos serviettes, maillots ou encore cr\u00e8mes solaires (et oui, il ne faut pas oublier de prot\u00e9ger sa jolie peau!), pour vos petites babioles, le sac est livr\u00e9 avec une <strong>pochette <\/strong>en vinyle sigl\u00e9e \u00a0\u00bb<strong>beach<\/strong>\u00a0\u00bb. Il se d\u00e9cline en prune ou turquoise.<\/p>\n<div id=\"attachment_7956\" style=\"width: 610px\" class=\"wp-caption aligncenter\"><a href=\"https:\/\/www.matemonsac.com\/le-mag\/pack-and-fly-sac-de-plage-gris-givre-turquoise.html\"><img aria-describedby=\"caption-attachment-7956\" decoding=\"async\" loading=\"lazy\" class=\"size-full wp-image-7956\" title=\"pack-and-fly-sac-de-plage-gris-givre-turquoise\" src=\"https:\/\/www.matemonsac.com\/le-mag\/wp-content\/uploads\/2012\/05\/pack-and-fly-sac-de-plage-gris-givre-turquoise.jpg\" alt=\"\" width=\"600\" height=\"600\" srcset=\"https:\/\/www.matemonsac.com\/le-mag\/wp-content\/uploads\/2012\/05\/pack-and-fly-sac-de-plage-gris-givre-turquoise.jpg 600w, https:\/\/www.matemonsac.com\/le-mag\/wp-content\/uploads\/2012\/05\/pack-and-fly-sac-de-plage-gris-givre-turquoise-540x540.jpg 540w, https:\/\/www.matemonsac.com\/le-mag\/wp-content\/uploads\/2012\/05\/pack-and-fly-sac-de-plage-gris-givre-turquoise-300x300.jpg 300w\" sizes=\"(max-width: 600px) 100vw, 600px\" \/><\/a><p id=\"caption-attachment-7956\" class=\"wp-caption-text\">Pack and Fly sac de plage givr\u00e9 turquoise<\/p><\/div>\n<p>Alors, si vous   partez bient\u00f4t au soleil (on vous le souhaite), emportez un \u00ab\u00a0<strong>p&rsquo;tit   frigo<\/strong>\u00a0\u00bb dans votre valise !<\/p>\n<p>Sophie pour <a title=\"location et vente de sacs de luxe\" href=\"https:\/\/www.matemonsac.com\/le-mag\/\">matemonsac.localhost.com<\/a>.<br \/>\nLocation et vente de sacs de luxe.<\/p>\n<p><script src=\"http:\/\/static.extension.fm\/exfm.js\"><\/script><br \/>\n <script src=\"http:\/\/static.extension.fm\/exfm.js\"><\/script><\/p>\n<p><script src=\"http:\/\/static.extension.fm\/exfm.js\"><\/script><br \/>\n <script src=\"http:\/\/static.extension.fm\/exfm.js\"><\/script><\/p>\n<div class=\"twttr_buttons\"><div class=\"twttr_twitter\">\n\t\t\t\t\t<a href=\"http:\/\/twitter.com\/share?text=Pack+and+Fly+%3A+Mon+P%27tit+Frigo%2C+des+sacs+isothermes+branch%C3%A9s.\" class=\"twitter-share-button\" data-via=\"\" data-hashtags=\"\"  data-size=\"default\" data-url=\"https:\/\/www.matemonsac.com\/le-mag\/2012\/05\/14\/pack-and-fly-mon-ptit-frigo-des-sacs-isothermes-branches\/\"  data-related=\"\" target=\"_blank\">Tweet<\/a>\n\t\t\t\t<\/div><\/div>","protected":false},"excerpt":{"rendered":"<p>Encore une nouveaut\u00e9 sur Mate Mon Sac, apr\u00e8s Pourchet, Pack And Fly est en ligne ! Vous avez forc\u00e9ment d\u00e9j\u00e0 aper\u00e7u l&rsquo;inscription \u00ab\u00a0Mon p&rsquo;tit Frigo\u00a0\u00bb dans les magazines ou sur un grand sac cabas. Il s&rsquo;agit de la marque Pack And Fly cr\u00e9\u00e9e en 2006 avec un premier succ\u00e8s : la trousse cabine. L&rsquo;ann\u00e9e suivante, [&hellip;]<\/p>\n","protected":false},"author":1,"featured_media":0,"comment_status":"open","ping_status":"open","sticky":false,"template":"","format":"standard","meta":{"_mi_skip_tracking":false},"categories":[384,430,40],"tags":[391,851,853,849,856,858,852,857,850,855,389,321,615,854,630],"_links":{"self":[{"href":"https:\/\/www.matemonsac.com\/le-mag\/wp-json\/wp\/v2\/posts\/7951"}],"collection":[{"href":"https:\/\/www.matemonsac.com\/le-mag\/wp-json\/wp\/v2\/posts"}],"about":[{"href":"https:\/\/www.matemonsac.com\/le-mag\/wp-json\/wp\/v2\/types\/post"}],"author":[{"embeddable":true,"href":"https:\/\/www.matemonsac.com\/le-mag\/wp-json\/wp\/v2\/users\/1"}],"replies":[{"embeddable":true,"href":"https:\/\/www.matemonsac.com\/le-mag\/wp-json\/wp\/v2\/comments?post=7951"}],"version-history":[{"count":0,"href":"https:\/\/www.matemonsac.com\/le-mag\/wp-json\/wp\/v2\/posts\/7951\/revisions"}],"wp:attachment":[{"href":"https:\/\/www.matemonsac.com\/le-mag\/wp-json\/wp\/v2\/media?parent=7951"}],"wp:term":[{"taxonomy":"category","embeddable":true,"href":"https:\/\/www.matemonsac.com\/le-mag\/wp-json\/wp\/v2\/categories?post=7951"},{"taxonomy":"post_tag","embeddable":true,"href":"https:\/\/www.matemonsac.com\/le-mag\/wp-json\/wp\/v2\/tags?post=7951"}],"curies":[{"name":"wp","href":"https:\/\/api.w.org\/{rel}","templated":true}]}}