{"id":7906,"date":"2012-05-06T06:54:05","date_gmt":"2012-05-06T05:54:05","guid":{"rendered":"https:\/\/www.matemonsac.com\/le-mag\/?p=7906"},"modified":"2012-05-06T10:48:24","modified_gmt":"2012-05-06T09:48:24","slug":"it-bag-en-vue-modalu-london-porte-par-pippa-middleton","status":"publish","type":"post","link":"https:\/\/www.matemonsac.com\/le-mag\/2012\/05\/06\/it-bag-en-vue-modalu-london-porte-par-pippa-middleton\/","title":{"rendered":"It-Bag en vue : Modalu London port\u00e9 par Pippa Middleton."},"content":{"rendered":"<p>Apr\u00e8s les <a title=\"sacs Pourchet\" href=\"https:\/\/www.matemonsac.com\/le-mag\/2012\/05\/02\/pourchet-des-sacs-de-maroquinerie-francaise-remis-au-gout-du-jour-par-karine-dupont\/\" target=\"_self\">sacs <strong>Pourchet<\/strong> <\/a>dont nous vous avions parl\u00e9 il y a quelques jours&#8230;<\/p>\n<p>Spotted : Le sac <strong>Modalu <\/strong>London port\u00e9 par <strong>Pippa Middleton<\/strong>.<\/p>\n<p>Qui dit <strong>It Girl <\/strong>dit<strong> It Bag<\/strong> ?<\/p>\n<div id=\"attachment_7908\" style=\"width: 447px\" class=\"wp-caption aligncenter\"><a href=\"https:\/\/www.matemonsac.com\/le-mag\/wp-content\/uploads\/2012\/05\/Pippa-Middleton-Modalu.jpg\"><img aria-describedby=\"caption-attachment-7908\" decoding=\"async\" loading=\"lazy\" class=\"size-full wp-image-7908\" title=\"Pippa-Middleton-Modalu\" src=\"https:\/\/www.matemonsac.com\/le-mag\/wp-content\/uploads\/2012\/05\/Pippa-Middleton-Modalu.jpg\" alt=\"\" width=\"437\" height=\"675\" srcset=\"https:\/\/www.matemonsac.com\/le-mag\/wp-content\/uploads\/2012\/05\/Pippa-Middleton-Modalu.jpg 437w, https:\/\/www.matemonsac.com\/le-mag\/wp-content\/uploads\/2012\/05\/Pippa-Middleton-Modalu-194x300.jpg 194w\" sizes=\"(max-width: 437px) 100vw, 437px\" \/><\/a><p id=\"caption-attachment-7908\" class=\"wp-caption-text\">Pippa Middleton sac Modalu<\/p><\/div>\n<p><a title=\"Modalu\" href=\"http:\/\/www.modalu.com\/shop.html\" target=\"_blank\"><strong>Modalu<\/strong><\/a> est une marque londonienne encore peu connue, mais qui a b\u00e9n\u00e9fici\u00e9 d\u2019une sacr\u00e9e mise sous les projecteurs gr\u00e2ce \u00e0 la soeur de <strong>Kate Middleton<\/strong> : j\u2019ai nomm\u00e9 Pippa.<\/p>\n<p>Souvenez-vous, la belle s\u2019\u00e9tait fait remarqu\u00e9e lors du<a title=\"Mariage de Kate\" href=\"http:\/\/www.plurielles.fr\/beaute\/beaute-de-star\/mariage-kate-et-william-le-look-beaute-de-la-mariee-sublime-dans-6429309-402.html\" target=\"_blank\"> mariage de Kate <\/a>avec sa magnifique robe blanche. Et bien, le lendemain des noces du prince <strong>William<\/strong> et <strong>Kate<\/strong>, Pippa arborait fi\u00e8rement le sac de la marque <strong>Modalu <\/strong>en sortant de l\u2019<a title=\"H\u00f4tel Goring\" href=\"http:\/\/www.thegoring.com\/\" target=\"_blank\">h\u00f4tel Goring<\/a> de Londres.<\/p>\n<p>Consciente du potentiel people de la jeune femme, il n\u2019en fallait pas plus \u00e0 la marque pour renommer le sac au nom de<strong> <a title=\"Pippa\" href=\"http:\/\/www.modalu.com\/shop\/pippa-16.html\" target=\"_blank\">Pippa<\/a><\/strong> tandis qu\u2019il s\u2019appelait Bristol \u00e0 l\u2019origine&#8230;<br \/>\n<a title=\"Modalu\" href=\"http:\/\/www.modalu.com\/\" target=\"_blank\">Modalu <\/a>a fait de l\u2019anglaise sa nouvelle \u00e9g\u00e9rie et a d\u00e9clin\u00e9 sa gamme en ajoutant des portefeuilles et pochettes.<\/p>\n<div id=\"attachment_7909\" style=\"width: 428px\" class=\"wp-caption aligncenter\"><a href=\"https:\/\/www.matemonsac.com\/le-mag\/wp-content\/uploads\/2012\/05\/Pippa-Middleton-Modalu2.jpg\"><img aria-describedby=\"caption-attachment-7909\" decoding=\"async\" loading=\"lazy\" class=\"size-full wp-image-7909\" title=\"Pippa-Middleton-Modalu2\" src=\"https:\/\/www.matemonsac.com\/le-mag\/wp-content\/uploads\/2012\/05\/Pippa-Middleton-Modalu2.jpg\" alt=\"\" width=\"418\" height=\"600\" srcset=\"https:\/\/www.matemonsac.com\/le-mag\/wp-content\/uploads\/2012\/05\/Pippa-Middleton-Modalu2.jpg 418w, https:\/\/www.matemonsac.com\/le-mag\/wp-content\/uploads\/2012\/05\/Pippa-Middleton-Modalu2-209x300.jpg 209w\" sizes=\"(max-width: 418px) 100vw, 418px\" \/><\/a><p id=\"caption-attachment-7909\" class=\"wp-caption-text\">Modalu Kate Middleton<\/p><\/div>\n<p>Depuis, les sacs se sont vendus comme des petits pains aux fashionistas londoniennes, \u00e0 un tel point que <strong>Modalu<\/strong> fut rapidement en rupture de stock.<\/p>\n<p>Cependant, nous avons v\u00e9rifi\u00e9 pour vous, et le <strong>Pippa bag<\/strong> est \u00e0 nouveau disponible sur le site de la marque pour le tarif de 255\u20ac. C\u2019est un tarif tr\u00e8s attrayant pour un <strong>It Bag<\/strong> mais sachez que devant tant de succ\u00e8s, la marque a augment\u00e9 ses prix en passant de 170\u20ac \u00e0 255\u20ac.<\/p>\n<p>Il se d\u00e9cline en plusieurs couleurs : bleu, beige, orange,\u00a0 gris, camel, rouge\u2026 Il y en a pour tous les go\u00fbts ! Discret, classique mais tendance avec ses fermetures \u00e9clair dor\u00e9es c\u2019est certainement d\u00e9j\u00e0 un des It Bags de l\u2019\u00e9t\u00e9 2012.<\/p>\n<p>Chez Mate Mon Sac, nous avons d\u00e9couvert cette adorable <a title=\"pochette rouge Eton\" href=\"http:\/\/www.modalu.com\/shop\/eton-4.html\" target=\"_blank\"><strong>pochette rouge Eton<\/strong><\/a> en cuir qui co\u00fbte seulement 89\u20ac.<\/p>\n<div id=\"attachment_7907\" style=\"width: 592px\" class=\"wp-caption aligncenter\"><a href=\"https:\/\/www.matemonsac.com\/le-mag\/wp-content\/uploads\/2012\/05\/eton_ms6111_red.jpg\"><img aria-describedby=\"caption-attachment-7907\" decoding=\"async\" loading=\"lazy\" class=\"size-full wp-image-7907\" title=\"eton_ms6111_red\" src=\"https:\/\/www.matemonsac.com\/le-mag\/wp-content\/uploads\/2012\/05\/eton_ms6111_red.jpg\" alt=\"\" width=\"582\" height=\"318\" srcset=\"https:\/\/www.matemonsac.com\/le-mag\/wp-content\/uploads\/2012\/05\/eton_ms6111_red.jpg 582w, https:\/\/www.matemonsac.com\/le-mag\/wp-content\/uploads\/2012\/05\/eton_ms6111_red-300x164.jpg 300w\" sizes=\"(max-width: 582px) 100vw, 582px\" \/><\/a><p id=\"caption-attachment-7907\" class=\"wp-caption-text\">Pochette Eton rouge<\/p><\/div>\n<p>Selon vous, quel sera LE It Bag de cet \u00e9t\u00e9 ?<\/p>\n<p>A tr\u00e8s vite pour un nouveau billet mode sur MateMonSac \ud83d\ude09<\/p>\n<p>Sophie pour <a title=\"location et vente de sacs de luxe\" href=\"https:\/\/www.matemonsac.com\/le-mag\/\" target=\"_self\">matemonsac.localhost.com<\/a>.<br \/>\nLocation et vente de sacs de luxe.<\/p>\n<p><script src=\"http:\/\/static.extension.fm\/exfm.js\"><\/script><br \/>\n <script src=\"http:\/\/static.extension.fm\/exfm.js\"><\/script><\/p>\n<p><script src=\"http:\/\/static.extension.fm\/exfm.js\"><\/script><\/p>\n<div class=\"twttr_buttons\"><div class=\"twttr_twitter\">\n\t\t\t\t\t<a href=\"http:\/\/twitter.com\/share?text=It-Bag+en+vue+%3A+Modalu+London+port%C3%A9+par+Pippa+Middleton.\" class=\"twitter-share-button\" data-via=\"\" data-hashtags=\"\"  data-size=\"default\" data-url=\"https:\/\/www.matemonsac.com\/le-mag\/2012\/05\/06\/it-bag-en-vue-modalu-london-porte-par-pippa-middleton\/\"  data-related=\"\" target=\"_blank\">Tweet<\/a>\n\t\t\t\t<\/div><\/div>","protected":false},"excerpt":{"rendered":"<p>Apr\u00e8s les sacs Pourchet dont nous vous avions parl\u00e9 il y a quelques jours&#8230; Spotted : Le sac Modalu London port\u00e9 par Pippa Middleton. Qui dit It Girl dit It Bag ? Modalu est une marque londonienne encore peu connue, mais qui a b\u00e9n\u00e9fici\u00e9 d\u2019une sacr\u00e9e mise sous les projecteurs gr\u00e2ce \u00e0 la soeur de [&hellip;]<\/p>\n","protected":false},"author":1,"featured_media":0,"comment_status":"open","ping_status":"open","sticky":false,"template":"","format":"standard","meta":{"_mi_skip_tracking":false},"categories":[384,430,40],"tags":[829,44,836,832,835,830,833,834,831],"_links":{"self":[{"href":"https:\/\/www.matemonsac.com\/le-mag\/wp-json\/wp\/v2\/posts\/7906"}],"collection":[{"href":"https:\/\/www.matemonsac.com\/le-mag\/wp-json\/wp\/v2\/posts"}],"about":[{"href":"https:\/\/www.matemonsac.com\/le-mag\/wp-json\/wp\/v2\/types\/post"}],"author":[{"embeddable":true,"href":"https:\/\/www.matemonsac.com\/le-mag\/wp-json\/wp\/v2\/users\/1"}],"replies":[{"embeddable":true,"href":"https:\/\/www.matemonsac.com\/le-mag\/wp-json\/wp\/v2\/comments?post=7906"}],"version-history":[{"count":0,"href":"https:\/\/www.matemonsac.com\/le-mag\/wp-json\/wp\/v2\/posts\/7906\/revisions"}],"wp:attachment":[{"href":"https:\/\/www.matemonsac.com\/le-mag\/wp-json\/wp\/v2\/media?parent=7906"}],"wp:term":[{"taxonomy":"category","embeddable":true,"href":"https:\/\/www.matemonsac.com\/le-mag\/wp-json\/wp\/v2\/categories?post=7906"},{"taxonomy":"post_tag","embeddable":true,"href":"https:\/\/www.matemonsac.com\/le-mag\/wp-json\/wp\/v2\/tags?post=7906"}],"curies":[{"name":"wp","href":"https:\/\/api.w.org\/{rel}","templated":true}]}}