{"id":742,"date":"2009-02-20T07:27:44","date_gmt":"2009-02-20T06:27:44","guid":{"rendered":"https:\/\/www.matemonsac.com\/le-mag\/?p=742"},"modified":"2009-02-26T19:02:45","modified_gmt":"2009-02-26T18:02:45","slug":"le-sac-de-mon-amie-cecile","status":"publish","type":"post","link":"https:\/\/www.matemonsac.com\/le-mag\/2009\/02\/20\/le-sac-de-mon-amie-cecile\/","title":{"rendered":"Le sac de luxe de mon amie C\u00e9cile"},"content":{"rendered":"<p><strong>Girls in the City &#8211; \u00e9pisode n\u00b020<\/strong><\/p>\n<p><strong>Le sac de luxe de mon amie C\u00e9cile.<\/strong><\/p>\n<p>Il y a quelques jours nous regardions le sac <strong><a href=\"https:\/\/www.matemonsac.com\/le-mag\/?m=20090218\">Dior <\/a><\/strong>de mon amie Laetitia. Aujourd&rsquo;hui, nous n&rsquo;allons pas \u00e9tudier un sac <strong>Kelly<\/strong> ni un sac <strong>Birkin <\/strong>mais le sac de mon amie C\u00e9cile.<br \/>\nElle a accept\u00e9 de se pr\u00eater au jeu du vidage de sac avec son plus joli sourire. C\u00e9cile est une brunette hyper active et hyper rigolote. Une v\u00e9ritable parisienne qui travaille jour et nuit mais qui arrive \u00e0 avoir un sac ultra organis\u00e9. Elle se prom\u00e8ne \u00e7a et l\u00e0 avec un sublime sac \u00e0 main.<\/p>\n<p><a href=\"https:\/\/www.matemonsac.com\/le-mag\/?attachment_id=743\" rel=\"attachment wp-att-743\"><img decoding=\"async\" loading=\"lazy\" src=\"https:\/\/www.matemonsac.com\/le-mag\/wp-content\/uploads\/2009\/01\/img_0195-1024x768.jpg\" alt=\"img_0195\" title=\"img_0195\" width=\"1024\" height=\"768\" class=\"aligncenter size-large wp-image-743\" srcset=\"https:\/\/www.matemonsac.com\/le-mag\/wp-content\/uploads\/2009\/01\/img_0195-1024x768.jpg 1024w, https:\/\/www.matemonsac.com\/le-mag\/wp-content\/uploads\/2009\/01\/img_0195-300x225.jpg 300w, https:\/\/www.matemonsac.com\/le-mag\/wp-content\/uploads\/2009\/01\/img_0195-768x576.jpg 768w\" sizes=\"(max-width: 1024px) 100vw, 1024px\" \/><\/a><\/p>\n<p>Que met-elle dans son sac de luxe ?<\/p>\n<p><a href=\"https:\/\/www.matemonsac.com\/le-mag\/?attachment_id=744\" rel=\"attachment wp-att-744\"><img decoding=\"async\" loading=\"lazy\" src=\"https:\/\/www.matemonsac.com\/le-mag\/wp-content\/uploads\/2009\/01\/img_0197-1024x768.jpg\" alt=\"img_0197\" title=\"img_0197\" width=\"1024\" height=\"768\" class=\"aligncenter size-large wp-image-744\" srcset=\"https:\/\/www.matemonsac.com\/le-mag\/wp-content\/uploads\/2009\/01\/img_0197-1024x768.jpg 1024w, https:\/\/www.matemonsac.com\/le-mag\/wp-content\/uploads\/2009\/01\/img_0197-300x225.jpg 300w, https:\/\/www.matemonsac.com\/le-mag\/wp-content\/uploads\/2009\/01\/img_0197-768x576.jpg 768w\" sizes=\"(max-width: 1024px) 100vw, 1024px\" \/><\/a><br \/>\n&#8211; Un portefeuille en cuir fa\u00e7on serpent <strong>Herv\u00e9 Masson<\/strong> et son porte-cartes assorti.<br \/>\n&#8211; Une paire de gants <strong>Agnelle<\/strong> en cuir.<br \/>\n&#8211; Un flacon de son parfum f\u00e9tiche : Allure de <strong><a href=\"https:\/\/www.matemonsac.com\/le-mag\/?p=1128\">Chanel<<\/a>\/strong>.<br \/>\n&#8211; Un Blackberry comme toute wonderwoman qui se respecte.<br \/>\n&#8211; Un \u00ab\u00a0Carnet de tous les jours\u00a0\u00bb de <strong>Mark&rsquo;s<\/strong> o\u00f9 elle indique ses pens\u00e9es du jour, ses envies, ses to-do lists. Un tr\u00e8s joli carnet que l&rsquo;on trouve dans les boutiques de mus\u00e9es. Elle l&rsquo;a d\u00e9nich\u00e9 \u00e0 la librairie du mus\u00e9e Beaubourg ou sur <a href=\"http:\/\/www.centrepompidou.fr\">www.centrepompidou.fr<\/a>. Vous pouvez aussi les trouver chez Colette ou sur <a href=\"http:\/\/www.colette.fr\">www.colette.fr<\/a>.<br \/>\n&#8211; Une paire de lunettes solaires <strong>Ted Baker <\/strong>qui lui donne des allures de star.<br \/>\n&#8211; Un mini Ipod pour danser dans le m\u00e9tro en allant au boulot.<br \/>\n&#8211; Un stick pour les l\u00e8vres.<br \/>\n&#8211; Un gloss pour les l\u00e8vres, \u00e0 mettre apr\u00e8s le stick.<br \/>\n&#8211; Un livre magnifique : Les cerfs volants de Kaboul de Khaled Hosseini.<br \/>\n&#8211; La cr\u00e8me pour les mains d&rsquo;<strong>Elizabeth Arden<\/strong>. Qui n&rsquo;en a pas dans son sac ?<\/p>\n<p>Un grand merci \u00e0 C\u00e9cile pour sa participation \u00e0 notre s\u00e9rie ch\u00e9rie de d\u00e9ballage de it bag.<\/p>\n<p>Excellente journ\u00e9e \u00e0 tous.<\/p>\n<p>Maud<\/p>\n<div class=\"twttr_buttons\"><div class=\"twttr_twitter\">\n\t\t\t\t\t<a href=\"http:\/\/twitter.com\/share?text=Le+sac+de+luxe+de+mon+amie+C%C3%A9cile\" class=\"twitter-share-button\" data-via=\"\" data-hashtags=\"\"  data-size=\"default\" data-url=\"https:\/\/www.matemonsac.com\/le-mag\/2009\/02\/20\/le-sac-de-mon-amie-cecile\/\"  data-related=\"\" target=\"_blank\">Tweet<\/a>\n\t\t\t\t<\/div><\/div>","protected":false},"excerpt":{"rendered":"<p>Girls in the City &#8211; \u00e9pisode n\u00b020 Le sac de luxe de mon amie C\u00e9cile. Il y a quelques jours nous regardions le sac Dior de mon amie Laetitia. Aujourd&rsquo;hui, nous n&rsquo;allons pas \u00e9tudier un sac Kelly ni un sac Birkin mais le sac de mon amie C\u00e9cile. Elle a accept\u00e9 de se pr\u00eater au [&hellip;]<\/p>\n","protected":false},"author":1,"featured_media":0,"comment_status":"open","ping_status":"open","sticky":false,"template":"","format":"standard","meta":{"_mi_skip_tracking":false},"categories":[27],"tags":[98,7,101,100,102],"_links":{"self":[{"href":"https:\/\/www.matemonsac.com\/le-mag\/wp-json\/wp\/v2\/posts\/742"}],"collection":[{"href":"https:\/\/www.matemonsac.com\/le-mag\/wp-json\/wp\/v2\/posts"}],"about":[{"href":"https:\/\/www.matemonsac.com\/le-mag\/wp-json\/wp\/v2\/types\/post"}],"author":[{"embeddable":true,"href":"https:\/\/www.matemonsac.com\/le-mag\/wp-json\/wp\/v2\/users\/1"}],"replies":[{"embeddable":true,"href":"https:\/\/www.matemonsac.com\/le-mag\/wp-json\/wp\/v2\/comments?post=742"}],"version-history":[{"count":0,"href":"https:\/\/www.matemonsac.com\/le-mag\/wp-json\/wp\/v2\/posts\/742\/revisions"}],"wp:attachment":[{"href":"https:\/\/www.matemonsac.com\/le-mag\/wp-json\/wp\/v2\/media?parent=742"}],"wp:term":[{"taxonomy":"category","embeddable":true,"href":"https:\/\/www.matemonsac.com\/le-mag\/wp-json\/wp\/v2\/categories?post=742"},{"taxonomy":"post_tag","embeddable":true,"href":"https:\/\/www.matemonsac.com\/le-mag\/wp-json\/wp\/v2\/tags?post=742"}],"curies":[{"name":"wp","href":"https:\/\/api.w.org\/{rel}","templated":true}]}}