{"id":6783,"date":"2010-12-05T19:19:58","date_gmt":"2010-12-05T18:19:58","guid":{"rendered":"https:\/\/www.matemonsac.com\/le-mag\/?p=6783"},"modified":"2010-12-05T19:22:21","modified_gmt":"2010-12-05T18:22:21","slug":"le-sac-paris-house-de-mon-amie-yona","status":"publish","type":"post","link":"https:\/\/www.matemonsac.com\/le-mag\/2010\/12\/05\/le-sac-paris-house-de-mon-amie-yona\/","title":{"rendered":"Le sac Paris House de mon amie Yona."},"content":{"rendered":"<p>Aujourd&rsquo;hui j&rsquo;ai le grand plaisir de vous faire d\u00e9couvrir le sac \u00e0 main de Yona ainsi que son contenu.<\/p>\n<p>Yona est une charmante femme qui aime les belles choses et notamment les accessoires. C&rsquo;est aussi une de mes clientes, une de celles, comme <a title=\"julia\" href=\"https:\/\/www.matemonsac.com\/le-mag\/2010\/11\/12\/le-sac-nightingale-par-givenchy-de-mon-amie-julia\/\" target=\"_blank\">Julia<\/a>, Sophie, Marie et tant d&rsquo;autres qui me donnent envie de continuer l&rsquo;aventure et qui me sont tr\u00e8s fid\u00e8les ! Yona vit \u00e0 Gen\u00e8ve, aime d\u00e9couvrir des accessoires de cr\u00e9ateurs et r\u00e9alise de tr\u00e8s belles photos que je vous laisse d\u00e9couvrir&#8230;<\/p>\n<div id=\"attachment_6784\" style=\"width: 610px\" class=\"wp-caption aligncenter\"><a href=\"https:\/\/www.matemonsac.com\/le-mag\/wp-content\/uploads\/2010\/12\/paris-house-sac.jpg\"><img aria-describedby=\"caption-attachment-6784\" decoding=\"async\" loading=\"lazy\" class=\"size-full wp-image-6784\" title=\"paris-house-sac\" src=\"https:\/\/www.matemonsac.com\/le-mag\/wp-content\/uploads\/2010\/12\/paris-house-sac.jpg\" alt=\"paris-house-sac\" width=\"600\" height=\"400\" srcset=\"https:\/\/www.matemonsac.com\/le-mag\/wp-content\/uploads\/2010\/12\/paris-house-sac.jpg 600w, https:\/\/www.matemonsac.com\/le-mag\/wp-content\/uploads\/2010\/12\/paris-house-sac-300x200.jpg 300w\" sizes=\"(max-width: 600px) 100vw, 600px\" \/><\/a><p id=\"caption-attachment-6784\" class=\"wp-caption-text\">Sac \u00e0 main Paris House<\/p><\/div>\n<p>Il se trouve que ce magnifique sac \u00e0 main est en vente sur mon site <a title=\"paris house\" href=\"https:\/\/www.matemonsac.com\/le-mag\/marques\/nos-createurs\/paris-house\/54\/19\" target=\"_self\">matemonsac.localhost.com<\/a>. En effet j&rsquo;ai d\u00e9couvert les cr\u00e9ations de Sharon Paris pour Paris House il y a bient\u00f4t deux ans. Cette jeune n\u00e9o-z\u00e9landaise a commenc\u00e9 avec de la <a title=\"paris house\" href=\"https:\/\/www.matemonsac.com\/le-mag\/paris-house-porte-cartes-gentlemen-noir\" target=\"_self\">petite maroquinerie sur laquelle elle imprimait des messages amusants <\/a>afin de \u00ab\u00a0cr\u00e9er du lien\u00a0\u00bb, puis elle s&rsquo;est lanc\u00e9e cet hiver dans les sacs \u00e0 main avec ce mod\u00e8le de sac week-end dans une superbe qualit\u00e9 de cuir, avec une bandouli\u00e8re amovible et un message \u00ab\u00a0Easy come easy go\u00a0\u00bb et des dessins rigolos ! Je suis fan \u00e9galement car j&rsquo;en porte un et ce presque tous les jours. C&rsquo;est le type de sac que l&rsquo;on ne voit pas chez tout le monde et qui donc poss\u00e8de ce je ne sais quoi qui le rend unique !<\/p>\n<p>Que met donc Yona dans son <a title=\"paris house\" href=\"https:\/\/www.matemonsac.com\/le-mag\/paris-house-sac-a-main-noir-et-cognac\" target=\"_self\">sac \u00e0 main Paris House ?<\/a><\/p>\n<div id=\"attachment_6785\" style=\"width: 610px\" class=\"wp-caption aligncenter\"><a href=\"https:\/\/www.matemonsac.com\/le-mag\/wp-content\/uploads\/2010\/12\/paris-house-sac-yona.jpg\"><img aria-describedby=\"caption-attachment-6785\" decoding=\"async\" loading=\"lazy\" class=\"size-full wp-image-6785\" title=\"paris-house-sac-yona\" src=\"https:\/\/www.matemonsac.com\/le-mag\/wp-content\/uploads\/2010\/12\/paris-house-sac-yona.jpg\" alt=\"paris-house-sac-yona\" width=\"600\" height=\"469\" srcset=\"https:\/\/www.matemonsac.com\/le-mag\/wp-content\/uploads\/2010\/12\/paris-house-sac-yona.jpg 600w, https:\/\/www.matemonsac.com\/le-mag\/wp-content\/uploads\/2010\/12\/paris-house-sac-yona-300x235.jpg 300w\" sizes=\"(max-width: 600px) 100vw, 600px\" \/><\/a><p id=\"caption-attachment-6785\" class=\"wp-caption-text\">Sac Paris House<\/p><\/div>\n<div id=\"attachment_6786\" style=\"width: 610px\" class=\"wp-caption aligncenter\"><a href=\"https:\/\/www.matemonsac.com\/le-mag\/wp-content\/uploads\/2010\/12\/paris-house-sac-.jpg\"><img aria-describedby=\"caption-attachment-6786\" decoding=\"async\" loading=\"lazy\" class=\"size-full wp-image-6786\" title=\"paris-house-sac\" src=\"https:\/\/www.matemonsac.com\/le-mag\/wp-content\/uploads\/2010\/12\/paris-house-sac-.jpg\" alt=\"paris-house-sac\" width=\"600\" height=\"476\" srcset=\"https:\/\/www.matemonsac.com\/le-mag\/wp-content\/uploads\/2010\/12\/paris-house-sac-.jpg 600w, https:\/\/www.matemonsac.com\/le-mag\/wp-content\/uploads\/2010\/12\/paris-house-sac--300x238.jpg 300w\" sizes=\"(max-width: 600px) 100vw, 600px\" \/><\/a><p id=\"caption-attachment-6786\" class=\"wp-caption-text\">Sac Paris House<\/p><\/div>\n<div>\n<ol>\n<li>Son porte-documents de la marque <strong>Henry Cuir<\/strong> qui a d\u00e9j\u00e0 8 ans.<\/li>\n<li>Son portefeuille porte-monnaie <strong>C\u00e9line.<\/strong><\/li>\n<li>Une paire de lunettes solaires <strong><a title=\"celine\" href=\"https:\/\/www.matemonsac.com\/le-mag\/tag\/celine\/\" target=\"_blank\">C\u00e9line<\/a> <\/strong><strong> <\/strong>dans une pochette <a title=\"hermes\" href=\"http:\/\/france.hermes.com\/webapp\/wcs\/stores\/servlet\/CategoryDisplay?storeId=10201&amp;jspStoreDir=Hermes+Europe+Store&amp;categoryId=43959&amp;isHomepage=true&amp;langId=-2&amp;catalogId=10051&amp;ddkey=HermesStoreResolver\" target=\"_blank\"><strong>Herm\u00e8s<\/strong><\/a>. Tr\u00e8s chic !<\/li>\n<li><a title=\"sonia rykiel porte-cles\" href=\"https:\/\/www.matemonsac.com\/le-mag\/sonia-rykiel-porte-cle-7-en-strass-cristal-1.html\" target=\"_self\">Un porte-cl\u00e9s coeur\u00a0 de <strong>Sonia Rykiel<\/strong><\/a> et des pompons <a title=\"herm\u00e8s\" href=\"https:\/\/www.matemonsac.com\/le-mag\/sac-kelly-hermes-8.html\" target=\"_self\"><strong>Herm\u00e8s.<\/strong><\/a><\/li>\n<li>Un stylo .<\/li>\n<li>Un gros feutre.<\/li>\n<li>Un sac cabas \u00e0 pois pliant. Elle est bien organis\u00e9e Yona !<\/li>\n<li>Un iPod miniature.<\/li>\n<li>Et bien entendu son iPhone\u00a0 car elle est super branch\u00e9e comme vous pouvez le voir.<\/li>\n<li>Des feuilles  en vrac au cas o\u00f9 elle a besoin de faire signer un accord lorsqu&rsquo;elle prend une photo dans la rue.<\/li>\n<\/ol>\n<\/div>\n<div>Une chose est certaine, les helv\u00e8tes sont chic ! On me l&rsquo;avait dit, je le pensais, en voil\u00e0 la confirmation. Regardez un peu comme tous ses accessoires sont assortis au coloris des poign\u00e9es du sac ! Je dis bravo \u00e0 Yona pour ces parfaites associations.<\/div>\n<div><\/div>\n<div>Un immense merci \u00e0 Yona pour son aimable participation \u00e0 notre grande s\u00e9rie de d\u00e9ballage de sac.<\/div>\n<div><\/div>\n<div>A tr\u00e8s bient\u00f4t pour d&rsquo;autres d\u00e9ballages de sac \u00e0 main, le v\u00f4tre peut-\u00eatre ?<\/div>\n<div>Maud pour <a title=\"location et vente de sacs de luxe\" href=\"https:\/\/www.matemonsac.com\/le-mag\" target=\"_self\">matemonsac.localhost.com<\/a><br \/>\nLocation et vente de sacs de luxe.<\/div>\n<div class=\"twttr_buttons\"><div class=\"twttr_twitter\">\n\t\t\t\t\t<a href=\"http:\/\/twitter.com\/share?text=Le+sac+Paris+House+de+mon+amie+Yona.\" class=\"twitter-share-button\" data-via=\"\" data-hashtags=\"\"  data-size=\"default\" data-url=\"https:\/\/www.matemonsac.com\/le-mag\/2010\/12\/05\/le-sac-paris-house-de-mon-amie-yona\/\"  data-related=\"\" target=\"_blank\">Tweet<\/a>\n\t\t\t\t<\/div><\/div>","protected":false},"excerpt":{"rendered":"<p>Aujourd&rsquo;hui j&rsquo;ai le grand plaisir de vous faire d\u00e9couvrir le sac \u00e0 main de Yona ainsi que son contenu. Yona est une charmante femme qui aime les belles choses et notamment les accessoires. C&rsquo;est aussi une de mes clientes, une de celles, comme Julia, Sophie, Marie et tant d&rsquo;autres qui me donnent envie de continuer [&hellip;]<\/p>\n","protected":false},"author":1,"featured_media":0,"comment_status":"open","ping_status":"open","sticky":false,"template":"","format":"standard","meta":{"_mi_skip_tracking":false},"categories":[27],"tags":[92,522,30,70,209,238,23],"_links":{"self":[{"href":"https:\/\/www.matemonsac.com\/le-mag\/wp-json\/wp\/v2\/posts\/6783"}],"collection":[{"href":"https:\/\/www.matemonsac.com\/le-mag\/wp-json\/wp\/v2\/posts"}],"about":[{"href":"https:\/\/www.matemonsac.com\/le-mag\/wp-json\/wp\/v2\/types\/post"}],"author":[{"embeddable":true,"href":"https:\/\/www.matemonsac.com\/le-mag\/wp-json\/wp\/v2\/users\/1"}],"replies":[{"embeddable":true,"href":"https:\/\/www.matemonsac.com\/le-mag\/wp-json\/wp\/v2\/comments?post=6783"}],"version-history":[{"count":0,"href":"https:\/\/www.matemonsac.com\/le-mag\/wp-json\/wp\/v2\/posts\/6783\/revisions"}],"wp:attachment":[{"href":"https:\/\/www.matemonsac.com\/le-mag\/wp-json\/wp\/v2\/media?parent=6783"}],"wp:term":[{"taxonomy":"category","embeddable":true,"href":"https:\/\/www.matemonsac.com\/le-mag\/wp-json\/wp\/v2\/categories?post=6783"},{"taxonomy":"post_tag","embeddable":true,"href":"https:\/\/www.matemonsac.com\/le-mag\/wp-json\/wp\/v2\/tags?post=6783"}],"curies":[{"name":"wp","href":"https:\/\/api.w.org\/{rel}","templated":true}]}}