{"id":6592,"date":"2010-09-13T11:36:05","date_gmt":"2010-09-13T10:36:05","guid":{"rendered":"https:\/\/www.matemonsac.com\/le-mag\/?p=6592"},"modified":"2010-09-14T09:39:34","modified_gmt":"2010-09-14T08:39:34","slug":"le-sac-isabel-marant-de-marion","status":"publish","type":"post","link":"https:\/\/www.matemonsac.com\/le-mag\/2010\/09\/13\/le-sac-isabel-marant-de-marion\/","title":{"rendered":"Le sac Isabel Marant de Marion."},"content":{"rendered":"<p>Aujourd&rsquo;hui c&rsquo;est au tour de la charmante Marion de nous vider son sac en ligne pour notre s\u00e9rie <a title=\"bottega veneta\" href=\"https:\/\/www.matemonsac.com\/le-mag\/2010\/07\/26\/la-cabas-bottega-veneta-de-mon-amie-alexia\/\" target=\"_blank\"><strong>\u00ab\u00a0Qu&rsquo;y a t&rsquo;il dans le sac des femmes\u00a0\u00bb (le dernier \u00e9tait le cabas Bottega Veneta d&rsquo;Alexia).<\/strong><\/a><\/p>\n<p>Marion, 22 ans, l\u00e2che son appart et son boulot d&rsquo;h\u00f4tesse pour reprendre ses \u00e9tudes et faire une licence d&rsquo;italien. Elle doit du coup retourner chez \u00ab\u00a0maman\u00a0\u00bb ! Elle est courageuse, non ? Reprendre les \u00e9tudes et retourner chez ses parents, moi je dis bravo Marion. Je te souhaite de r\u00e9ussir tes \u00e9tudes..<\/p>\n<p>Marion a souhait\u00e9 ne pas rester dans l&rsquo;ombre et m&rsquo;a envoy\u00e9 son portrait, alors je diffuse sa photo. Si jamais un charmant jeune homme veut ses coordonn\u00e9es qu&rsquo;il me les demande !<\/p>\n<div id=\"attachment_6596\" style=\"width: 310px\" class=\"wp-caption aligncenter\"><a href=\"https:\/\/www.matemonsac.com\/le-mag\/wp-content\/uploads\/2010\/09\/portrait-marion.jpg\"><img aria-describedby=\"caption-attachment-6596\" decoding=\"async\" loading=\"lazy\" class=\"size-full wp-image-6596\" title=\"portrait-marion\" src=\"https:\/\/www.matemonsac.com\/le-mag\/wp-content\/uploads\/2010\/09\/portrait-marion.jpg\" alt=\"\" width=\"300\" height=\"265\" \/><\/a><p id=\"caption-attachment-6596\" class=\"wp-caption-text\">Marion<\/p><\/div>\n<p>Marion a choisi son sac Isabel Marant pour r\u00e9aliser ses photos.<br \/>\nPratiques, les sacs en toile imprim\u00e9s sont assez tendance en ce moment.<br \/>\nNous pouvons supposer que Marion est une fashionista en devenir, parce qu&rsquo;elle ne s&rsquo;est pas arr\u00eat\u00e9e sur n&rsquo;importe quel sac, c&rsquo;est celui d&rsquo;<strong>Isabel Marant !<\/strong><br \/>\nUne superbe marque fran\u00e7aise qu&rsquo;on adore chez Matemonsac !<\/p>\n<div id=\"attachment_6594\" style=\"width: 610px\" class=\"wp-caption aligncenter\"><a href=\"https:\/\/www.matemonsac.com\/le-mag\/wp-content\/uploads\/2010\/09\/sac-isabel-marant.jpg\"><img aria-describedby=\"caption-attachment-6594\" decoding=\"async\" loading=\"lazy\" class=\"size-full wp-image-6594\" title=\"sac-isabel-marant\" src=\"https:\/\/www.matemonsac.com\/le-mag\/wp-content\/uploads\/2010\/09\/sac-isabel-marant.jpg\" alt=\"Sac Isabel Marant\" width=\"600\" height=\"450\" srcset=\"https:\/\/www.matemonsac.com\/le-mag\/wp-content\/uploads\/2010\/09\/sac-isabel-marant.jpg 600w, https:\/\/www.matemonsac.com\/le-mag\/wp-content\/uploads\/2010\/09\/sac-isabel-marant-300x225.jpg 300w\" sizes=\"(max-width: 600px) 100vw, 600px\" \/><\/a><p id=\"caption-attachment-6594\" class=\"wp-caption-text\">Sac Isabel Marant<\/p><\/div>\n<p><strong>Que met donc Marion dans son sac imprim\u00e9 Isabel Marant ?<\/strong><\/p>\n<div id=\"attachment_6595\" style=\"width: 610px\" class=\"wp-caption aligncenter\"><a href=\"https:\/\/www.matemonsac.com\/le-mag\/wp-content\/uploads\/2010\/09\/sac-isabel-marant-contenu.jpg\"><img aria-describedby=\"caption-attachment-6595\" decoding=\"async\" loading=\"lazy\" class=\"size-full wp-image-6595\" title=\"sac-isabel-marant-contenu\" src=\"https:\/\/www.matemonsac.com\/le-mag\/wp-content\/uploads\/2010\/09\/sac-isabel-marant-contenu.jpg\" alt=\"Sac Isabel Marant contenu\" width=\"600\" height=\"450\" srcset=\"https:\/\/www.matemonsac.com\/le-mag\/wp-content\/uploads\/2010\/09\/sac-isabel-marant-contenu.jpg 600w, https:\/\/www.matemonsac.com\/le-mag\/wp-content\/uploads\/2010\/09\/sac-isabel-marant-contenu-300x225.jpg 300w\" sizes=\"(max-width: 600px) 100vw, 600px\" \/><\/a><p id=\"caption-attachment-6595\" class=\"wp-caption-text\">Contenu du sac Isabel Marant <\/p><\/div>\n<p>Qui aurait imagin\u00e9 qu&rsquo;il pouvait contenir tout cela ?<\/p>\n<ol>\n<li>Sa carte UGC illimit\u00e9 parce qu&rsquo;elle aime bien le cin\u00e9ma&#8230;<\/li>\n<li>Son portefeuille achet\u00e9 \u00e0 New York, et oui, c&rsquo;est pas chic \u00e7a ?<\/li>\n<li>Ses cl\u00e9s grigri avec un porte cl\u00e9 NY achet\u00e9 \u00e0 NY ! et une photo de sa m\u00e8re, sa soeur et elle dans le Menhir Express en 2002. Quel souvenir ? Marion ne serait-elle pas sentimentale ?<\/li>\n<li>Une brosse \u00e0 cheveux Air France. Et oui, parce qu&rsquo;elle voyage !<\/li>\n<li>De la ventoline car la pauvre fait de l&rsquo;asthme surtout avec le pollen en \u00e9t\u00e9.<\/li>\n<li>Ses lunettes RayBan achet\u00e9es en Sardaigne (sa terre d&rsquo;origine) avec un \u00e9tui Dior car elle a perdu l&rsquo;autre au Mus\u00e9e de l&rsquo;Air et de l&rsquo;Espace au Bourget. Elle bouge Marion, on ne peut pas lui retirer \u00e7a !<\/li>\n<li>Des mouchoirs pour ses\u00a0 fameuses allergies.<\/li>\n<li>Des lingettes nettoyantes H&amp;M au melon.<\/li>\n<li>Son passeport I LOVE TRAVEL achet\u00e9 chez Potiron.<\/li>\n<li>Son rouge\u00a0 \u00e0 l\u00e8vres Sephora.<\/li>\n<li>Son PinkBerry de working girl. On adore !<\/li>\n<li>Son dico italien\/fran\u00e7ais pour qu&rsquo;elle puisse se remettre \u00e0 niveau et chercher des traductions quand elle oublie sa langue maternelle.<\/li>\n<li>Son parfum \u00e0 l&rsquo;amande douce de La R\u00e9serve Naturelle offert par sa m\u00e8re.<\/li>\n<li>Un cahier pour noter ses id\u00e9es et chansons nostalgiques de sa r\u00e9cente rupture. Je suis bien d\u00e9sol\u00e9e Marion mais charmante comme tu es tu vas vite en retrouver un autre de beau brun !<\/li>\n<li>Son journal intime pour noter ses d\u00e9boires achet\u00e9 \u00e0 l&rsquo;a\u00e9roport de Newark lors de son retour de New York. Quelle chance !<\/li>\n<li>Une petite trousse avec des stylos NY pour noter ses id\u00e9es.<\/li>\n<li>Des cigarettes post-rupture et un briquet. Je ne cautionne toujours pas.<\/li>\n<li>Une photo prise sur sa serviette de plage en bronzant ce week-end au parc pr\u00e8s de chez elle. Veinarde.<\/li>\n<\/ol>\n<p>Un tr\u00e8s grand merci \u00e0 la jolie Marion qui nous a d\u00e9voil\u00e9 une part de son intimit\u00e9 avec son sac Isabel Marant.<\/p>\n<p>Bonne route \u00e0 toi !<\/p>\n<p>Maud pour <a title=\"location et vente de sacs de luxe\" href=\"https:\/\/www.matemonsac.com\/le-mag\" target=\"_self\">matemonsac.localhost.com<\/a><br \/>\nLocation et vente de sacs de luxe.<\/p>\n<div class=\"twttr_buttons\"><div class=\"twttr_twitter\">\n\t\t\t\t\t<a href=\"http:\/\/twitter.com\/share?text=Le+sac+Isabel+Marant+de+Marion.\" class=\"twitter-share-button\" data-via=\"\" data-hashtags=\"\"  data-size=\"default\" data-url=\"https:\/\/www.matemonsac.com\/le-mag\/2010\/09\/13\/le-sac-isabel-marant-de-marion\/\"  data-related=\"\" target=\"_blank\">Tweet<\/a>\n\t\t\t\t<\/div><\/div>","protected":false},"excerpt":{"rendered":"<p>Aujourd&rsquo;hui c&rsquo;est au tour de la charmante Marion de nous vider son sac en ligne pour notre s\u00e9rie \u00ab\u00a0Qu&rsquo;y a t&rsquo;il dans le sac des femmes\u00a0\u00bb (le dernier \u00e9tait le cabas Bottega Veneta d&rsquo;Alexia). Marion, 22 ans, l\u00e2che son appart et son boulot d&rsquo;h\u00f4tesse pour reprendre ses \u00e9tudes et faire une licence d&rsquo;italien. Elle doit [&hellip;]<\/p>\n","protected":false},"author":1,"featured_media":0,"comment_status":"open","ping_status":"open","sticky":false,"template":"","format":"standard","meta":{"_mi_skip_tracking":false},"categories":[27],"tags":[10,173,269,57],"_links":{"self":[{"href":"https:\/\/www.matemonsac.com\/le-mag\/wp-json\/wp\/v2\/posts\/6592"}],"collection":[{"href":"https:\/\/www.matemonsac.com\/le-mag\/wp-json\/wp\/v2\/posts"}],"about":[{"href":"https:\/\/www.matemonsac.com\/le-mag\/wp-json\/wp\/v2\/types\/post"}],"author":[{"embeddable":true,"href":"https:\/\/www.matemonsac.com\/le-mag\/wp-json\/wp\/v2\/users\/1"}],"replies":[{"embeddable":true,"href":"https:\/\/www.matemonsac.com\/le-mag\/wp-json\/wp\/v2\/comments?post=6592"}],"version-history":[{"count":0,"href":"https:\/\/www.matemonsac.com\/le-mag\/wp-json\/wp\/v2\/posts\/6592\/revisions"}],"wp:attachment":[{"href":"https:\/\/www.matemonsac.com\/le-mag\/wp-json\/wp\/v2\/media?parent=6592"}],"wp:term":[{"taxonomy":"category","embeddable":true,"href":"https:\/\/www.matemonsac.com\/le-mag\/wp-json\/wp\/v2\/categories?post=6592"},{"taxonomy":"post_tag","embeddable":true,"href":"https:\/\/www.matemonsac.com\/le-mag\/wp-json\/wp\/v2\/tags?post=6592"}],"curies":[{"name":"wp","href":"https:\/\/api.w.org\/{rel}","templated":true}]}}