{"id":5947,"date":"2010-02-13T05:25:29","date_gmt":"2010-02-13T04:25:29","guid":{"rendered":"https:\/\/www.matemonsac.com\/le-mag\/?p=5947"},"modified":"2010-02-06T20:31:35","modified_gmt":"2010-02-06T19:31:35","slug":"matemonsac-est-alle-a-maison-et-objet-episode-n%c2%b05","status":"publish","type":"post","link":"https:\/\/www.matemonsac.com\/le-mag\/2010\/02\/13\/matemonsac-est-alle-a-maison-et-objet-episode-n%c2%b05\/","title":{"rendered":"Matemonsac est all\u00e9 \u00e0 Maison et objet &#8211; \u00e9pisode n\u00b05"},"content":{"rendered":"<p><strong>Matemonsac est all\u00e9 \u00e0 Maison et objet &#8211; \u00e9pisode n\u00b05<\/strong><\/p>\n<p>Une petite derni\u00e8re pour le plaisir ! Regardez cette deux-chevaux toute recouverte de cuir, n&rsquo;est-elle pas amusante ?<br \/>\nEt ces poup\u00e9es japonaises, ne sont-elles pas adorables ? Je les aurais bien mises dans mon sac si j&rsquo;avais os\u00e9&#8230;<\/p>\n<div id=\"attachment_5948\" style=\"width: 608px\" class=\"wp-caption alignnone\"><a href=\"https:\/\/www.matemonsac.com\/le-mag\/2010\/02\/13\/matemonsac-est-alle-a-maison-et-objet-episode-n%c2%b05\/maison-et-objet-8\/\" rel=\"attachment wp-att-5948\"><img aria-describedby=\"caption-attachment-5948\" decoding=\"async\" loading=\"lazy\" src=\"https:\/\/www.matemonsac.com\/le-mag\/wp-content\/uploads\/2010\/02\/maison-et-objet-8.jpg\" alt=\"Maison et objet\" title=\"maison-et-objet-8\" width=\"598\" height=\"832\" class=\"size-full wp-image-5948\" srcset=\"https:\/\/www.matemonsac.com\/le-mag\/wp-content\/uploads\/2010\/02\/maison-et-objet-8.jpg 598w, https:\/\/www.matemonsac.com\/le-mag\/wp-content\/uploads\/2010\/02\/maison-et-objet-8-216x300.jpg 216w\" sizes=\"(max-width: 598px) 100vw, 598px\" \/><\/a><p id=\"caption-attachment-5948\" class=\"wp-caption-text\">Maison et objet<\/p><\/div>\n<p>Et vous, rouleriez-vous dans une telle voiture ?<\/p>\n<p>Maud pour <a href=\"https:\/\/www.matemonsac.com\/le-mag\">matemonsac.localhost.com<\/a><br \/>\nLocation et vente de sacs de luxe.<\/p>\n<div class=\"twttr_buttons\"><div class=\"twttr_twitter\">\n\t\t\t\t\t<a href=\"http:\/\/twitter.com\/share?text=Matemonsac+est+all%C3%A9+%C3%A0+Maison+et+objet+-+%C3%A9pisode+n%C2%B05\" class=\"twitter-share-button\" data-via=\"\" data-hashtags=\"\"  data-size=\"default\" data-url=\"https:\/\/www.matemonsac.com\/le-mag\/2010\/02\/13\/matemonsac-est-alle-a-maison-et-objet-episode-n%c2%b05\/\"  data-related=\"\" target=\"_blank\">Tweet<\/a>\n\t\t\t\t<\/div><\/div>","protected":false},"excerpt":{"rendered":"<p>Matemonsac est all\u00e9 \u00e0 Maison et objet &#8211; \u00e9pisode n\u00b05 Une petite derni\u00e8re pour le plaisir ! Regardez cette deux-chevaux toute recouverte de cuir, n&rsquo;est-elle pas amusante ? Et ces poup\u00e9es japonaises, ne sont-elles pas adorables ? Je les aurais bien mises dans mon sac si j&rsquo;avais os\u00e9&#8230; Et vous, rouleriez-vous dans une telle voiture [&hellip;]<\/p>\n","protected":false},"author":1,"featured_media":0,"comment_status":"open","ping_status":"open","sticky":false,"template":"","format":"standard","meta":{"_mi_skip_tracking":false},"categories":[104],"tags":[401],"_links":{"self":[{"href":"https:\/\/www.matemonsac.com\/le-mag\/wp-json\/wp\/v2\/posts\/5947"}],"collection":[{"href":"https:\/\/www.matemonsac.com\/le-mag\/wp-json\/wp\/v2\/posts"}],"about":[{"href":"https:\/\/www.matemonsac.com\/le-mag\/wp-json\/wp\/v2\/types\/post"}],"author":[{"embeddable":true,"href":"https:\/\/www.matemonsac.com\/le-mag\/wp-json\/wp\/v2\/users\/1"}],"replies":[{"embeddable":true,"href":"https:\/\/www.matemonsac.com\/le-mag\/wp-json\/wp\/v2\/comments?post=5947"}],"version-history":[{"count":0,"href":"https:\/\/www.matemonsac.com\/le-mag\/wp-json\/wp\/v2\/posts\/5947\/revisions"}],"wp:attachment":[{"href":"https:\/\/www.matemonsac.com\/le-mag\/wp-json\/wp\/v2\/media?parent=5947"}],"wp:term":[{"taxonomy":"category","embeddable":true,"href":"https:\/\/www.matemonsac.com\/le-mag\/wp-json\/wp\/v2\/categories?post=5947"},{"taxonomy":"post_tag","embeddable":true,"href":"https:\/\/www.matemonsac.com\/le-mag\/wp-json\/wp\/v2\/tags?post=5947"}],"curies":[{"name":"wp","href":"https:\/\/api.w.org\/{rel}","templated":true}]}}