{"id":5914,"date":"2010-02-09T05:00:10","date_gmt":"2010-02-09T04:00:10","guid":{"rendered":"https:\/\/www.matemonsac.com\/le-mag\/?p=5914"},"modified":"2010-02-06T19:36:40","modified_gmt":"2010-02-06T18:36:40","slug":"matemonsac-est-alle-faire-un-tour-au-salon-maison-objet-edition-janvier-2010","status":"publish","type":"post","link":"https:\/\/www.matemonsac.com\/le-mag\/2010\/02\/09\/matemonsac-est-alle-faire-un-tour-au-salon-maison-objet-edition-janvier-2010\/","title":{"rendered":"Matemonsac est all\u00e9 faire un tour au salon Maison &#038; Objet &#8211; \u00e9dition janvier 2010."},"content":{"rendered":"<p><strong>Matemonsac est all\u00e9 faire un tour au salon Maison &#038; Objet &#8211; \u00e9dition janvier 2010.<\/strong><\/p>\n<p>Comme chaque saison une \u00e9quipe de reportage pour Matemonsac s&rsquo;en est all\u00e9e faire un tour sur le salon Maison &#038; Objet de janvier 2010.<\/p>\n<p>Voici le premier p\u00eale-m\u00eale d&rsquo;une petite s\u00e9rie :<\/p>\n<div id=\"attachment_5921\" style=\"width: 610px\" class=\"wp-caption alignnone\"><a href=\"https:\/\/www.matemonsac.com\/le-mag\/2010\/02\/09\/matemonsac-est-alle-faire-un-tour-au-salon-maison-objet-edition-janvier-2010\/maison-et-objet-2\/\" rel=\"attachment wp-att-5921\"><img aria-describedby=\"caption-attachment-5921\" decoding=\"async\" loading=\"lazy\" src=\"https:\/\/www.matemonsac.com\/le-mag\/wp-content\/uploads\/2010\/02\/maison-et-objet1.jpg\" alt=\"maison et objet\" title=\"maison-et-objet\" width=\"600\" height=\"750\" class=\"size-full wp-image-5921\" srcset=\"https:\/\/www.matemonsac.com\/le-mag\/wp-content\/uploads\/2010\/02\/maison-et-objet1.jpg 600w, https:\/\/www.matemonsac.com\/le-mag\/wp-content\/uploads\/2010\/02\/maison-et-objet1-240x300.jpg 240w\" sizes=\"(max-width: 600px) 100vw, 600px\" \/><\/a><p id=\"caption-attachment-5921\" class=\"wp-caption-text\">maison et objet<\/p><\/div>\n<p>Maud pour matemonsac.localhost.com.<br \/>\nLocation et vente de sacs de luxe.<br \/>\n<a href=\"https:\/\/www.matemonsac.com\/le-mag\">matemonsac.localhost.com<\/a><\/p>\n<div class=\"twttr_buttons\"><div class=\"twttr_twitter\">\n\t\t\t\t\t<a href=\"http:\/\/twitter.com\/share?text=Matemonsac+est+all%C3%A9+faire+un+tour+au+salon+Maison+%26+Objet+-+%C3%A9dition+janvier+2010.\" class=\"twitter-share-button\" data-via=\"\" data-hashtags=\"\"  data-size=\"default\" data-url=\"https:\/\/www.matemonsac.com\/le-mag\/2010\/02\/09\/matemonsac-est-alle-faire-un-tour-au-salon-maison-objet-edition-janvier-2010\/\"  data-related=\"\" target=\"_blank\">Tweet<\/a>\n\t\t\t\t<\/div><\/div>","protected":false},"excerpt":{"rendered":"<p>Matemonsac est all\u00e9 faire un tour au salon Maison &#038; Objet &#8211; \u00e9dition janvier 2010. Comme chaque saison une \u00e9quipe de reportage pour Matemonsac s&rsquo;en est all\u00e9e faire un tour sur le salon Maison &#038; Objet de janvier 2010. Voici le premier p\u00eale-m\u00eale d&rsquo;une petite s\u00e9rie : Maud pour matemonsac.localhost.com. Location et vente de sacs [&hellip;]<\/p>\n","protected":false},"author":1,"featured_media":0,"comment_status":"open","ping_status":"open","sticky":false,"template":"","format":"standard","meta":{"_mi_skip_tracking":false},"categories":[104],"tags":[400],"_links":{"self":[{"href":"https:\/\/www.matemonsac.com\/le-mag\/wp-json\/wp\/v2\/posts\/5914"}],"collection":[{"href":"https:\/\/www.matemonsac.com\/le-mag\/wp-json\/wp\/v2\/posts"}],"about":[{"href":"https:\/\/www.matemonsac.com\/le-mag\/wp-json\/wp\/v2\/types\/post"}],"author":[{"embeddable":true,"href":"https:\/\/www.matemonsac.com\/le-mag\/wp-json\/wp\/v2\/users\/1"}],"replies":[{"embeddable":true,"href":"https:\/\/www.matemonsac.com\/le-mag\/wp-json\/wp\/v2\/comments?post=5914"}],"version-history":[{"count":0,"href":"https:\/\/www.matemonsac.com\/le-mag\/wp-json\/wp\/v2\/posts\/5914\/revisions"}],"wp:attachment":[{"href":"https:\/\/www.matemonsac.com\/le-mag\/wp-json\/wp\/v2\/media?parent=5914"}],"wp:term":[{"taxonomy":"category","embeddable":true,"href":"https:\/\/www.matemonsac.com\/le-mag\/wp-json\/wp\/v2\/categories?post=5914"},{"taxonomy":"post_tag","embeddable":true,"href":"https:\/\/www.matemonsac.com\/le-mag\/wp-json\/wp\/v2\/tags?post=5914"}],"curies":[{"name":"wp","href":"https:\/\/api.w.org\/{rel}","templated":true}]}}