{"id":4844,"date":"2009-08-31T05:22:08","date_gmt":"2009-08-31T03:22:08","guid":{"rendered":"https:\/\/www.matemonsac.com\/le-mag\/?p=4844"},"modified":"2010-01-10T17:45:51","modified_gmt":"2010-01-10T16:45:51","slug":"quy-a-til-dans-mon-sac-de-plage","status":"publish","type":"post","link":"https:\/\/www.matemonsac.com\/le-mag\/2009\/08\/31\/quy-a-til-dans-mon-sac-de-plage\/","title":{"rendered":"Qu&rsquo;y a t&rsquo;il dans mon sac de plage ?"},"content":{"rendered":"<p><strong>Qu&rsquo;y a t&rsquo;il dans mon sac de plage ? &#8211; \u00e9pisode n\u00b01<\/strong><\/p>\n<p>Je vous avais promis de vous vider mon sac de piscine \/ plage ? C&rsquo;est donc chose faite car j&rsquo;aime bien tenir mes promesses.<\/p>\n<p>Contrairement \u00e0 la majorit\u00e9 des jeunes femmes que j&rsquo;ai crois\u00e9es sur les plages de Saint-Tropez et qui arborent fi\u00e8rement des sacs des plus grandes marques de luxe telles que Louis Vuitton, Marc Jacobs ou Fendi je me suis content\u00e9e d&rsquo;un beau cabas en paille comme la majorit\u00e9 de mes amies. Je vous avoue que je trouve totalement ridicule le fait de se promener avec un it-bag de luxe \u00e0 la plage.<\/p>\n<p>On pose son sac par terre donc dans le sable, on l&rsquo;ab\u00eeme, il est malmen\u00e9, quel int\u00e9r\u00eat de faire subir cela un sac que l&rsquo;on  utilise en ville sous le pr\u00e9texte de vouloir faire sa cr\u00e2neuse ?<\/p>\n<p>Un bon vieux cabas en paille fait tr\u00e8s bien l&rsquo;affaire et je trouve cela beaucoup plus chic que de se balader avec un Louis Vuitton.<\/p>\n<p><a rel=\"attachment wp-att-4875\" href=\"https:\/\/www.matemonsac.com\/le-mag\/2009\/08\/31\/quy-a-til-dans-mon-sac-de-plage\/img_1738-3\/\"><img decoding=\"async\" loading=\"lazy\" class=\"aligncenter size-medium wp-image-4875\" title=\"cabas\" src=\"https:\/\/www.matemonsac.com\/le-mag\/wp-content\/uploads\/2009\/08\/IMG_17382-300x200.jpg\" alt=\"cabas\" width=\"300\" height=\"200\" srcset=\"https:\/\/www.matemonsac.com\/le-mag\/wp-content\/uploads\/2009\/08\/IMG_17382-300x200.jpg 300w, https:\/\/www.matemonsac.com\/le-mag\/wp-content\/uploads\/2009\/08\/IMG_17382-768x512.jpg 768w, https:\/\/www.matemonsac.com\/le-mag\/wp-content\/uploads\/2009\/08\/IMG_17382-1024x683.jpg 1024w\" sizes=\"(max-width: 300px) 100vw, 300px\" \/><\/a><\/p>\n<p>Qu&rsquo;y a t&rsquo;il donc dans mon sublime sac de plage en paille ?<\/p>\n<div id=\"attachment_4846\" style=\"width: 610px\" class=\"wp-caption aligncenter\"><a rel=\"attachment wp-att-4846\" href=\"https:\/\/www.matemonsac.com\/le-mag\/2009\/08\/31\/quy-a-til-dans-mon-sac-de-plage\/img_1735\/\"><img aria-describedby=\"caption-attachment-4846\" decoding=\"async\" loading=\"lazy\" class=\"size-large wp-image-4846\" title=\"contenu_sac_de_plage\" src=\"https:\/\/www.matemonsac.com\/le-mag\/wp-content\/uploads\/2009\/08\/IMG_1735-1024x682.jpg\" alt=\"contenu_sac_de_plage\" width=\"600\" height=\"400\" \/><\/a><p id=\"caption-attachment-4846\" class=\"wp-caption-text\">sac de plage<\/p><\/div>\n<p style=\"text-align: center;\">\n<ol>\n<li>Un peu de lecture avec des magazines et un bon polar. Tout ce que j&rsquo;aime au bord de la piscine.<\/li>\n<li>Mon portefeuille f\u00e9tiche de <strong>Paris House<\/strong> \u00ab\u00a0I&rsquo;m sick of being an artist I want to be a pop star\u00a0\u00bb.<\/li>\n<li>Mon gadget pr\u00e9f\u00e9r\u00e9 : le Blackberry et son oreillette bluetooth.<\/li>\n<li>Les cl\u00e9s de ma pouf mobile avec un joli porte-cl\u00e9 offert par ma belle-soeur et rapport\u00e9 d&rsquo;Espagne.<\/li>\n<li>Un jeton de caddie de supermarch\u00e9. Et oui un truc qui s&rsquo;est perdu au fond de mon sac de piscine et qui n&rsquo;a rien \u00e0 faire l\u00e0.<\/li>\n<li>Mon flash bag de <strong>Sonia Rykiel<\/strong> en velours orange avec mon appareil photo num\u00e9rique. Il me suit partout, toujours car il faut \u00eatre \u00e0 l&rsquo;aff\u00fbt en permanence pour pouvoir alimenter mon blog.<\/li>\n<li>Un paquet de kleenex. Indispensable.<\/li>\n<li>Une trousse de toilette <strong>H&amp;M <\/strong>en tissu imprim\u00e9 pop qui me sert de trousse pour produits solaires : huile solaire pour les cheveux, cr\u00e8me solaire, brumisateur et anti-moustiques (et oui je me fais piquer partout tout le temps et par n&rsquo;importre quel insecte alors je me prot\u00e8ge).<\/li>\n<\/ol>\n<p>On va dire que le contenu de mon cabas de piscine est relativement classique et contient juste l&rsquo;essentiel.<\/p>\n<p>A votre tour..<\/p>\n<p>Maud pour <a title=\"location et vente de sacs de luxe\" href=\"https:\/\/www.matemonsac.com\/le-mag\/\" target=\"_self\">matemonsac.localhost.com<\/a><br \/>\nLocation et vente de sacs de luxe<\/p>\n<div class=\"twttr_buttons\"><div class=\"twttr_twitter\">\n\t\t\t\t\t<a href=\"http:\/\/twitter.com\/share?text=Qu%27y+a+t%27il+dans+mon+sac+de+plage+%3F\" class=\"twitter-share-button\" data-via=\"\" data-hashtags=\"\"  data-size=\"default\" data-url=\"https:\/\/www.matemonsac.com\/le-mag\/2009\/08\/31\/quy-a-til-dans-mon-sac-de-plage\/\"  data-related=\"\" target=\"_blank\">Tweet<\/a>\n\t\t\t\t<\/div><\/div>","protected":false},"excerpt":{"rendered":"<p>Qu&rsquo;y a t&rsquo;il dans mon sac de plage ? &#8211; \u00e9pisode n\u00b01 Je vous avais promis de vous vider mon sac de piscine \/ plage ? C&rsquo;est donc chose faite car j&rsquo;aime bien tenir mes promesses. Contrairement \u00e0 la majorit\u00e9 des jeunes femmes que j&rsquo;ai crois\u00e9es sur les plages de Saint-Tropez et qui arborent fi\u00e8rement [&hellip;]<\/p>\n","protected":false},"author":1,"featured_media":0,"comment_status":"closed","ping_status":"closed","sticky":false,"template":"","format":"standard","meta":{"_mi_skip_tracking":false},"categories":[27],"tags":[67,238,23],"_links":{"self":[{"href":"https:\/\/www.matemonsac.com\/le-mag\/wp-json\/wp\/v2\/posts\/4844"}],"collection":[{"href":"https:\/\/www.matemonsac.com\/le-mag\/wp-json\/wp\/v2\/posts"}],"about":[{"href":"https:\/\/www.matemonsac.com\/le-mag\/wp-json\/wp\/v2\/types\/post"}],"author":[{"embeddable":true,"href":"https:\/\/www.matemonsac.com\/le-mag\/wp-json\/wp\/v2\/users\/1"}],"replies":[{"embeddable":true,"href":"https:\/\/www.matemonsac.com\/le-mag\/wp-json\/wp\/v2\/comments?post=4844"}],"version-history":[{"count":0,"href":"https:\/\/www.matemonsac.com\/le-mag\/wp-json\/wp\/v2\/posts\/4844\/revisions"}],"wp:attachment":[{"href":"https:\/\/www.matemonsac.com\/le-mag\/wp-json\/wp\/v2\/media?parent=4844"}],"wp:term":[{"taxonomy":"category","embeddable":true,"href":"https:\/\/www.matemonsac.com\/le-mag\/wp-json\/wp\/v2\/categories?post=4844"},{"taxonomy":"post_tag","embeddable":true,"href":"https:\/\/www.matemonsac.com\/le-mag\/wp-json\/wp\/v2\/tags?post=4844"}],"curies":[{"name":"wp","href":"https:\/\/api.w.org\/{rel}","templated":true}]}}