{"id":4827,"date":"2009-08-24T23:31:40","date_gmt":"2009-08-24T21:31:40","guid":{"rendered":"https:\/\/www.matemonsac.com\/le-mag\/?p=4827"},"modified":"2010-01-10T17:50:28","modified_gmt":"2010-01-10T16:50:28","slug":"mate-le-sac-de-plage-des-hommes-a-saint-tropez","status":"publish","type":"post","link":"https:\/\/www.matemonsac.com\/le-mag\/2009\/08\/24\/mate-le-sac-de-plage-des-hommes-a-saint-tropez\/","title":{"rendered":"Mate le sac de plage des hommes \u00e0 Saint-Tropez."},"content":{"rendered":"<p><strong>Mate le sac de plage des hommes \u00e0 Saint-Tropez.<\/strong><\/p>\n<p>Vous avez aim\u00e9 mon billet d&rsquo;hier avec les sacs de plage des femmes qui se prom\u00e8nent le long des plages de Saint-Tropez durant l&rsquo;\u00e9t\u00e9 ?<\/p>\n<p>Voici un autre mini-reportage avec les sacs de plage de nos hommes. Oui de nos hommes. Ils ont aussi des sacs de plage car si un homme peut se passer d&rsquo;un sac en ville, comment fait-il pour transporter sa cr\u00e8me solaire, sa serviette de plage, son maillot de bain de rechange (car il ne supporte pas garder un maillot de bain mouill\u00e9), son t\u00e9l\u00e9phone portable, son livre et son journal ?<\/p>\n<p>Et bien il fait comme nous, il prend son sac. S&rsquo;il n&rsquo;a pas une femme qui le fait pour lui, il est bien oblig\u00e9 de le faire et je dois avouer que parfois c&rsquo;en est \u00e9tonnant surtout lorsqu&rsquo;il s&rsquo;agit d&rsquo;un cabas de chez <strong>Goyard.<\/strong>.<\/p>\n<p>Il ose arborer un nervefull de Louis Vuitton, un sac Avia (tr\u00e8s tendance), un sac de plage en tissu ou un Ralph Lauren qui donne un petit c\u00f4t\u00e9 masculin au sac. En tous les cas tous les hommes photographi\u00e9s ici \u00e9taient seuls ou avec un autre homme mais nullement en train de porter le sac de plage de leur femme.<\/p>\n<p>Regardez donc :<\/p>\n<div id=\"attachment_4828\" style=\"width: 410px\" class=\"wp-caption aligncenter\"><a rel=\"attachment wp-att-4828\" href=\"https:\/\/www.matemonsac.com\/le-mag\/2009\/08\/24\/mate-le-sac-de-plage-des-hommes-a-saint-tropez\/sacs-des-hommes-de-plage-2\/\"><img aria-describedby=\"caption-attachment-4828\" decoding=\"async\" loading=\"lazy\" class=\"size-large wp-image-4828\" title=\"sacs des hommes \" src=\"https:\/\/www.matemonsac.com\/le-mag\/wp-content\/uploads\/2009\/08\/sacs-des-hommes-de-plage1-768x1024.jpg\" alt=\"sacs des hommes \" width=\"400\" height=\"600\" \/><\/a><p id=\"caption-attachment-4828\" class=\"wp-caption-text\">sacs de plage Saint-Tropez<\/p><\/div>\n<p style=\"text-align: center;\">\n<p>Et vous, si vous \u00eates un homme, quel sac de plage portez-vous ?<\/p>\n<p>Maud pour <a title=\"location et vente de sacs de luxe\" href=\"https:\/\/www.matemonsac.com\/le-mag\/\" target=\"_self\">matemonsac.localhost.com<\/a><br \/>\nLocation et vente de sacs de luxe<\/p>\n<div class=\"twttr_buttons\"><div class=\"twttr_twitter\">\n\t\t\t\t\t<a href=\"http:\/\/twitter.com\/share?text=Mate+le+sac+de+plage+des+hommes+%C3%A0+Saint-Tropez.\" class=\"twitter-share-button\" data-via=\"\" data-hashtags=\"\"  data-size=\"default\" data-url=\"https:\/\/www.matemonsac.com\/le-mag\/2009\/08\/24\/mate-le-sac-de-plage-des-hommes-a-saint-tropez\/\"  data-related=\"\" target=\"_blank\">Tweet<\/a>\n\t\t\t\t<\/div><\/div>","protected":false},"excerpt":{"rendered":"<p>Mate le sac de plage des hommes \u00e0 Saint-Tropez. Vous avez aim\u00e9 mon billet d&rsquo;hier avec les sacs de plage des femmes qui se prom\u00e8nent le long des plages de Saint-Tropez durant l&rsquo;\u00e9t\u00e9 ? Voici un autre mini-reportage avec les sacs de plage de nos hommes. Oui de nos hommes. Ils ont aussi des sacs [&hellip;]<\/p>\n","protected":false},"author":1,"featured_media":0,"comment_status":"open","ping_status":"open","sticky":false,"template":"","format":"standard","meta":{"_mi_skip_tracking":false},"categories":[89],"tags":[325,32,22,324],"_links":{"self":[{"href":"https:\/\/www.matemonsac.com\/le-mag\/wp-json\/wp\/v2\/posts\/4827"}],"collection":[{"href":"https:\/\/www.matemonsac.com\/le-mag\/wp-json\/wp\/v2\/posts"}],"about":[{"href":"https:\/\/www.matemonsac.com\/le-mag\/wp-json\/wp\/v2\/types\/post"}],"author":[{"embeddable":true,"href":"https:\/\/www.matemonsac.com\/le-mag\/wp-json\/wp\/v2\/users\/1"}],"replies":[{"embeddable":true,"href":"https:\/\/www.matemonsac.com\/le-mag\/wp-json\/wp\/v2\/comments?post=4827"}],"version-history":[{"count":0,"href":"https:\/\/www.matemonsac.com\/le-mag\/wp-json\/wp\/v2\/posts\/4827\/revisions"}],"wp:attachment":[{"href":"https:\/\/www.matemonsac.com\/le-mag\/wp-json\/wp\/v2\/media?parent=4827"}],"wp:term":[{"taxonomy":"category","embeddable":true,"href":"https:\/\/www.matemonsac.com\/le-mag\/wp-json\/wp\/v2\/categories?post=4827"},{"taxonomy":"post_tag","embeddable":true,"href":"https:\/\/www.matemonsac.com\/le-mag\/wp-json\/wp\/v2\/tags?post=4827"}],"curies":[{"name":"wp","href":"https:\/\/api.w.org\/{rel}","templated":true}]}}