{"id":4798,"date":"2009-08-06T13:43:49","date_gmt":"2009-08-06T11:43:49","guid":{"rendered":"https:\/\/www.matemonsac.com\/le-mag\/?p=4798"},"modified":"2010-01-10T17:54:18","modified_gmt":"2010-01-10T16:54:18","slug":"mate-mon-sac-de-plage","status":"publish","type":"post","link":"https:\/\/www.matemonsac.com\/le-mag\/2009\/08\/06\/mate-mon-sac-de-plage\/","title":{"rendered":"Mate mon \u00ab\u00a0sac de plage\u00a0\u00bb."},"content":{"rendered":"<p>Mate mon \u00ab\u00a0sac de plage\u00a0\u00bb.<\/p>\n<p>Et si nous nous amusions \u00e0 vider nos \u00ab\u00a0sacs de plage\u00a0\u00bb en ligne ?<br \/>\nCe sont les vacances (pas pour tout le monde malheureusement) et je propose \u00e0 celles et ceux qui en profitent de me vider leur \u00ab\u00a0sac de plage\u00a0\u00bb ou leur \u00ab\u00a0sac de vacances\u00a0\u00bb de le faire sur Mate Mon Sac plut\u00f4t que dans Cosmo (m\u00eame si j&rsquo;aime beaucoup les magazines de mode, je pr\u00e9f\u00e8re mon blog !).<\/p>\n<p>Nous vidons toute l&rsquo;ann\u00e9e des sacs \u00e0 main de luxe dans ma d\u00e9sormais c\u00e9l\u00e8bre rubrique \u00ab\u00a0Qu&rsquo;y a t&rsquo;il dans le sac des femmes?\u00a0\u00bb qui servent \u00e0 des jeunes femmes et des jeunes gens actifs (ou non). Et si nous montrions ce que nous transportons avec nous lorsque nous sommes d\u00e9tendus, lorsque nous nous promenons ou allons \u00e0 la plage pour nous reposer ?<\/p>\n<p>Je vous invite donc \u00e0 m&rsquo;envoyer vos photos de sacs de vacances quels qu&rsquo;il soient et je me ferai un plaisir de les mettre en ligne dans une nouvelle rubrique \u00ab\u00a0Qu&rsquo;y a t&rsquo;il dans mon sac de plage ?\u00a0\u00bb.<\/p>\n<p>Je vous souhaite d&rsquo;excellentes vacances et vais de ce pas vider mon sac de piscine pour vous le montrer.<\/p>\n<p>Maud pour <a title=\"location et vente de sacs de luxe\" href=\"https:\/\/www.matemonsac.com\/le-mag\/\" target=\"_self\">matemonsac.localhost.com<\/a><br \/>\nLocation et vente de sacs de luxe<\/p>\n<div class=\"twttr_buttons\"><div class=\"twttr_twitter\">\n\t\t\t\t\t<a href=\"http:\/\/twitter.com\/share?text=Mate+mon+%22sac+de+plage%22.\" class=\"twitter-share-button\" data-via=\"\" data-hashtags=\"\"  data-size=\"default\" data-url=\"https:\/\/www.matemonsac.com\/le-mag\/2009\/08\/06\/mate-mon-sac-de-plage\/\"  data-related=\"\" target=\"_blank\">Tweet<\/a>\n\t\t\t\t<\/div><\/div>","protected":false},"excerpt":{"rendered":"<p>Mate mon \u00ab\u00a0sac de plage\u00a0\u00bb. Et si nous nous amusions \u00e0 vider nos \u00ab\u00a0sacs de plage\u00a0\u00bb en ligne ? Ce sont les vacances (pas pour tout le monde malheureusement) et je propose \u00e0 celles et ceux qui en profitent de me vider leur \u00ab\u00a0sac de plage\u00a0\u00bb ou leur \u00ab\u00a0sac de vacances\u00a0\u00bb de le faire sur [&hellip;]<\/p>\n","protected":false},"author":1,"featured_media":0,"comment_status":"open","ping_status":"open","sticky":false,"template":"","format":"standard","meta":{"_mi_skip_tracking":false},"categories":[27],"tags":[21,321],"_links":{"self":[{"href":"https:\/\/www.matemonsac.com\/le-mag\/wp-json\/wp\/v2\/posts\/4798"}],"collection":[{"href":"https:\/\/www.matemonsac.com\/le-mag\/wp-json\/wp\/v2\/posts"}],"about":[{"href":"https:\/\/www.matemonsac.com\/le-mag\/wp-json\/wp\/v2\/types\/post"}],"author":[{"embeddable":true,"href":"https:\/\/www.matemonsac.com\/le-mag\/wp-json\/wp\/v2\/users\/1"}],"replies":[{"embeddable":true,"href":"https:\/\/www.matemonsac.com\/le-mag\/wp-json\/wp\/v2\/comments?post=4798"}],"version-history":[{"count":0,"href":"https:\/\/www.matemonsac.com\/le-mag\/wp-json\/wp\/v2\/posts\/4798\/revisions"}],"wp:attachment":[{"href":"https:\/\/www.matemonsac.com\/le-mag\/wp-json\/wp\/v2\/media?parent=4798"}],"wp:term":[{"taxonomy":"category","embeddable":true,"href":"https:\/\/www.matemonsac.com\/le-mag\/wp-json\/wp\/v2\/categories?post=4798"},{"taxonomy":"post_tag","embeddable":true,"href":"https:\/\/www.matemonsac.com\/le-mag\/wp-json\/wp\/v2\/tags?post=4798"}],"curies":[{"name":"wp","href":"https:\/\/api.w.org\/{rel}","templated":true}]}}