{"id":3945,"date":"2009-05-26T06:24:44","date_gmt":"2009-05-26T04:24:44","guid":{"rendered":"https:\/\/www.matemonsac.com\/le-mag\/?p=3945"},"modified":"2010-01-10T18:25:21","modified_gmt":"2010-01-10T17:25:21","slug":"le-sac-zara-de-mon-ami-thierry","status":"publish","type":"post","link":"https:\/\/www.matemonsac.com\/le-mag\/2009\/05\/26\/le-sac-zara-de-mon-ami-thierry\/","title":{"rendered":"Le sac Zara de mon ami Thierry"},"content":{"rendered":"<p><strong>Le sac Zara de mon ami Thierry ou \u00abQu\u2019y a t\u2019il dans le sac des hommes ?\u00bb &#8211; \u00e9pisode n\u00b06<\/strong><\/p>\n<p>Apr\u00e8s le sublime sac de mon ami Alexis, c\u2019est au tour de mon ami Thierry de nous faire son grand d\u00e9ballage. Thierry est un charmant jeune homme au sourire ravageur qui travaille dans la mode et j\u2019aime \u00e7a.<br \/>\nIl a accept\u00e9 de me vider son sac avec beaucoup d\u2019enthousiasme et je l\u2019en remercie. J\u2019aurais ador\u00e9 mettre une photo de lui en ligne tant il est beau mais nous nous serions trop \u00e9loign\u00e9s de notre sujet principal qui est le sac de luxe et donc son sac \u00e0 main !<\/p>\n<p><a rel=\"attachment wp-att-3948\" href=\"https:\/\/www.matemonsac.com\/le-mag\/2009\/05\/26\/le-sac-zara-de-mon-ami-thierry\/sac_zara_t\/\"><img decoding=\"async\" loading=\"lazy\" class=\"aligncenter size-medium wp-image-3948\" title=\"sac_zara_t\" src=\"https:\/\/www.matemonsac.com\/le-mag\/wp-content\/uploads\/2009\/05\/sac_zara_t-264x300.jpg\" alt=\"sac_zara_t\" width=\"264\" height=\"300\" srcset=\"https:\/\/www.matemonsac.com\/le-mag\/wp-content\/uploads\/2009\/05\/sac_zara_t-264x300.jpg 264w, https:\/\/www.matemonsac.com\/le-mag\/wp-content\/uploads\/2009\/05\/sac_zara_t.jpg 532w\" sizes=\"(max-width: 264px) 100vw, 264px\" \/><\/a><\/p>\n<p>Thierry se prom\u00e8ne dans les rues de Paris (et d\u2019ailleurs) avec un grand sac<strong> Zara <\/strong>qui lui permet d\u2019emporter tout son n\u00e9cessaire avec lui.<br \/>\nIl ne s\u2019agit pas d\u2019un it bag mais plut\u00f4t d\u2019un tr\u00e8s beau sac vintage pour homme qu\u2019il porte avec beaucoup d&rsquo;\u00e9l\u00e9gance.<\/p>\n<p>Que met Thierry dans son sac vintage <strong>Zara <\/strong>?<\/p>\n<p><a rel=\"attachment wp-att-3953\" href=\"https:\/\/www.matemonsac.com\/le-mag\/2009\/05\/26\/le-sac-zara-de-mon-ami-thierry\/zara_conteni_sac1\/\"><img decoding=\"async\" loading=\"lazy\" class=\"aligncenter size-full wp-image-3953\" title=\"zara_conteni_sac1\" src=\"https:\/\/www.matemonsac.com\/le-mag\/wp-content\/uploads\/2009\/05\/zara_conteni_sac1.jpg\" alt=\"zara_conteni_sac1\" width=\"558\" height=\"502\" srcset=\"https:\/\/www.matemonsac.com\/le-mag\/wp-content\/uploads\/2009\/05\/zara_conteni_sac1.jpg 558w, https:\/\/www.matemonsac.com\/le-mag\/wp-content\/uploads\/2009\/05\/zara_conteni_sac1-300x270.jpg 300w\" sizes=\"(max-width: 558px) 100vw, 558px\" \/><\/a><\/p>\n<p>&#8211; Son portefeuille et son porte-monnaie <strong>Marc Jacobs<\/strong>. So chic Thierry, j\u2019adore.<br \/>\n&#8211; Son ch\u00e9quier.<br \/>\n&#8211; Deux paires de lunettes solaires, l\u2019une <strong>RayBan<\/strong> et l\u2019autre <strong>Prada<\/strong>. On ne sait jamais, mieux vaut avoir le choix en cas de beau temps, et il a enti\u00e8rement raison.<br \/>\n&#8211; Un parapluie achet\u00e9 au magasin <strong>Le Printemps<\/strong> en cas de mauvais temps !<br \/>\n&#8211; Des cigarettes. Je ne cautionne pas du tout.<br \/>\n&#8211; Son appareil photo \u00ab\u00a0Lomography Colorsplash\u00a0\u00bb qu\u2019il aime bien pour prendre des photos \u00abFun color\u00bb. Thierry a un petit c\u00f4t\u00e9 artiste que j\u2019aime bien.<br \/>\n&#8211; Ses clefs.<br \/>\n&#8211; Son <strong>Ipod<\/strong> avec ses \u00e9couteurs AKG.<br \/>\n&#8211; Un coupe-ongles afin de ne jamais \u00eatre n\u00e9glig\u00e9. Oui, Thierry est un homme de go\u00fbt.<br \/>\n&#8211; Son m\u00e8tre-ruban.<br \/>\n&#8211; Son parfum \u00ab\u00a01 Million\u00a0\u00bb de <strong>Paco Rabanne.<\/strong><br \/>\n&#8211; Son agenda  achet\u00e9 au <strong>Printemps<\/strong>.<br \/>\n&#8211; Et son t\u00e9l\u00e9phone portable Nokia qui le relie au reste du monde.<\/p>\n<p>Un grand merci \u00e0 Thierry pour sa participation \u00e0 notre grande s\u00e9rie de d\u00e9ballages de sacs d\u2019hommes. Une s\u00e9rie qui commence \u00e0 plaire autant que celle des sacs de femme. J\u2019esp\u00e8re d\u2019ailleurs que vous allez \u00eatre de plus en plus nombreux \u00e0 y participer. N\u2019h\u00e9sitez pas \u00e0 me contacter ou \u00e0 m\u2019envoyer vos photos que je me ferai un immense plaisir de mettre en ligne. C&rsquo;est gr\u00e2ce \u00e0 vos photos que cette s\u00e9rie existe.<\/p>\n<p>A tr\u00e8s vite pour d\u2019autres d\u00e9ballages de sacs de luxe.<\/p>\n<p>Maud pour <a title=\"location et vente de sacs de luxe\" href=\"https:\/\/www.matemonsac.com\/le-mag\/\" target=\"_self\">matemonsac.localhost.com<\/a>.<br \/>\nLocation et vente de sacs de luxe.<\/p>\n<div class=\"twttr_buttons\"><div class=\"twttr_twitter\">\n\t\t\t\t\t<a href=\"http:\/\/twitter.com\/share?text=Le+sac+Zara+de+mon+ami+Thierry\" class=\"twitter-share-button\" data-via=\"\" data-hashtags=\"\"  data-size=\"default\" data-url=\"https:\/\/www.matemonsac.com\/le-mag\/2009\/05\/26\/le-sac-zara-de-mon-ami-thierry\/\"  data-related=\"\" target=\"_blank\">Tweet<\/a>\n\t\t\t\t<\/div><\/div>","protected":false},"excerpt":{"rendered":"<p>Le sac Zara de mon ami Thierry ou \u00abQu\u2019y a t\u2019il dans le sac des hommes ?\u00bb &#8211; \u00e9pisode n\u00b06 Apr\u00e8s le sublime sac de mon ami Alexis, c\u2019est au tour de mon ami Thierry de nous faire son grand d\u00e9ballage. Thierry est un charmant jeune homme au sourire ravageur qui travaille dans la mode [&hellip;]<\/p>\n","protected":false},"author":1,"featured_media":0,"comment_status":"open","ping_status":"open","sticky":false,"template":"","format":"standard","meta":{"_mi_skip_tracking":false},"categories":[89],"tags":[209,270,62,271,36,269,112],"_links":{"self":[{"href":"https:\/\/www.matemonsac.com\/le-mag\/wp-json\/wp\/v2\/posts\/3945"}],"collection":[{"href":"https:\/\/www.matemonsac.com\/le-mag\/wp-json\/wp\/v2\/posts"}],"about":[{"href":"https:\/\/www.matemonsac.com\/le-mag\/wp-json\/wp\/v2\/types\/post"}],"author":[{"embeddable":true,"href":"https:\/\/www.matemonsac.com\/le-mag\/wp-json\/wp\/v2\/users\/1"}],"replies":[{"embeddable":true,"href":"https:\/\/www.matemonsac.com\/le-mag\/wp-json\/wp\/v2\/comments?post=3945"}],"version-history":[{"count":0,"href":"https:\/\/www.matemonsac.com\/le-mag\/wp-json\/wp\/v2\/posts\/3945\/revisions"}],"wp:attachment":[{"href":"https:\/\/www.matemonsac.com\/le-mag\/wp-json\/wp\/v2\/media?parent=3945"}],"wp:term":[{"taxonomy":"category","embeddable":true,"href":"https:\/\/www.matemonsac.com\/le-mag\/wp-json\/wp\/v2\/categories?post=3945"},{"taxonomy":"post_tag","embeddable":true,"href":"https:\/\/www.matemonsac.com\/le-mag\/wp-json\/wp\/v2\/tags?post=3945"}],"curies":[{"name":"wp","href":"https:\/\/api.w.org\/{rel}","templated":true}]}}