{"id":3743,"date":"2009-05-13T06:15:17","date_gmt":"2009-05-13T04:15:17","guid":{"rendered":"https:\/\/www.matemonsac.com\/le-mag\/?p=3743"},"modified":"2010-01-10T18:36:08","modified_gmt":"2010-01-10T17:36:08","slug":"le-sac-naf-naf-de-mon-amie-charlie","status":"publish","type":"post","link":"https:\/\/www.matemonsac.com\/le-mag\/2009\/05\/13\/le-sac-naf-naf-de-mon-amie-charlie\/","title":{"rendered":"Le sac Naf Naf de mon amie Charlie"},"content":{"rendered":"<p><strong>Le sac Naf Naf de mon amie Charlie ou \u00ab\u00a0Girls in the City\u00a0\u00bb &#8211; \u00e9pisode n\u00b032.<\/strong><\/p>\n<p>La derni\u00e8re fois que nous avions vid\u00e9 un sac il s&rsquo;agissait du <a href=\"https:\/\/www.matemonsac.com\/le-mag\/2009\/04\/17\/le-sac-diesel-de-mon-amie-nezha\">sac Diesel de mon amie Nezha<\/a>.<\/p>\n<p>Aujourd&rsquo;hui c&rsquo;est au tour de mon amie Charlie de nous vider son grand cabas <strong><a href=\"http:\/\/www.nafnaf.com\/\">Naf Naf<\/a><\/strong>.<br \/>\nCharlie est une jeune directrice de client\u00e8le en agence de pub, ultra-dynamique et tout \u00e0 fait charmante. Elle a accept\u00e9 de se pr\u00eater au jeu tout en disant que son sac n&rsquo;\u00e9tait pas un it bag, ce \u00e0 quoi je lui ai r\u00e9pondu que tous les sacs des femme m&rsquo;int\u00e9ressent m\u00eame les sacs vintage. Celui-l\u00e0, elle n&rsquo;arrive pas \u00e0 s&rsquo;en d\u00e9faire tant il est pratique. Nous aimons toutes avoir un immense fourre-tout dans lequel nous pouvons mettre toutes nos affaires de filles, non ? Il n&rsquo;est pas obligatoire de porter un sac Chanel ou sac Herm\u00e8s tous les jours !<\/p>\n<p><a rel=\"attachment wp-att-3744\" href=\"https:\/\/www.matemonsac.com\/le-mag\/2009\/05\/13\/le-sac-naf-naf-de-mon-amie-charlie\/p1010005\/\"><img decoding=\"async\" loading=\"lazy\" class=\"aligncenter size-medium wp-image-3744\" title=\"Naf_Naf_sac\" src=\"https:\/\/www.matemonsac.com\/le-mag\/wp-content\/uploads\/2009\/05\/p1010005-225x300.jpg\" alt=\"Naf_Naf_sac\" width=\"225\" height=\"300\" srcset=\"https:\/\/www.matemonsac.com\/le-mag\/wp-content\/uploads\/2009\/05\/p1010005-225x300.jpg 225w, https:\/\/www.matemonsac.com\/le-mag\/wp-content\/uploads\/2009\/05\/p1010005-768x1024.jpg 768w\" sizes=\"(max-width: 225px) 100vw, 225px\" \/><\/a><\/p>\n<p>Que met donc une jeune femme dynamique dans son grand cabas Naf Naf ?<\/p>\n<p><a rel=\"attachment wp-att-3745\" href=\"https:\/\/www.matemonsac.com\/le-mag\/2009\/05\/13\/le-sac-naf-naf-de-mon-amie-charlie\/p1010002\/\"><img decoding=\"async\" loading=\"lazy\" class=\"aligncenter size-medium wp-image-3745\" title=\"naf_naf_sac_contenu\" src=\"https:\/\/www.matemonsac.com\/le-mag\/wp-content\/uploads\/2009\/05\/p1010002-282x300.jpg\" alt=\"naf_naf_sac_contenu\" width=\"282\" height=\"300\" \/><\/a><\/p>\n<ol>\n<li> Un portefeuille de <strong><a href=\"http:\/\/www.la-bagagerie.com\/bagagerie.htm\">La Bagagerie.<\/a><\/strong><\/li>\n<li> Un porte-monnaie achet\u00e9 dans une boutique de la rue des Martyrs qu&rsquo;elle aime bien.<\/li>\n<li> Une pochette de maquillage n\u00e9erlandaise <strong><a href=\"http:\/\/www.globalaffairs.nl\">Global Affairs <\/a><\/strong>dans laquelle elle met son stick \u00e0 l\u00e8vres, sa lime \u00e0 ongles, son mascara, son pinceau et sa poudre <strong>Sephora<\/strong>.<\/li>\n<li>Un gel pour les mains anti-bact\u00e9riens.<\/li>\n<li>Un string. Et oui, un string. Cela fait plusieurs mois que les hommes fantasment sur le contenu des sacs \u00e0 main des femmes, les voil\u00e0 servis. Et je peux vous assurer que c&rsquo;est vrai car j&rsquo;ai assist\u00e9 \u00e0 son d\u00e9ballage de sac pendant un d\u00eener, c&rsquo;est donc la stricte v\u00e9rit\u00e9. Oui messieurs, nous avons parfois un string avec nous dans notre sac !<\/li>\n<li> Une bo\u00eete de Nurofen car nous avons souvent mal \u00e0 la t\u00eate.<\/li>\n<li> Un \u00e9lastique \u00e0 cheveux.<\/li>\n<li> Un bonnet de chez <strong>Zadig et Voltaire <\/strong>offert par les parents de son mec.<\/li>\n<li>Un stylo.<\/li>\n<li>Un plan de Paris.<\/li>\n<li>Une bo\u00eete de bonbons Ricola.<\/li>\n<li> Une cl\u00e9 USB. Tr\u00e8s pratique.<\/li>\n<li> Un agenda de la marque Sojasun offert par sa cliente.<\/li>\n<p>Un grand merci \u00e0 Charlie pour ce d\u00e9ballage surprenant qui va en \u00e9tonner plus d&rsquo;un \u00e0 mon avis.<\/p>\n<p>Et vous, avez-vous un string dans votre sac \u00e0 main ?<\/p>\n<p>A tr\u00e8s vite pour d&rsquo;autres d\u00e9ballages de sacs \u00e0 main en ligne sur MateMonSac.<\/p>\n<p>Maud pour <a title=\"location et vente de sacs de luxe\" href=\"https:\/\/www.matemonsac.com\/le-mag\/\" target=\"_self\">matemonsac.localhost.com<\/a>.<br \/>\nLocation et vente de sacs de luxe.<\/ol>\n<div class=\"twttr_buttons\"><div class=\"twttr_twitter\">\n\t\t\t\t\t<a href=\"http:\/\/twitter.com\/share?text=Le+sac+Naf+Naf+de+mon+amie+Charlie\" class=\"twitter-share-button\" data-via=\"\" data-hashtags=\"\"  data-size=\"default\" data-url=\"https:\/\/www.matemonsac.com\/le-mag\/2009\/05\/13\/le-sac-naf-naf-de-mon-amie-charlie\/\"  data-related=\"\" target=\"_blank\">Tweet<\/a>\n\t\t\t\t<\/div><\/div>","protected":false},"excerpt":{"rendered":"<p>Le sac Naf Naf de mon amie Charlie ou \u00ab\u00a0Girls in the City\u00a0\u00bb &#8211; \u00e9pisode n\u00b032. La derni\u00e8re fois que nous avions vid\u00e9 un sac il s&rsquo;agissait du sac Diesel de mon amie Nezha. Aujourd&rsquo;hui c&rsquo;est au tour de mon amie Charlie de nous vider son grand cabas Naf Naf. Charlie est une jeune directrice [&hellip;]<\/p>\n","protected":false},"author":1,"featured_media":0,"comment_status":"open","ping_status":"open","sticky":false,"template":"","format":"standard","meta":{"_mi_skip_tracking":false},"categories":[27],"tags":[258,257,256,57],"_links":{"self":[{"href":"https:\/\/www.matemonsac.com\/le-mag\/wp-json\/wp\/v2\/posts\/3743"}],"collection":[{"href":"https:\/\/www.matemonsac.com\/le-mag\/wp-json\/wp\/v2\/posts"}],"about":[{"href":"https:\/\/www.matemonsac.com\/le-mag\/wp-json\/wp\/v2\/types\/post"}],"author":[{"embeddable":true,"href":"https:\/\/www.matemonsac.com\/le-mag\/wp-json\/wp\/v2\/users\/1"}],"replies":[{"embeddable":true,"href":"https:\/\/www.matemonsac.com\/le-mag\/wp-json\/wp\/v2\/comments?post=3743"}],"version-history":[{"count":0,"href":"https:\/\/www.matemonsac.com\/le-mag\/wp-json\/wp\/v2\/posts\/3743\/revisions"}],"wp:attachment":[{"href":"https:\/\/www.matemonsac.com\/le-mag\/wp-json\/wp\/v2\/media?parent=3743"}],"wp:term":[{"taxonomy":"category","embeddable":true,"href":"https:\/\/www.matemonsac.com\/le-mag\/wp-json\/wp\/v2\/categories?post=3743"},{"taxonomy":"post_tag","embeddable":true,"href":"https:\/\/www.matemonsac.com\/le-mag\/wp-json\/wp\/v2\/tags?post=3743"}],"curies":[{"name":"wp","href":"https:\/\/api.w.org\/{rel}","templated":true}]}}