{"id":3513,"date":"2009-04-29T06:17:19","date_gmt":"2009-04-29T05:17:19","guid":{"rendered":"https:\/\/www.matemonsac.com\/le-mag\/?p=3513"},"modified":"2012-11-08T14:05:03","modified_gmt":"2012-11-08T13:05:03","slug":"sac-jackie-de-gucci-a-vendre","status":"publish","type":"post","link":"https:\/\/www.matemonsac.com\/le-mag\/2009\/04\/29\/sac-jackie-de-gucci-a-vendre\/","title":{"rendered":"Sac Jackie de Gucci \u00e0 vendre."},"content":{"rendered":"<p><strong><a href=\"https:\/\/www.matemonsac.com\/le-mag\/2009\/02\/27\/sacs-de-luxe-a-vendre\/\">Mon vide-dressing de sacs de luxe<\/a>.<\/strong><br \/>\n<span style=\"text-decoration: line-through;\"><strong>Sac Gucci \u00e0 vendre. <\/strong><\/span><strong>VENDU<\/strong><\/p>\n<p><span style=\"text-decoration: line-through;\"><strong>Sac de luxe \u00e0 vendre : sac Jackie de la maison Gucci en toile noire.<\/strong><\/span><\/p>\n<p><a rel=\"attachment wp-att-3577\" href=\"https:\/\/www.matemonsac.com\/le-mag\/2009\/04\/29\/sac-jackie-de-gucci-a-vendre\/p1010546\/\"><img decoding=\"async\" loading=\"lazy\" class=\"aligncenter size-medium wp-image-3577\" title=\"gucci_jackie\" src=\"https:\/\/www.matemonsac.com\/le-mag\/wp-content\/uploads\/2009\/04\/p1010546-151x300.jpg\" alt=\"gucci_jackie\" width=\"151\" height=\"300\" \/><\/a><a rel=\"attachment wp-att-3578\" href=\"https:\/\/www.matemonsac.com\/le-mag\/2009\/04\/29\/sac-jackie-de-gucci-a-vendre\/p1010539\/\"><img decoding=\"async\" loading=\"lazy\" class=\"aligncenter size-medium wp-image-3578\" title=\"gucci_jackie\" src=\"https:\/\/www.matemonsac.com\/le-mag\/wp-content\/uploads\/2009\/04\/p1010539-259x300.jpg\" alt=\"gucci_jackie\" width=\"259\" height=\"300\" srcset=\"https:\/\/www.matemonsac.com\/le-mag\/wp-content\/uploads\/2009\/04\/p1010539-259x300.jpg 259w, https:\/\/www.matemonsac.com\/le-mag\/wp-content\/uploads\/2009\/04\/p1010539-768x889.jpg 768w, https:\/\/www.matemonsac.com\/le-mag\/wp-content\/uploads\/2009\/04\/p1010539-885x1024.jpg 885w\" sizes=\"(max-width: 259px) 100vw, 259px\" \/><\/a><\/p>\n<p>Ce sac <strong>Gucci<\/strong> est un vrai sac de luxe : le sac ic\u00f4ne de la maison Gucci que Jackie Kennedy portait dans les ann\u00e9es 50.<\/p>\n<p><!--more--><br \/>\n<strong>Sac<\/strong> : mod\u00e8le port\u00e9-\u00e9paule de la maison <strong>Gucci<\/strong>.<br \/>\n<strong> Etat <\/strong>: sac d&rsquo;occasion en tr\u00e8s bon \u00e9tat, l\u00e9g\u00e8rement us\u00e9 aux angles mais il s&rsquo;agit d&rsquo;une usure normale.<br \/>\n<strong> Dimensions<\/strong> :  26 x 17  x 4 cm.<br \/>\n<strong> Mati\u00e8re<\/strong> : toile logo et cuir noir.<\/p>\n<p><strong> D\u00e9tails<\/strong> :<br \/>\n&#8211; anse en cuir.<br \/>\n&#8211; \u00e0 l&rsquo;int\u00e9rieur: une poche zipp\u00e9e.<br \/>\n&#8211; bijouterie en m\u00e9tal argent.<\/p>\n<p><strong> Logo<\/strong> : \u00e0 l&rsquo;int\u00e9rieur du sac sur la poche et sur le fermoir du sac.<\/p>\n<p><span style=\"text-decoration: line-through;\"><strong>Prix Matemonsac<\/strong> : 170\u20ac.<\/span><\/p>\n<p><span style=\"text-decoration: line-through;\">Ce sac est <strong>garanti authentique<\/strong>, vous pouvez le faire v\u00e9rifier dans n&rsquo;importe quelle boutique <strong>Gucci<\/strong><\/span><\/p>\n<p><span style=\"text-decoration: line-through;\"><strong>Je le vends \u00e0 170 \u20ac frais de port inclus pour la France<\/strong> (me contacter pour une livraison vers d&rsquo;autres pays).<\/span><\/p>\n<p><span style=\"text-decoration: line-through;\"><strong>Paiement <\/strong>: Paypal, virement bancaire ou ch\u00e8que personnel (et envoi de l&rsquo;article une fois que le ch\u00e8que a \u00e9t\u00e9 re\u00e7u et encaiss\u00e9).<br \/>\n<strong>Livraison 48h<\/strong> par Colissimo.<\/span><\/p>\n<p>Si vous \u00eates int\u00e9ress\u00e9s par ce sac de luxe <strong>Gucci<\/strong> ou si vous souhaitez obtenir plus d&rsquo;informations ou de photos, contactez-moi \u00e0 l&rsquo;adresse suivante : videdressing.matemonsac@gmail.com<\/p>\n<p>Allez faire un tour sur ma rubrique <a href=\"https:\/\/www.matemonsac.com\/le-mag\/2009\/02\/27\/sacs-de-luxe-a-vendre\/\">Sacs de luxe \u00e0 vendre<\/a> pour voir les autres mod\u00e8les qui sont dans mon vide-dressing actuellement.<\/p>\n<p>Excellent shopping.<\/p>\n<p>Maud pour <a title=\"location et vente de sacs de luxe\" href=\"https:\/\/www.matemonsac.com\/le-mag\/\" target=\"_self\">matemonsac.localhost.com<\/a>.<br \/>\nLocation et vente de sacs de luxe. <!-- AddThis Button BEGIN --><\/p>\n<div><a title=\"Bookmark and Share\" href=\"http:\/\/www.addthis.com\/bookmark.php?pub=maudfourier\" target=\"_blank\"><img decoding=\"async\" loading=\"lazy\" style=\"border:0\" src=\"http:\/\/s7.addthis.com\/static\/btn\/lg-share-en.gif\" alt=\"Bookmark and Share\" width=\"125\" height=\"16\" \/><\/a><\/div>\n<p><!-- AddThis Button END --><\/p>\n<div class=\"twttr_buttons\"><div class=\"twttr_twitter\">\n\t\t\t\t\t<a href=\"http:\/\/twitter.com\/share?text=Sac+Jackie+de+Gucci+%C3%A0+vendre.\" class=\"twitter-share-button\" data-via=\"\" data-hashtags=\"\"  data-size=\"default\" data-url=\"https:\/\/www.matemonsac.com\/le-mag\/2009\/04\/29\/sac-jackie-de-gucci-a-vendre\/\"  data-related=\"\" target=\"_blank\">Tweet<\/a>\n\t\t\t\t<\/div><\/div>","protected":false},"excerpt":{"rendered":"<p>Mon vide-dressing de sacs de luxe. Sac Gucci \u00e0 vendre. VENDU Sac de luxe \u00e0 vendre : sac Jackie de la maison Gucci en toile noire. Ce sac Gucci est un vrai sac de luxe : le sac ic\u00f4ne de la maison Gucci que Jackie Kennedy portait dans les ann\u00e9es 50.<\/p>\n","protected":false},"author":1,"featured_media":0,"comment_status":"open","ping_status":"open","sticky":false,"template":"","format":"standard","meta":{"_mi_skip_tracking":false},"categories":[386],"tags":[9,250],"_links":{"self":[{"href":"https:\/\/www.matemonsac.com\/le-mag\/wp-json\/wp\/v2\/posts\/3513"}],"collection":[{"href":"https:\/\/www.matemonsac.com\/le-mag\/wp-json\/wp\/v2\/posts"}],"about":[{"href":"https:\/\/www.matemonsac.com\/le-mag\/wp-json\/wp\/v2\/types\/post"}],"author":[{"embeddable":true,"href":"https:\/\/www.matemonsac.com\/le-mag\/wp-json\/wp\/v2\/users\/1"}],"replies":[{"embeddable":true,"href":"https:\/\/www.matemonsac.com\/le-mag\/wp-json\/wp\/v2\/comments?post=3513"}],"version-history":[{"count":0,"href":"https:\/\/www.matemonsac.com\/le-mag\/wp-json\/wp\/v2\/posts\/3513\/revisions"}],"wp:attachment":[{"href":"https:\/\/www.matemonsac.com\/le-mag\/wp-json\/wp\/v2\/media?parent=3513"}],"wp:term":[{"taxonomy":"category","embeddable":true,"href":"https:\/\/www.matemonsac.com\/le-mag\/wp-json\/wp\/v2\/categories?post=3513"},{"taxonomy":"post_tag","embeddable":true,"href":"https:\/\/www.matemonsac.com\/le-mag\/wp-json\/wp\/v2\/tags?post=3513"}],"curies":[{"name":"wp","href":"https:\/\/api.w.org\/{rel}","templated":true}]}}