{"id":2998,"date":"2009-04-06T05:05:06","date_gmt":"2009-04-06T04:05:06","guid":{"rendered":"https:\/\/www.matemonsac.com\/le-mag\/?p=2998"},"modified":"2012-11-08T14:05:30","modified_gmt":"2012-11-08T13:05:30","slug":"je-vous-trouve-le-sac-de-vos-reves","status":"publish","type":"post","link":"https:\/\/www.matemonsac.com\/le-mag\/2009\/04\/06\/je-vous-trouve-le-sac-de-vos-reves\/","title":{"rendered":"Le sac de vos r\u00eaves."},"content":{"rendered":"<p><strong>Le sac de vos r\u00eaves.<\/strong><\/p>\n<p>Et si je vous proposais de vous trouver le sac de vos r\u00eaves, vous en penseriez quoi ?<br \/>\n<a rel=\"attachment wp-att-3006\" href=\"https:\/\/www.matemonsac.com\/le-mag\/2009\/04\/06\/je-vous-trouve-le-sac-de-vos-reves\/chanel255noir\/\"><img decoding=\"async\" loading=\"lazy\" class=\"aligncenter size-medium wp-image-3006\" title=\"chanel_2.55_noir\" src=\"https:\/\/www.matemonsac.com\/le-mag\/wp-content\/uploads\/2009\/04\/chanel255noir-300x300.jpg\" alt=\"chanel_2.55_noir\" width=\"300\" height=\"300\" srcset=\"https:\/\/www.matemonsac.com\/le-mag\/wp-content\/uploads\/2009\/04\/chanel255noir-300x300.jpg 300w, https:\/\/www.matemonsac.com\/le-mag\/wp-content\/uploads\/2009\/04\/chanel255noir.jpg 336w\" sizes=\"(max-width: 300px) 100vw, 300px\" \/><\/a><br \/>\nC&rsquo;est en cr\u00e9ant mon vide-dressing de sacs que j&rsquo;ai eu cette id\u00e9e. En effet, vous avez \u00e9t\u00e9 nombreuses \u00e0 me dire que vous cherchiez un mod\u00e8le de sac en particulier et que c&rsquo;\u00e9tait celui-l\u00e0 que vous vouliez et pas un autre plut\u00f4t que ceux que je vous proposais. Alors je me suis dit que je pourrais <strong>partir en chasse pour vous<\/strong> et vous d\u00e9nicher le sac vintage dont vous r\u00eavez et que vous ne pouvez pas vous offrir en boutique&#8230;<\/p>\n<p><a rel=\"attachment wp-att-3009\" href=\"https:\/\/www.matemonsac.com\/le-mag\/2009\/04\/06\/je-vous-trouve-le-sac-de-vos-reves\/kelly\/\"><img decoding=\"async\" loading=\"lazy\" class=\"aligncenter size-full wp-image-3009\" title=\"kelly\" src=\"https:\/\/www.matemonsac.com\/le-mag\/wp-content\/uploads\/2009\/04\/kelly.jpg\" alt=\"kelly\" width=\"124\" height=\"124\" \/><\/a><a rel=\"attachment wp-att-3016\" href=\"https:\/\/www.matemonsac.com\/le-mag\/2009\/04\/06\/je-vous-trouve-le-sac-de-vos-reves\/city_balenciaga\/\"><img decoding=\"async\" loading=\"lazy\" class=\"aligncenter size-full wp-image-3016\" title=\"city_balenciaga\" src=\"https:\/\/www.matemonsac.com\/le-mag\/wp-content\/uploads\/2009\/04\/city_balenciaga.jpg\" alt=\"city_balenciaga\" width=\"213\" height=\"179\" \/><\/a><a rel=\"attachment wp-att-3019\" href=\"https:\/\/www.matemonsac.com\/le-mag\/2009\/04\/06\/je-vous-trouve-le-sac-de-vos-reves\/sac_muse_ysl\/\"><img decoding=\"async\" loading=\"lazy\" class=\"aligncenter size-medium wp-image-3019\" title=\"sac_muse_ysl\" src=\"https:\/\/www.matemonsac.com\/le-mag\/wp-content\/uploads\/2009\/04\/sac_muse_ysl-300x300.jpg\" alt=\"sac_muse_ysl\" width=\"300\" height=\"300\" srcset=\"https:\/\/www.matemonsac.com\/le-mag\/wp-content\/uploads\/2009\/04\/sac_muse_ysl-300x300.jpg 300w, https:\/\/www.matemonsac.com\/le-mag\/wp-content\/uploads\/2009\/04\/sac_muse_ysl.jpg 500w\" sizes=\"(max-width: 300px) 100vw, 300px\" \/><\/a><\/p>\n<p>Si vous r\u00eavez d&rsquo;un sac <strong><a href=\"https:\/\/www.matemonsac.com\/le-mag\/2009\/02\/23\/le-it-bag-chanel-du-printempsete-2009\/\">Chanel<\/a><\/strong> matelass\u00e9, le fameux 2.55 ou d&rsquo;un sac <strong>Kelly<\/strong>, ou d&rsquo;un <strong>Gucci <\/strong>monogramm\u00e9 ind\u00e9modable, ou du <strong>Muse two<\/strong> d&rsquo;<strong><a href=\"https:\/\/www.matemonsac.com\/le-mag\/2009\/03\/20\/sac-yves-saint-laurent-a-vendre\/\">Yves Saint Laurent<\/a><\/strong> ou d&rsquo;un City de <strong>Balenciaga<\/strong>, ou d&rsquo;un <strong>Miu Miu <\/strong>Coffer, ou d&rsquo;un magnifique sac <strong><a href=\"https:\/\/www.matemonsac.com\/le-mag\/2009\/03\/26\/chloe-lunettes-solaires-a-vendre\/\">Chlo\u00e9<\/a><\/strong>, ou de n&rsquo;importe quel autre mod\u00e8le dites-le moi et je partirai en chasse pour vous.<\/p>\n<p>Ecrivez-moi \u00e0 l&rsquo;adresse suivante pour me dire quel est le sac de vos r\u00eaves :<strong> matemonsac@gmail.com<\/strong>.<\/p>\n<p>A tr\u00e8s vite.<\/p>\n<p>Maud pour <a title=\"location et vente de sacs de luxe\" href=\"https:\/\/www.matemonsac.com\/le-mag\/\" target=\"_self\">matemonsac.localhost.com<\/a>.<br \/>\nLocation et vente de sacs de luxe.<\/p>\n<div class=\"twttr_buttons\"><div class=\"twttr_twitter\">\n\t\t\t\t\t<a href=\"http:\/\/twitter.com\/share?text=Le+sac+de+vos+r%C3%AAves.\" class=\"twitter-share-button\" data-via=\"\" data-hashtags=\"\"  data-size=\"default\" data-url=\"https:\/\/www.matemonsac.com\/le-mag\/2009\/04\/06\/je-vous-trouve-le-sac-de-vos-reves\/\"  data-related=\"\" target=\"_blank\">Tweet<\/a>\n\t\t\t\t<\/div><\/div>","protected":false},"excerpt":{"rendered":"<p>Le sac de vos r\u00eaves. Et si je vous proposais de vous trouver le sac de vos r\u00eaves, vous en penseriez quoi ? C&rsquo;est en cr\u00e9ant mon vide-dressing de sacs que j&rsquo;ai eu cette id\u00e9e. En effet, vous avez \u00e9t\u00e9 nombreuses \u00e0 me dire que vous cherchiez un mod\u00e8le de sac en particulier et que [&hellip;]<\/p>\n","protected":false},"author":1,"featured_media":0,"comment_status":"open","ping_status":"open","sticky":false,"template":"","format":"standard","meta":{"_mi_skip_tracking":false},"categories":[386],"tags":[37,7,9,134,220,24],"_links":{"self":[{"href":"https:\/\/www.matemonsac.com\/le-mag\/wp-json\/wp\/v2\/posts\/2998"}],"collection":[{"href":"https:\/\/www.matemonsac.com\/le-mag\/wp-json\/wp\/v2\/posts"}],"about":[{"href":"https:\/\/www.matemonsac.com\/le-mag\/wp-json\/wp\/v2\/types\/post"}],"author":[{"embeddable":true,"href":"https:\/\/www.matemonsac.com\/le-mag\/wp-json\/wp\/v2\/users\/1"}],"replies":[{"embeddable":true,"href":"https:\/\/www.matemonsac.com\/le-mag\/wp-json\/wp\/v2\/comments?post=2998"}],"version-history":[{"count":0,"href":"https:\/\/www.matemonsac.com\/le-mag\/wp-json\/wp\/v2\/posts\/2998\/revisions"}],"wp:attachment":[{"href":"https:\/\/www.matemonsac.com\/le-mag\/wp-json\/wp\/v2\/media?parent=2998"}],"wp:term":[{"taxonomy":"category","embeddable":true,"href":"https:\/\/www.matemonsac.com\/le-mag\/wp-json\/wp\/v2\/categories?post=2998"},{"taxonomy":"post_tag","embeddable":true,"href":"https:\/\/www.matemonsac.com\/le-mag\/wp-json\/wp\/v2\/tags?post=2998"}],"curies":[{"name":"wp","href":"https:\/\/api.w.org\/{rel}","templated":true}]}}