{"id":18421,"date":"2017-05-03T10:36:25","date_gmt":"2017-05-03T09:36:25","guid":{"rendered":"https:\/\/www.matemonsac.com\/le-mag\/?p=18421"},"modified":"2017-05-02T10:37:16","modified_gmt":"2017-05-02T09:37:16","slug":"maud-fourier-a-presente-ses-sacs-uniques-au-mob-hotel","status":"publish","type":"post","link":"https:\/\/www.matemonsac.com\/le-mag\/2017\/05\/03\/maud-fourier-a-presente-ses-sacs-uniques-au-mob-hotel\/","title":{"rendered":"Maud Fourier a pr\u00e9sent\u00e9 ses sacs uniques au Mob H\u00f4tel."},"content":{"rendered":"<p><span style=\"color: #808080;\">Du 20 mars au 2 avril, la cr\u00e9atrice de sacs <a style=\"color: #808080;\" href=\"http:\/\/www.maudfourier.com\/\"><strong>Maud Fourier<\/strong> <\/a>a \u00e9t\u00e9 invit\u00e9e par <strong><a style=\"color: #808080;\" href=\"https:\/\/www.matemonsac.com\/le-mag\/2017\/04\/21\/aline-afanoukoe-\u2026-de-maud-fourier\/\">Aline Afanouko\u00e9<\/a><\/strong> et <strong>Cyril Aouizerate<\/strong> au <a style=\"color: #808080;\" href=\"http:\/\/www.mobhotel.com\/paris\/\"><strong>Mob H\u00f4tel<\/strong> <\/a>de Saint-Ouen pour y tenir un pop-up store.<\/span><\/p>\n<div id=\"attachment_18442\" style=\"width: 610px\" class=\"wp-caption aligncenter\"><a style=\"color: #808080;\" href=\"http:\/\/www.mobhotel.com\/paris\/\"><img aria-describedby=\"caption-attachment-18442\" decoding=\"async\" loading=\"lazy\" class=\"wp-image-18442 size-full\" src=\"https:\/\/www.matemonsac.com\/le-mag\/wp-content\/uploads\/2017\/04\/IMG_1114.jpg\" alt=\"mob-hotel-cyril-aouizerate\" width=\"600\" height=\"450\" srcset=\"https:\/\/www.matemonsac.com\/le-mag\/wp-content\/uploads\/2017\/04\/IMG_1114.jpg 600w, https:\/\/www.matemonsac.com\/le-mag\/wp-content\/uploads\/2017\/04\/IMG_1114-300x225.jpg 300w\" sizes=\"(max-width: 600px) 100vw, 600px\" \/><\/a><p id=\"caption-attachment-18442\" class=\"wp-caption-text\"><span style=\"color: #808080;\">Le Mob H\u00f4tel, un endroit o\u00f9 il fait bon vivre !<\/span><\/p><\/div>\n<div id=\"attachment_18443\" style=\"width: 610px\" class=\"wp-caption aligncenter\"><a style=\"color: #808080;\" href=\"http:\/\/www.maudfourier.com\"><img aria-describedby=\"caption-attachment-18443\" decoding=\"async\" loading=\"lazy\" class=\"wp-image-18443 size-full\" src=\"https:\/\/www.matemonsac.com\/le-mag\/wp-content\/uploads\/2017\/04\/IMG_1112.jpg\" alt=\"\" width=\"600\" height=\"936\" srcset=\"https:\/\/www.matemonsac.com\/le-mag\/wp-content\/uploads\/2017\/04\/IMG_1112.jpg 600w, https:\/\/www.matemonsac.com\/le-mag\/wp-content\/uploads\/2017\/04\/IMG_1112-192x300.jpg 192w\" sizes=\"(max-width: 600px) 100vw, 600px\" \/><\/a><p id=\"caption-attachment-18443\" class=\"wp-caption-text\"><span style=\"color: #808080;\">Cyril Aouizerate, fondateur\u00a0du\u00a0Mob H\u00f4tel, et Maud Fourier<\/span><\/p><\/div>\n<p><span style=\"color: #808080;\"><a style=\"color: #808080;\" href=\"https:\/\/www.lesechos.fr\/pme-regions\/actualite-pme\/0211868005698-cyril-aouizerate-les-puces-beneficient-dune-reconnaissance-mondiale-2072076.php\"><img decoding=\"async\" loading=\"lazy\" class=\"aligncenter size-full wp-image-18441\" src=\"https:\/\/www.matemonsac.com\/le-mag\/wp-content\/uploads\/2017\/04\/IMG_1113.jpg\" alt=\"mob-hotel\" width=\"600\" height=\"724\" srcset=\"https:\/\/www.matemonsac.com\/le-mag\/wp-content\/uploads\/2017\/04\/IMG_1113.jpg 600w, https:\/\/www.matemonsac.com\/le-mag\/wp-content\/uploads\/2017\/04\/IMG_1113-249x300.jpg 249w\" sizes=\"(max-width: 600px) 100vw, 600px\" \/><\/a><\/span><\/p>\n<p><span style=\"color: #808080;\"><a style=\"color: #808080;\" href=\"https:\/\/www.matemonsac.com\/le-mag\/maud_fourier_paris\"><img decoding=\"async\" loading=\"lazy\" class=\"aligncenter size-full wp-image-18440\" src=\"https:\/\/www.matemonsac.com\/le-mag\/wp-content\/uploads\/2017\/04\/IMG_1108.jpg\" alt=\"cabas-maud-fourier-mob-hotel\" width=\"600\" height=\"600\" srcset=\"https:\/\/www.matemonsac.com\/le-mag\/wp-content\/uploads\/2017\/04\/IMG_1108.jpg 600w, https:\/\/www.matemonsac.com\/le-mag\/wp-content\/uploads\/2017\/04\/IMG_1108-540x540.jpg 540w, https:\/\/www.matemonsac.com\/le-mag\/wp-content\/uploads\/2017\/04\/IMG_1108-300x300.jpg 300w\" sizes=\"(max-width: 600px) 100vw, 600px\" \/><\/a><\/span><\/p>\n<p><span style=\"color: #808080;\">La cr\u00e9atrice parisienne y a expos\u00e9 ses <strong>sacs de cr\u00e9ateur<\/strong>. Ces <strong>pi\u00e8ces uniques<\/strong>, cabas et pochettes, se sont balad\u00e9s au bras de nombreuses beaut\u00e9s qui les ont imm\u00e9diatement adopt\u00e9s :<\/span><\/p>\n<p><span style=\"color: #808080;\"><a style=\"color: #808080;\" href=\"http:\/\/www.maudfourier.com\/sacs\/cabas\"><img decoding=\"async\" loading=\"lazy\" class=\"aligncenter size-full wp-image-18445\" src=\"https:\/\/www.matemonsac.com\/le-mag\/wp-content\/uploads\/2017\/04\/IMG_1116.jpg\" alt=\"cabas-kilim-maud-fourier\" width=\"600\" height=\"884\" srcset=\"https:\/\/www.matemonsac.com\/le-mag\/wp-content\/uploads\/2017\/04\/IMG_1116.jpg 600w, https:\/\/www.matemonsac.com\/le-mag\/wp-content\/uploads\/2017\/04\/IMG_1116-204x300.jpg 204w\" sizes=\"(max-width: 600px) 100vw, 600px\" \/><\/a><\/span><\/p>\n<p><span style=\"color: #808080;\"><a style=\"color: #808080;\" href=\"http:\/\/www.maudfourier.com\/sacs\/pochettes-kilim\/kilim_ancien\"><img decoding=\"async\" loading=\"lazy\" class=\"aligncenter size-full wp-image-18439\" src=\"https:\/\/www.matemonsac.com\/le-mag\/wp-content\/uploads\/2017\/04\/IMG_1107.jpg\" alt=\"pochette-maud-fourier-paris-mob-hotel\" width=\"600\" height=\"827\" srcset=\"https:\/\/www.matemonsac.com\/le-mag\/wp-content\/uploads\/2017\/04\/IMG_1107.jpg 600w, https:\/\/www.matemonsac.com\/le-mag\/wp-content\/uploads\/2017\/04\/IMG_1107-218x300.jpg 218w\" sizes=\"(max-width: 600px) 100vw, 600px\" \/><\/a><\/span><\/p>\n<p><span style=\"color: #808080;\"><a style=\"color: #808080;\" href=\"https:\/\/www.matemonsac.com\/le-mag\/sacs-a-main-createur-femme\/pochette-kilim\/kilim_ancien\"><img decoding=\"async\" loading=\"lazy\" class=\"aligncenter size-full wp-image-18438\" src=\"https:\/\/www.matemonsac.com\/le-mag\/wp-content\/uploads\/2017\/04\/IMG_1118.jpg\" alt=\"pochette-maud-fourier-paris-mob-hotel\" width=\"600\" height=\"730\" srcset=\"https:\/\/www.matemonsac.com\/le-mag\/wp-content\/uploads\/2017\/04\/IMG_1118.jpg 600w, https:\/\/www.matemonsac.com\/le-mag\/wp-content\/uploads\/2017\/04\/IMG_1118-247x300.jpg 247w\" sizes=\"(max-width: 600px) 100vw, 600px\" \/><\/a><\/span><\/p>\n<p><span style=\"color: #808080;\"><a style=\"color: #808080;\" href=\"https:\/\/www.matemonsac.com\/le-mag\/sacs-a-main-createur-femme\/pochette-kilim\/kilim_ancien\"><img decoding=\"async\" loading=\"lazy\" class=\"aligncenter size-full wp-image-18437\" src=\"https:\/\/www.matemonsac.com\/le-mag\/wp-content\/uploads\/2017\/04\/pochette-maud-fourier-cliente.jpg\" alt=\"pochette-maud-fourier-cliente\" width=\"600\" height=\"832\" srcset=\"https:\/\/www.matemonsac.com\/le-mag\/wp-content\/uploads\/2017\/04\/pochette-maud-fourier-cliente.jpg 600w, https:\/\/www.matemonsac.com\/le-mag\/wp-content\/uploads\/2017\/04\/pochette-maud-fourier-cliente-216x300.jpg 216w\" sizes=\"(max-width: 600px) 100vw, 600px\" \/><\/a><\/span><\/p>\n<p><span style=\"color: #808080;\">Parfait accessoire pour faire p\u00e9tiller\u00a0un look n&rsquo;est ce pas ?<\/span><\/p>\n<p><span style=\"border-radius: 2px; text-indent: 20px; width: auto; padding: 0px 4px 0px 0px; text-align: center; font: bold 11px\/20px 'Helvetica Neue',Helvetica,sans-serif; color: #ffffff; background: #bd081c  no-repeat scroll 3px 50% \/ 14px 14px; position: absolute; opacity: 1; z-index: 8675309; display: none; cursor: pointer; top: 76px; left: 473px;\">Enregistrer<\/span><\/p>\n<div class=\"twttr_buttons\"><div class=\"twttr_twitter\">\n\t\t\t\t\t<a href=\"http:\/\/twitter.com\/share?text=Maud+Fourier+a+pr%C3%A9sent%C3%A9+ses+sacs+uniques+au+Mob+H%C3%B4tel.\" class=\"twitter-share-button\" data-via=\"\" data-hashtags=\"\"  data-size=\"default\" data-url=\"https:\/\/www.matemonsac.com\/le-mag\/2017\/05\/03\/maud-fourier-a-presente-ses-sacs-uniques-au-mob-hotel\/\"  data-related=\"\" target=\"_blank\">Tweet<\/a>\n\t\t\t\t<\/div><\/div>","protected":false},"excerpt":{"rendered":"<p>Du 20 mars au 2 avril, la cr\u00e9atrice de sacs Maud Fourier a \u00e9t\u00e9 invit\u00e9e par Aline Afanouko\u00e9 et Cyril Aouizerate au Mob H\u00f4tel de Saint-Ouen pour y tenir un pop-up store. La cr\u00e9atrice parisienne y a expos\u00e9 ses sacs de cr\u00e9ateur. Ces pi\u00e8ces uniques, cabas et pochettes, se sont balad\u00e9s au bras de nombreuses [&hellip;]<\/p>\n","protected":false},"author":1,"featured_media":18440,"comment_status":"open","ping_status":"open","sticky":false,"template":"","format":"standard","meta":{"_mi_skip_tracking":false},"categories":[1568,104,430,2730,2613],"tags":[2925,2477,2566,2899,2898,2512,2931,609,2932,2935,2930,2929],"_links":{"self":[{"href":"https:\/\/www.matemonsac.com\/le-mag\/wp-json\/wp\/v2\/posts\/18421"}],"collection":[{"href":"https:\/\/www.matemonsac.com\/le-mag\/wp-json\/wp\/v2\/posts"}],"about":[{"href":"https:\/\/www.matemonsac.com\/le-mag\/wp-json\/wp\/v2\/types\/post"}],"author":[{"embeddable":true,"href":"https:\/\/www.matemonsac.com\/le-mag\/wp-json\/wp\/v2\/users\/1"}],"replies":[{"embeddable":true,"href":"https:\/\/www.matemonsac.com\/le-mag\/wp-json\/wp\/v2\/comments?post=18421"}],"version-history":[{"count":0,"href":"https:\/\/www.matemonsac.com\/le-mag\/wp-json\/wp\/v2\/posts\/18421\/revisions"}],"wp:featuredmedia":[{"embeddable":true,"href":"https:\/\/www.matemonsac.com\/le-mag\/wp-json\/wp\/v2\/media\/18440"}],"wp:attachment":[{"href":"https:\/\/www.matemonsac.com\/le-mag\/wp-json\/wp\/v2\/media?parent=18421"}],"wp:term":[{"taxonomy":"category","embeddable":true,"href":"https:\/\/www.matemonsac.com\/le-mag\/wp-json\/wp\/v2\/categories?post=18421"},{"taxonomy":"post_tag","embeddable":true,"href":"https:\/\/www.matemonsac.com\/le-mag\/wp-json\/wp\/v2\/tags?post=18421"}],"curies":[{"name":"wp","href":"https:\/\/api.w.org\/{rel}","templated":true}]}}