{"id":18420,"date":"2017-04-27T11:58:22","date_gmt":"2017-04-27T10:58:22","guid":{"rendered":"https:\/\/www.matemonsac.com\/le-mag\/?p=18420"},"modified":"2017-04-27T11:58:22","modified_gmt":"2017-04-27T10:58:22","slug":"aline-afanoukoe-a-craque-pour-les-pochettes-de-maud-fourier","status":"publish","type":"post","link":"https:\/\/www.matemonsac.com\/le-mag\/2017\/04\/27\/aline-afanoukoe-a-craque-pour-les-pochettes-de-maud-fourier\/","title":{"rendered":"Aline Afanouko\u00e9 a craqu\u00e9 pour les pochettes de Maud Fourier !"},"content":{"rendered":"<p><span style=\"color: #808080;\"><strong>Aline Afanouko\u00e9<\/strong>, figure embl\u00e9matique de <a style=\"color: #808080;\" href=\"http:\/\/www.novaplanet.com\/radionova\"><strong>Radio Nova<\/strong> <\/a>pendant plus de 10 ans, est aujourd&rsquo;hui directrice artistique du <strong><a style=\"color: #808080;\" href=\"https:\/\/www.matemonsac.com\/le-mag\/2017\/03\/16\/maud-fourier-sera-au-mob-hotel-avec-ses-sacs-et-ses-pochettes-uniques\/\">Mob H\u00f4tel<\/a> fond\u00e9 par <a style=\"color: #808080;\" href=\"https:\/\/www.matemonsac.com\/le-mag\/2017\/03\/16\/maud-fourier-sera-au-mob-hotel-avec-ses-sacs-et-ses-pochettes-uniques\/\">Cyril Aouizerate<\/a><\/strong>. Connue pour sa grande culture musicale et sa voix \u00e9raill\u00e9e, elle a aussi un sens du style particuli\u00e8rement aiguis\u00e9.<\/span><\/p>\n<p><span style=\"color: #808080;\">M\u00e9linda Triana, journaliste, l&rsquo;a film\u00e9e pour son documentaire consacr\u00e9e \u00e0 la recherche de \u00ab\u00a0la parisienne\u00a0\u00bb.\u00a0<em><strong><a style=\"color: #808080;\" href=\"http:\/\/www.lezappingdupaf.com\/2014\/04\/the-parisienne-documentaire-inedit-diffuse-ce-soir-sur-canal.html\">The Parisienne<\/a><\/strong>,\u00a0<\/em>diffus\u00e9 sur\u00a0Canal+ en 2013, part \u00e0 la rencontre des femmes qui vivent aux quatre coins de Paris afin de dresser le portrait de la parisienne au-del\u00e0 des clich\u00e9s.\u00a0<\/span><\/p>\n<p><span style=\"color: #808080;\">Aline est en effet une parisienne qui sort des sentiers battus ! On adore son style des plus original. Ici elle porte ici une combinaison bleu marine et r\u00e9veille sa tenue avec une <strong><a style=\"color: #808080;\" href=\"http:\/\/www.maudfourier.com\/sacs\/pochettes-kilim\">pochette unique Maud Fourier Paris\u00a0<\/a><\/strong>en kilim et son pompon rose fuchsia. Quel style !!<br \/>\n<\/span><\/p>\n<div id=\"attachment_18424\" style=\"width: 610px\" class=\"wp-caption aligncenter\"><a style=\"color: #808080;\" href=\"http:\/\/www.mobhotel.com\/paris\/\"><img aria-describedby=\"caption-attachment-18424\" decoding=\"async\" loading=\"lazy\" class=\"wp-image-18424 size-full\" src=\"https:\/\/www.matemonsac.com\/le-mag\/wp-content\/uploads\/2017\/04\/aline-afanoukoe-pochette-maud-fourier-paris.jpg\" alt=\"aline-afanoukoe-pochette-maud-fourier-paris\" width=\"600\" height=\"750\" srcset=\"https:\/\/www.matemonsac.com\/le-mag\/wp-content\/uploads\/2017\/04\/aline-afanoukoe-pochette-maud-fourier-paris.jpg 600w, https:\/\/www.matemonsac.com\/le-mag\/wp-content\/uploads\/2017\/04\/aline-afanoukoe-pochette-maud-fourier-paris-240x300.jpg 240w\" sizes=\"(max-width: 600px) 100vw, 600px\" \/><\/a><p id=\"caption-attachment-18424\" class=\"wp-caption-text\"><span style=\"color: #808080;\">Aline Afanouko\u00e9 au Mob h\u00f4tel<\/span><\/p><\/div>\n<p><span style=\"color: #808080;\">Cette\u00a0<strong>pochette unique<\/strong> l&rsquo;a fait craquer, pour\u00a0son look canon mais aussi pour son aspect <strong>\u00e9co-responsable<\/strong>. La pochette a \u00e9t\u00e9 cr\u00e9\u00e9e \u00e0 partir d&rsquo;un kilim vintage ayant d\u00e9j\u00e0 eu une vie, Maud Fourier les recycle en les transformant habilement en sacs \u00e0 main trendy.<\/span><\/p>\n<div id=\"attachment_18425\" style=\"width: 610px\" class=\"wp-caption aligncenter\"><a style=\"color: #808080;\" href=\"http:\/\/www.leparisien.fr\/saint-ouen-93400\/decouvrez-le-nouveau-motel-urbain-de-saint-ouen-08-03-2017-6744822.php\"><img aria-describedby=\"caption-attachment-18425\" decoding=\"async\" loading=\"lazy\" class=\"wp-image-18425 size-full\" src=\"https:\/\/www.matemonsac.com\/le-mag\/wp-content\/uploads\/2017\/04\/maud-fourier-aline-afanoukoe-pochette-kilim.jpg\" alt=\"maud-fourier-aline-afanoukoe-pochette-kilim\" width=\"600\" height=\"600\" srcset=\"https:\/\/www.matemonsac.com\/le-mag\/wp-content\/uploads\/2017\/04\/maud-fourier-aline-afanoukoe-pochette-kilim.jpg 600w, https:\/\/www.matemonsac.com\/le-mag\/wp-content\/uploads\/2017\/04\/maud-fourier-aline-afanoukoe-pochette-kilim-540x540.jpg 540w, https:\/\/www.matemonsac.com\/le-mag\/wp-content\/uploads\/2017\/04\/maud-fourier-aline-afanoukoe-pochette-kilim-300x300.jpg 300w\" sizes=\"(max-width: 600px) 100vw, 600px\" \/><\/a><p id=\"caption-attachment-18425\" class=\"wp-caption-text\"><span style=\"color: #808080;\">Aline Afanouko\u00e9 pose avec sa pochette et sa cr\u00e9atrice, Maud Fourier<\/span><\/p><\/div>\n<p><span style=\"color: #808080;\">Cette pochette de <strong>Maud Fourier Paris<\/strong> est totalement en accord avec le look d&rsquo;Aline Afanouko\u00e9, pointu et color\u00e9 !<\/span><\/p>\n<p><span style=\"border-radius: 2px; text-indent: 20px; width: auto; padding: 0px 4px 0px 0px; text-align: center; font: bold 11px\/20px 'Helvetica Neue',Helvetica,sans-serif; color: #ffffff; background: #bd081c  no-repeat scroll 3px 50% \/ 14px 14px; position: absolute; opacity: 1; z-index: 8675309; display: none; cursor: pointer; top: 228px; left: 393px;\">Enregistrer<\/span><\/p>\n<div class=\"twttr_buttons\"><div class=\"twttr_twitter\">\n\t\t\t\t\t<a href=\"http:\/\/twitter.com\/share?text=Aline+Afanouko%C3%A9+a+craqu%C3%A9+pour+les+pochettes+de+Maud+Fourier+%21\" class=\"twitter-share-button\" data-via=\"\" data-hashtags=\"\"  data-size=\"default\" data-url=\"https:\/\/www.matemonsac.com\/le-mag\/2017\/04\/27\/aline-afanoukoe-a-craque-pour-les-pochettes-de-maud-fourier\/\"  data-related=\"\" target=\"_blank\">Tweet<\/a>\n\t\t\t\t<\/div><\/div>","protected":false},"excerpt":{"rendered":"<p>Aline Afanouko\u00e9, figure embl\u00e9matique de Radio Nova pendant plus de 10 ans, est aujourd&rsquo;hui directrice artistique du Mob H\u00f4tel fond\u00e9 par Cyril Aouizerate. Connue pour sa grande culture musicale et sa voix \u00e9raill\u00e9e, elle a aussi un sens du style particuli\u00e8rement aiguis\u00e9. M\u00e9linda Triana, journaliste, l&rsquo;a film\u00e9e pour son documentaire consacr\u00e9e \u00e0 la recherche de [&hellip;]<\/p>\n","protected":false},"author":1,"featured_media":18426,"comment_status":"open","ping_status":"open","sticky":false,"template":"","format":"standard","meta":{"_mi_skip_tracking":false},"categories":[384,1562,2730,40,2613,1567],"tags":[2925,1719,2899,750,2375,2846,2941,2898,2512,955,2534,2926,2928,1462],"_links":{"self":[{"href":"https:\/\/www.matemonsac.com\/le-mag\/wp-json\/wp\/v2\/posts\/18420"}],"collection":[{"href":"https:\/\/www.matemonsac.com\/le-mag\/wp-json\/wp\/v2\/posts"}],"about":[{"href":"https:\/\/www.matemonsac.com\/le-mag\/wp-json\/wp\/v2\/types\/post"}],"author":[{"embeddable":true,"href":"https:\/\/www.matemonsac.com\/le-mag\/wp-json\/wp\/v2\/users\/1"}],"replies":[{"embeddable":true,"href":"https:\/\/www.matemonsac.com\/le-mag\/wp-json\/wp\/v2\/comments?post=18420"}],"version-history":[{"count":0,"href":"https:\/\/www.matemonsac.com\/le-mag\/wp-json\/wp\/v2\/posts\/18420\/revisions"}],"wp:featuredmedia":[{"embeddable":true,"href":"https:\/\/www.matemonsac.com\/le-mag\/wp-json\/wp\/v2\/media\/18426"}],"wp:attachment":[{"href":"https:\/\/www.matemonsac.com\/le-mag\/wp-json\/wp\/v2\/media?parent=18420"}],"wp:term":[{"taxonomy":"category","embeddable":true,"href":"https:\/\/www.matemonsac.com\/le-mag\/wp-json\/wp\/v2\/categories?post=18420"},{"taxonomy":"post_tag","embeddable":true,"href":"https:\/\/www.matemonsac.com\/le-mag\/wp-json\/wp\/v2\/tags?post=18420"}],"curies":[{"name":"wp","href":"https:\/\/api.w.org\/{rel}","templated":true}]}}