{"id":1840,"date":"2009-03-04T16:27:25","date_gmt":"2009-03-04T15:27:25","guid":{"rendered":"https:\/\/www.matemonsac.com\/le-mag\/?p=1840"},"modified":"2012-11-08T14:05:21","modified_gmt":"2012-11-08T13:05:21","slug":"sac-sonia-rykiel-martha-a-vendre","status":"publish","type":"post","link":"https:\/\/www.matemonsac.com\/le-mag\/2009\/03\/04\/sac-sonia-rykiel-martha-a-vendre\/","title":{"rendered":"Sac Sonia Rykiel Martha \u00e0 vendre &#8211;  VENDU"},"content":{"rendered":"<p><strong>Mon vide-dressing de sacs<\/strong><\/p>\n<p><strong><span style=\"text-decoration: line-through;\">Sac Sonia Rykiel \u00e0 vendre &#8211;<\/span> <span style=\"color: #ff0000;\">VENDU<\/span><br \/>\n<\/strong><\/p>\n<p><span style=\"text-decoration: line-through;\">Mod\u00e8le <strong>Martha medium <\/strong>&#8211; jamais port\u00e9, sac neuf.<\/span><\/p>\n<p><a rel=\"attachment wp-att-1841\" href=\"https:\/\/www.matemonsac.com\/le-mag\/2009\/03\/04\/sac-sonia-rykiel-martha-a-vendre\/p1010146\/\"><img decoding=\"async\" loading=\"lazy\" class=\"aligncenter size-medium wp-image-1841\" title=\"Sonia_Rykiel_martha\" src=\"https:\/\/www.matemonsac.com\/le-mag\/wp-content\/uploads\/2009\/03\/p1010146-300x269.jpg\" alt=\"p1010146\" width=\"300\" height=\"269\" srcset=\"https:\/\/www.matemonsac.com\/le-mag\/wp-content\/uploads\/2009\/03\/p1010146-300x269.jpg 300w, https:\/\/www.matemonsac.com\/le-mag\/wp-content\/uploads\/2009\/03\/p1010146-768x690.jpg 768w, https:\/\/www.matemonsac.com\/le-mag\/wp-content\/uploads\/2009\/03\/p1010146-1024x920.jpg 1024w\" sizes=\"(max-width: 300px) 100vw, 300px\" \/><\/a><\/p>\n<p>Le Martha medium est un des sacs phares de la maison <strong>Sonia Rykiel<\/strong>. Il est parfait. La grande qualit\u00e9 de son cuir en fait un sac solide. Ses d\u00e9tails tels que la bijouterie et les piq\u00fbres fa\u00e7on sellier sont le signe d&rsquo;un beau travail de maroquinerie. Sac de jour, il peut se transformer gr\u00e2ce \u00e0 sa bandouli\u00e8re amovible et vous pouvez le porter en baudrier afin d&rsquo;avoir les mains libres.<\/p>\n<p><strong>Sac<\/strong> : mod\u00e8le Martha medium port\u00e9-main ou en baudrier de la maison <strong><a href=\"https:\/\/www.matemonsac.com\/le-mag\/?p=1508\">Sonia Rykiel<\/a><\/strong>.<br \/>\n<span style=\"text-decoration: line-through;\"><strong> Etat <\/strong>: sac neuf jamais port\u00e9.<br \/>\n<strong> Dimensions<\/strong> : L32 x H24 x P12 cm.<br \/>\n<strong> Mati\u00e8re<\/strong> : cuir grain\u00e9 en cervo brun.<\/span><\/p>\n<p><span style=\"text-decoration: line-through;\"><strong>Prix boutique<\/strong> : 790\u20ac.<br \/>\n<strong>Prix Matemonsac<\/strong> : 490\u20ac.<\/span><br \/>\n<!--more--><br \/>\n<strong> D\u00e9tails<\/strong> :<br \/>\n&#8211; anse double en cuir.<br \/>\n&#8211; \u00e0 l&rsquo;int\u00e9rieur: une grande poche zipp\u00e9e et un porte-cl\u00e9s attach\u00e9 par une cha\u00eene en m\u00e9tal.<br \/>\n&#8211; bijouterie en m\u00e9tal argent.<br \/>\n&#8211; bandouli\u00e8re amovible permettant de le porter en baudrier.<br \/>\n&#8211; fermoir aimant\u00e9.<br \/>\n<strong> Logo<\/strong> : sur l&rsquo;aimant du fermoir et \u00e0 l&rsquo;int\u00e9rieur du sac sur la poche avec son num\u00e9ro de s\u00e9rie.<br \/>\nLivr\u00e9 avec son <strong>dust-bag<\/strong> et sa <strong>carte d&rsquo;authenticit\u00e9<\/strong><\/p>\n<p><span style=\"text-decoration: line-through;\">Ce sac est <strong>garanti authentique<\/strong>, vous pouvez le v\u00e9rifier dans n&rsquo;importe quelle boutique <strong>Sonia Rykiel.<\/strong><\/span><\/p>\n<p><span style=\"text-decoration: line-through;\"><strong>Je le vends \u00e0 490 \u20ac frais de port inclus pour la France<\/strong> (me contacter pour une livraison vers d&rsquo;autres pays).<\/span><\/p>\n<p><strong>Paiement <\/strong>: Paypal accept\u00e9, virement bancaire ou ch\u00e8que personnel (et envoi de l&rsquo;article une fois que le ch\u00e8que a \u00e9t\u00e9 re\u00e7u et v\u00e9rifi\u00e9).<br \/>\n<strong>Livraison 48h<\/strong> par Colissimo.<\/p>\n<p>Si vous \u00eates int\u00e9ress\u00e9s par ce sac de luxe <strong>Sonia Rykiel <\/strong>ou si vous souhaitez obtenir plus d&rsquo;informations ou de photos, contactez-moi \u00e0 l&rsquo;adresse suivante :<br \/>\nvidedressing.matemonsac@gmail.com<\/p>\n<p>Allez sur ma rubrique <a href=\"https:\/\/www.matemonsac.com\/le-mag\/2009\/02\/27\/sacs-de-luxe-a-vendre\/\">Sacs de luxe \u00e0 vendre<\/a> pour voir les autres mod\u00e8les qui sont dans mon vide-dressing actuellement.<\/p>\n<p>Maud<\/p>\n<div class=\"twttr_buttons\"><div class=\"twttr_twitter\">\n\t\t\t\t\t<a href=\"http:\/\/twitter.com\/share?text=Sac+Sonia+Rykiel+Martha+%C3%A0+vendre+-++VENDU\" class=\"twitter-share-button\" data-via=\"\" data-hashtags=\"\"  data-size=\"default\" data-url=\"https:\/\/www.matemonsac.com\/le-mag\/2009\/03\/04\/sac-sonia-rykiel-martha-a-vendre\/\"  data-related=\"\" target=\"_blank\">Tweet<\/a>\n\t\t\t\t<\/div><\/div>","protected":false},"excerpt":{"rendered":"<p>Mon vide-dressing de sacs Sac Sonia Rykiel \u00e0 vendre &#8211; VENDU Mod\u00e8le Martha medium &#8211; jamais port\u00e9, sac neuf. Le Martha medium est un des sacs phares de la maison Sonia Rykiel. Il est parfait. La grande qualit\u00e9 de son cuir en fait un sac solide. Ses d\u00e9tails tels que la bijouterie et les piq\u00fbres [&hellip;]<\/p>\n","protected":false},"author":1,"featured_media":0,"comment_status":"open","ping_status":"open","sticky":false,"template":"","format":"standard","meta":{"_mi_skip_tracking":false},"categories":[386],"tags":[162,23],"_links":{"self":[{"href":"https:\/\/www.matemonsac.com\/le-mag\/wp-json\/wp\/v2\/posts\/1840"}],"collection":[{"href":"https:\/\/www.matemonsac.com\/le-mag\/wp-json\/wp\/v2\/posts"}],"about":[{"href":"https:\/\/www.matemonsac.com\/le-mag\/wp-json\/wp\/v2\/types\/post"}],"author":[{"embeddable":true,"href":"https:\/\/www.matemonsac.com\/le-mag\/wp-json\/wp\/v2\/users\/1"}],"replies":[{"embeddable":true,"href":"https:\/\/www.matemonsac.com\/le-mag\/wp-json\/wp\/v2\/comments?post=1840"}],"version-history":[{"count":0,"href":"https:\/\/www.matemonsac.com\/le-mag\/wp-json\/wp\/v2\/posts\/1840\/revisions"}],"wp:attachment":[{"href":"https:\/\/www.matemonsac.com\/le-mag\/wp-json\/wp\/v2\/media?parent=1840"}],"wp:term":[{"taxonomy":"category","embeddable":true,"href":"https:\/\/www.matemonsac.com\/le-mag\/wp-json\/wp\/v2\/categories?post=1840"},{"taxonomy":"post_tag","embeddable":true,"href":"https:\/\/www.matemonsac.com\/le-mag\/wp-json\/wp\/v2\/tags?post=1840"}],"curies":[{"name":"wp","href":"https:\/\/api.w.org\/{rel}","templated":true}]}}