{"id":17831,"date":"2016-08-03T15:34:27","date_gmt":"2016-08-03T14:34:27","guid":{"rendered":"https:\/\/www.matemonsac.com\/le-mag\/?p=17831"},"modified":"2016-08-29T09:14:25","modified_gmt":"2016-08-29T08:14:25","slug":"la-bagues-de-paloma-stella-les-coloris-de-lete-2016","status":"publish","type":"post","link":"https:\/\/www.matemonsac.com\/le-mag\/2016\/08\/03\/la-bagues-de-paloma-stella-les-coloris-de-lete-2016\/","title":{"rendered":"La bagues de Paloma Stella, les coloris de l&rsquo;\u00e9t\u00e9 2016."},"content":{"rendered":"<p><span style=\"color: #808080;\">Nous craquons depuis longtemps pour les <a href=\"https:\/\/www.matemonsac.com\/le-mag\/paloma-stella-bagues\"><strong>bagues<\/strong> de la cr\u00e9atrice de bijoux <strong>parisienne<\/strong>, <\/a><strong>Paloma Stella.<\/strong><\/span><\/p>\n<p><span style=\"color: #808080;\">Ses bagues aux multiples coloris tels de v\u00e9ritables <a href=\"https:\/\/www.lebonbon.fr\/\">bonbons<\/a> ! Ces bagues r\u00e9alis\u00e9es avec des <strong>quartz<\/strong> sur plaqu\u00e9 or sont raffin\u00e9es et \u00e9l\u00e9gantes telle la parisienne&#8230;<\/span><\/p>\n<p><a href=\"https:\/\/www.matemonsac.com\/le-mag\/paloma-stella-bagues\"><img decoding=\"async\" loading=\"lazy\" class=\"aligncenter size-full wp-image-17836\" src=\"https:\/\/www.matemonsac.com\/le-mag\/wp-content\/uploads\/2016\/04\/paloma-stella-bagues-rose-portees.jpg\" alt=\"paloma-stella-bagues-rose-portees\" width=\"600\" height=\"600\" srcset=\"https:\/\/www.matemonsac.com\/le-mag\/wp-content\/uploads\/2016\/04\/paloma-stella-bagues-rose-portees.jpg 600w, https:\/\/www.matemonsac.com\/le-mag\/wp-content\/uploads\/2016\/04\/paloma-stella-bagues-rose-portees-540x540.jpg 540w, https:\/\/www.matemonsac.com\/le-mag\/wp-content\/uploads\/2016\/04\/paloma-stella-bagues-rose-portees-300x300.jpg 300w\" sizes=\"(max-width: 600px) 100vw, 600px\" \/><\/a><\/p>\n<p><span style=\"color: #808080;\">M\u00e9langez les bagues simples (droite) avec le mod\u00e8le Princesse (gauche). Entre 42 et 44\u20ac ces bagues \u00e0 prix tout doux sont une r\u00e9elle invitation \u00e0 se faire plaisir ou \u00e0 faire un cadeau..<\/span><\/p>\n<p><a href=\"https:\/\/www.matemonsac.com\/le-mag\/paloma-stella-bagues\"><img decoding=\"async\" loading=\"lazy\" class=\"aligncenter size-full wp-image-17835\" src=\"https:\/\/www.matemonsac.com\/le-mag\/wp-content\/uploads\/2016\/04\/paloma-stella-bagues-kech-portees.jpg\" alt=\"paloma-stella-bagues-kech-portees\" width=\"600\" height=\"600\" srcset=\"https:\/\/www.matemonsac.com\/le-mag\/wp-content\/uploads\/2016\/04\/paloma-stella-bagues-kech-portees.jpg 600w, https:\/\/www.matemonsac.com\/le-mag\/wp-content\/uploads\/2016\/04\/paloma-stella-bagues-kech-portees-540x540.jpg 540w, https:\/\/www.matemonsac.com\/le-mag\/wp-content\/uploads\/2016\/04\/paloma-stella-bagues-kech-portees-300x300.jpg 300w\" sizes=\"(max-width: 600px) 100vw, 600px\" \/><\/a><\/p>\n<p>Ce mod\u00e8le s&rsquo;appelle la bague \u00ab\u00a0fleur vintage\u00a0\u00bb. Son motif est \u00e9l\u00e9gant et discret \u00e0 la fois. Un tr\u00e8s beau bijou de cr\u00e9ateur.<\/p>\n<p><a href=\"https:\/\/www.matemonsac.com\/le-mag\/paloma-stella-bagues\"><img decoding=\"async\" loading=\"lazy\" class=\"aligncenter size-full wp-image-17837\" src=\"https:\/\/www.matemonsac.com\/le-mag\/wp-content\/uploads\/2016\/04\/paloma-stella-bagues-rose-violet-portees.jpg\" alt=\"paloma-stella-bagues-rose-violet-portees\" width=\"600\" height=\"600\" srcset=\"https:\/\/www.matemonsac.com\/le-mag\/wp-content\/uploads\/2016\/04\/paloma-stella-bagues-rose-violet-portees.jpg 600w, https:\/\/www.matemonsac.com\/le-mag\/wp-content\/uploads\/2016\/04\/paloma-stella-bagues-rose-violet-portees-540x540.jpg 540w, https:\/\/www.matemonsac.com\/le-mag\/wp-content\/uploads\/2016\/04\/paloma-stella-bagues-rose-violet-portees-300x300.jpg 300w\" sizes=\"(max-width: 600px) 100vw, 600px\" \/><\/a><\/p>\n<p><span style=\"color: #808080;\">Vous pouvez aussi les porter deux par deux et cela sublimera vos bagues. Ici les coloris rose p\u00e2le et violet.<\/span><\/p>\n<p><a href=\"https:\/\/www.matemonsac.com\/le-mag\/marques\/bijoux-createurs-tendance-bijouterie-fantaisie\/paloma-stella\/256\/69?forme=100&amp;limit=30\"><img decoding=\"async\" loading=\"lazy\" class=\"aligncenter size-full wp-image-17832\" src=\"https:\/\/www.matemonsac.com\/le-mag\/wp-content\/uploads\/2016\/04\/paloma-stella-bague-arabesque-portee.jpg\" alt=\"paloma-stella-bague\" width=\"600\" height=\"600\" srcset=\"https:\/\/www.matemonsac.com\/le-mag\/wp-content\/uploads\/2016\/04\/paloma-stella-bague-arabesque-portee.jpg 600w, https:\/\/www.matemonsac.com\/le-mag\/wp-content\/uploads\/2016\/04\/paloma-stella-bague-arabesque-portee-540x540.jpg 540w, https:\/\/www.matemonsac.com\/le-mag\/wp-content\/uploads\/2016\/04\/paloma-stella-bague-arabesque-portee-300x300.jpg 300w\" sizes=\"(max-width: 600px) 100vw, 600px\" \/><\/a><\/p>\n<p><span style=\"color: #808080;\">Et voici la bague appel\u00e9e <a href=\"https:\/\/www.matemonsac.com\/le-mag\/2015\/09\/24\/les-pochettes-kilim-ethniques-chic-solidaires-et-eco-responsables-la-video\/\"><strong>Marrakech<\/strong><\/a> car c&rsquo;est l\u00e0-bas qu&rsquo;elle a \u00e9t\u00e9 inspir\u00e9e pour en cr\u00e9er le motif.<\/span><\/p>\n<p><span style=\"color: #808080;\">Alors, vous craquez pour laquelle ?<\/span><\/p>\n<p><span style=\"border-radius: 2px; text-indent: 20px; width: auto; padding: 0px 4px 0px 0px; text-align: center; font: bold 11px\/20px 'Helvetica Neue',Helvetica,sans-serif; color: #ffffff; background: #bd081c no-repeat scroll 3px 50% \/ 14px 14px; position: absolute; opacity: 0.85; z-index: 8675309; display: none; cursor: pointer; top: 2204px; left: 171px;\">Enregistrer<\/span><\/p>\n<div class=\"twttr_buttons\"><div class=\"twttr_twitter\">\n\t\t\t\t\t<a href=\"http:\/\/twitter.com\/share?text=La+bagues+de+Paloma+Stella%2C+les+coloris+de+l%27%C3%A9t%C3%A9+2016.\" class=\"twitter-share-button\" data-via=\"\" data-hashtags=\"\"  data-size=\"default\" data-url=\"https:\/\/www.matemonsac.com\/le-mag\/2016\/08\/03\/la-bagues-de-paloma-stella-les-coloris-de-lete-2016\/\"  data-related=\"\" target=\"_blank\">Tweet<\/a>\n\t\t\t\t<\/div><\/div>","protected":false},"excerpt":{"rendered":"<p>Nous craquons depuis longtemps pour les bagues de la cr\u00e9atrice de bijoux parisienne, Paloma Stella. Ses bagues aux multiples coloris tels de v\u00e9ritables bonbons ! Ces bagues r\u00e9alis\u00e9es avec des quartz sur plaqu\u00e9 or sont raffin\u00e9es et \u00e9l\u00e9gantes telle la parisienne&#8230; M\u00e9langez les bagues simples (droite) avec le mod\u00e8le Princesse (gauche). Entre 42 et 44\u20ac [&hellip;]<\/p>\n","protected":false},"author":1,"featured_media":17834,"comment_status":"open","ping_status":"open","sticky":false,"template":"","format":"standard","meta":{"_mi_skip_tracking":false},"categories":[2686,2730,40,1564],"tags":[557,363,2134,861,2338,1937,784,2512,528],"_links":{"self":[{"href":"https:\/\/www.matemonsac.com\/le-mag\/wp-json\/wp\/v2\/posts\/17831"}],"collection":[{"href":"https:\/\/www.matemonsac.com\/le-mag\/wp-json\/wp\/v2\/posts"}],"about":[{"href":"https:\/\/www.matemonsac.com\/le-mag\/wp-json\/wp\/v2\/types\/post"}],"author":[{"embeddable":true,"href":"https:\/\/www.matemonsac.com\/le-mag\/wp-json\/wp\/v2\/users\/1"}],"replies":[{"embeddable":true,"href":"https:\/\/www.matemonsac.com\/le-mag\/wp-json\/wp\/v2\/comments?post=17831"}],"version-history":[{"count":0,"href":"https:\/\/www.matemonsac.com\/le-mag\/wp-json\/wp\/v2\/posts\/17831\/revisions"}],"wp:featuredmedia":[{"embeddable":true,"href":"https:\/\/www.matemonsac.com\/le-mag\/wp-json\/wp\/v2\/media\/17834"}],"wp:attachment":[{"href":"https:\/\/www.matemonsac.com\/le-mag\/wp-json\/wp\/v2\/media?parent=17831"}],"wp:term":[{"taxonomy":"category","embeddable":true,"href":"https:\/\/www.matemonsac.com\/le-mag\/wp-json\/wp\/v2\/categories?post=17831"},{"taxonomy":"post_tag","embeddable":true,"href":"https:\/\/www.matemonsac.com\/le-mag\/wp-json\/wp\/v2\/tags?post=17831"}],"curies":[{"name":"wp","href":"https:\/\/api.w.org\/{rel}","templated":true}]}}