{"id":1762,"date":"2009-03-05T06:26:55","date_gmt":"2009-03-05T05:26:55","guid":{"rendered":"https:\/\/www.matemonsac.com\/le-mag\/?p=1762"},"modified":"2009-03-08T19:53:11","modified_gmt":"2009-03-08T18:53:11","slug":"le-it-bag-vert-du-comptoir-des-cotonniers","status":"publish","type":"post","link":"https:\/\/www.matemonsac.com\/le-mag\/2009\/03\/05\/le-it-bag-vert-du-comptoir-des-cotonniers\/","title":{"rendered":"Le it bag vert du Comptoir des Cotonniers"},"content":{"rendered":"<p><strong>Le itbag vert du Comptoir des Cotonniers.<\/strong><\/p>\n<p><a rel=\"attachment wp-att-1767\" href=\"https:\/\/www.matemonsac.com\/le-mag\/2009\/03\/05\/le-it-bag-vert-du-comptoir-des-cotonniers\/090216_dlc_nathalie-sac-bio1\/\"><img decoding=\"async\" loading=\"lazy\" class=\"aligncenter size-medium wp-image-1767\" title=\"Comptoir_des_cotonniers_itbag_vert\" src=\"https:\/\/www.matemonsac.com\/le-mag\/wp-content\/uploads\/2009\/03\/090216_dlc_nathalie-sac-bio1-273x300.jpg\" alt=\"Comptoir_des_cotonniers_itbag_vert\" width=\"273\" height=\"300\" srcset=\"https:\/\/www.matemonsac.com\/le-mag\/wp-content\/uploads\/2009\/03\/090216_dlc_nathalie-sac-bio1-273x300.jpg 273w, https:\/\/www.matemonsac.com\/le-mag\/wp-content\/uploads\/2009\/03\/090216_dlc_nathalie-sac-bio1.jpg 450w\" sizes=\"(max-width: 273px) 100vw, 273px\" \/><\/a><\/p>\n<p>En d\u00e9but de semaine je vous avais parl\u00e9 du it bag de Longchamp en toile de coton et lin, cette fois je vais vous pr\u00e9senter le cabas 100% vert de la saison printemps-\u00e9t\u00e9 2009.<\/p>\n<p>La marque <strong><a href=\"http:\/\/www.comptoirdescotonniers.com\">Comptoir des Cotonniers<\/a><\/strong> s&rsquo;est associ\u00e9e au magazine <strong><a href=\"http:\/\/www.elle.fr\">Elle<\/a> <\/strong>pour la sortie de son num\u00e9ro sp\u00e9cial \u00ab100% vert \u00bb la semaine derni\u00e8re, le Green Issue r\u00e9dig\u00e9 avec Marion Cotillard. Ils ont cr\u00e9\u00e9 un sac 100% bio, qui est vendu dans toutes les boutiques du monde de la marque Comptoir des Cotonniers depuis le 21 f\u00e9vrier 2009.<\/p>\n<p>Il est vendu au prix de 35\u20ac et 10\u20ac seront revers\u00e9s sur chaque vente \u00e0 l\u2019association fond\u00e9e par Al Gore, <a href=\"http:\/\/www.theclimateproject.org\">The Climate Project<\/a>, dont le but est de lutter contre le r\u00e9chauffement climatique.<\/p>\n<p>Je f\u00e9licite cette initiative et encourage les marques \u00e0 se pr\u00e9occuper un peu plus de la protection de l&rsquo;environnement.<\/p>\n<p>Foncez acheter votre it bag vert de l&rsquo;\u00e9t\u00e9.<\/p>\n<p>Maud<\/p>\n<div class=\"twttr_buttons\"><div class=\"twttr_twitter\">\n\t\t\t\t\t<a href=\"http:\/\/twitter.com\/share?text=Le+it+bag+vert+du+Comptoir+des+Cotonniers\" class=\"twitter-share-button\" data-via=\"\" data-hashtags=\"\"  data-size=\"default\" data-url=\"https:\/\/www.matemonsac.com\/le-mag\/2009\/03\/05\/le-it-bag-vert-du-comptoir-des-cotonniers\/\"  data-related=\"\" target=\"_blank\">Tweet<\/a>\n\t\t\t\t<\/div><\/div>","protected":false},"excerpt":{"rendered":"<p>Le itbag vert du Comptoir des Cotonniers. En d\u00e9but de semaine je vous avais parl\u00e9 du it bag de Longchamp en toile de coton et lin, cette fois je vais vous pr\u00e9senter le cabas 100% vert de la saison printemps-\u00e9t\u00e9 2009. La marque Comptoir des Cotonniers s&rsquo;est associ\u00e9e au magazine Elle pour la sortie de [&hellip;]<\/p>\n","protected":false},"author":1,"featured_media":0,"comment_status":"open","ping_status":"open","sticky":false,"template":"","format":"standard","meta":{"_mi_skip_tracking":false},"categories":[40],"tags":[157,156,44],"_links":{"self":[{"href":"https:\/\/www.matemonsac.com\/le-mag\/wp-json\/wp\/v2\/posts\/1762"}],"collection":[{"href":"https:\/\/www.matemonsac.com\/le-mag\/wp-json\/wp\/v2\/posts"}],"about":[{"href":"https:\/\/www.matemonsac.com\/le-mag\/wp-json\/wp\/v2\/types\/post"}],"author":[{"embeddable":true,"href":"https:\/\/www.matemonsac.com\/le-mag\/wp-json\/wp\/v2\/users\/1"}],"replies":[{"embeddable":true,"href":"https:\/\/www.matemonsac.com\/le-mag\/wp-json\/wp\/v2\/comments?post=1762"}],"version-history":[{"count":0,"href":"https:\/\/www.matemonsac.com\/le-mag\/wp-json\/wp\/v2\/posts\/1762\/revisions"}],"wp:attachment":[{"href":"https:\/\/www.matemonsac.com\/le-mag\/wp-json\/wp\/v2\/media?parent=1762"}],"wp:term":[{"taxonomy":"category","embeddable":true,"href":"https:\/\/www.matemonsac.com\/le-mag\/wp-json\/wp\/v2\/categories?post=1762"},{"taxonomy":"post_tag","embeddable":true,"href":"https:\/\/www.matemonsac.com\/le-mag\/wp-json\/wp\/v2\/tags?post=1762"}],"curies":[{"name":"wp","href":"https:\/\/api.w.org\/{rel}","templated":true}]}}