{"id":17089,"date":"2015-07-10T16:38:06","date_gmt":"2015-07-10T15:38:06","guid":{"rendered":"https:\/\/www.matemonsac.com\/le-mag\/?p=17089"},"modified":"2015-07-10T16:38:06","modified_gmt":"2015-07-10T15:38:06","slug":"clara-jasmine-les-nouveautes-de-lete-2015","status":"publish","type":"post","link":"https:\/\/www.matemonsac.com\/le-mag\/2015\/07\/10\/clara-jasmine-les-nouveautes-de-lete-2015\/","title":{"rendered":"Clara Jasmine, les nouveaut\u00e9s de l&rsquo;\u00e9t\u00e9 2015 ."},"content":{"rendered":"<p><a title=\"Clara Jasmine \" href=\"https:\/\/www.matemonsac.com\/le-mag\/marques\/bijoux\/clara-jasmine\/271\/69\"><img decoding=\"async\" loading=\"lazy\" class=\"aligncenter wp-image-17091 size-full\" title=\"La nouvelle collection de bijoux de Clara Jasmine\" src=\"https:\/\/www.matemonsac.com\/le-mag\/wp-content\/uploads\/2015\/07\/clara-jasmine-bijoux-nouveautes-ete-2015.jpg\" alt=\"La nouvelle collection de bijoux de Clara Jasmine\" width=\"800\" height=\"307\" srcset=\"https:\/\/www.matemonsac.com\/le-mag\/wp-content\/uploads\/2015\/07\/clara-jasmine-bijoux-nouveautes-ete-2015.jpg 800w, https:\/\/www.matemonsac.com\/le-mag\/wp-content\/uploads\/2015\/07\/clara-jasmine-bijoux-nouveautes-ete-2015-300x115.jpg 300w, https:\/\/www.matemonsac.com\/le-mag\/wp-content\/uploads\/2015\/07\/clara-jasmine-bijoux-nouveautes-ete-2015-768x295.jpg 768w\" sizes=\"(max-width: 800px) 100vw, 800px\" \/><\/a><\/p>\n<p><!--more--><span style=\"color: #808080;\">Nous avons d\u00e9couvert la <a style=\"color: #808080;\" title=\"Nouvelle collection \u00e9t\u00e9 2015 Clara Jasmine\" href=\"https:\/\/www.matemonsac.com\/le-mag\/marques\/bijoux\/clara-jasmine\/271\/69\"><span style=\"text-decoration: underline;\">nouvelle collection \u00e9t\u00e9 2015<\/span><\/a> de la talentueuse cr\u00e9atrice parisienne <a style=\"color: #808080;\" title=\"Clara Jasmine\" href=\"https:\/\/www.matemonsac.com\/le-mag\/marques\/bijoux\/clara-jasmine\/271\/69\"><strong>Clara Jasmine <\/strong><\/a>et nous en sommes d\u00e9j\u00e0 fan! <\/span><\/p>\n<p><span style=\"color: #808080;\">Fid\u00e8le \u00e0 ses <a style=\"color: #808080;\" title=\"Technique de gravure Clara Jasmine \" href=\"https:\/\/www.matemonsac.com\/le-mag\/2015\/01\/21\/clara-jasmine-ou-loriginalite-au-service-de-la-joaillerie\/\" target=\"_blank\"><span style=\"text-decoration: underline;\">techniques de gravure<\/span>,<\/a> toutes les pi\u00e8ces de la collection sont grav\u00e9es de <span style=\"text-decoration: underline;\">dentelle<\/span> \u00e0 la main dans l&rsquo;atelier parisien de la cr\u00e9atrice.<\/span><\/p>\n<p><span style=\"color: #808080;\">Chaque <a style=\"color: #808080;\" title=\"Bijoux Clara Jasmine \" href=\"https:\/\/www.matemonsac.com\/le-mag\/marques\/bijoux\/clara-jasmine\/271\/69\" target=\"_blank\">bijou<\/a> est unique et r\u00e9alis\u00e9 dans une tr\u00e8s grande exigence technique.\u00a0 <\/span><\/p>\n<p><span style=\"color: #808080;\">On adore ce m\u00e9lange de <span style=\"text-decoration: underline;\">dentelle<\/span> et <span style=\"text-decoration: underline;\">d&rsquo;acier<\/span>. <\/span><\/p>\n<p style=\"text-align: center;\"><em style=\"color: #808080;\"><span style=\"color: #808080;\">Bague Ava en Argent<\/span><\/em><\/p>\n<p><a title=\"Bague Ava Clara Jasmine en argent \" href=\"https:\/\/www.matemonsac.com\/le-mag\/marques\/bijoux\/clara-jasmine\/271\/69?forme=100\"><img decoding=\"async\" loading=\"lazy\" class=\"aligncenter wp-image-17094 size-full\" title=\"Clara Jasmine - Bague Ava en argent \" src=\"https:\/\/www.matemonsac.com\/le-mag\/wp-content\/uploads\/2015\/07\/clara-jasmine-bague-Lien-Ava-Argent.jpg\" alt=\"clara-jasmine-bague-Lien-Ava-Argent\" width=\"250\" height=\"250\" \/><\/a><\/p>\n<p>&nbsp;<\/p>\n<p style=\"text-align: center;\"><span style=\"color: #808080;\"><em>Boucles d&rsquo;oreilles Naja plaqu\u00e9 Or jaune<\/em><\/span><\/p>\n<p style=\"text-align: center;\"><a title=\"Boucles d'oreilles Naja Clara Jasmine \" href=\"https:\/\/www.matemonsac.com\/le-mag\/marques\/bijoux\/clara-jasmine\/271\/69?forme=83\"><img decoding=\"async\" loading=\"lazy\" class=\"aligncenter wp-image-17095 size-full\" title=\"Clara Jasmine - Boucles d'oreilles Naja plaqu\u00e9 or jaune \" src=\"https:\/\/www.matemonsac.com\/le-mag\/wp-content\/uploads\/2015\/07\/clara-jasmine-BO-NAJA-3-T.jpg\" alt=\"clara-jasmine-boucles-oreilles-NAJA-3-T\" width=\"300\" height=\"300\" \/><\/a><\/p>\n<p style=\"text-align: center;\"><span style=\"color: #808080;\"><em>Manchette Serena plaqu\u00e9 Or rose\u00a0<\/em> <\/span><a title=\"Manchette Serena Clara Jasmine \" href=\"https:\/\/www.matemonsac.com\/le-mag\/marques\/bijoux\/clara-jasmine\/271\/69?forme=101\"><img decoding=\"async\" loading=\"lazy\" class=\"aligncenter wp-image-17097 size-full\" title=\"Bracelet Manchette Serena Clara Jasmine en or rose\" src=\"https:\/\/www.matemonsac.com\/le-mag\/wp-content\/uploads\/2015\/07\/clara-jasmine-SERENA-or-rose.jpg\" alt=\"clara-jasmine-manchette-SERENA-or-rose\" width=\"300\" height=\"300\" \/><\/a><\/p>\n<p style=\"text-align: center;\"><span style=\"color: #808080;\"><em>Collier modulable Cleo plaqu\u00e9 Or jaune<\/em><\/span><\/p>\n<p style=\"text-align: center;\"><a title=\"Collier Cleo Clara Jasmine\" href=\"https:\/\/www.matemonsac.com\/le-mag\/marques\/bijoux\/clara-jasmine\/271\/69?forme=85\"><img decoding=\"async\" loading=\"lazy\" class=\"alignnone wp-image-17096 size-full\" title=\"Collier Modulable Cleo Clara Jasmine \" src=\"https:\/\/www.matemonsac.com\/le-mag\/wp-content\/uploads\/2015\/07\/clara-jasmine-Cleo-OJ-touche-egyptcienne-3-modes-sautoir-horizontal.jpg\" alt=\"clara-jasmine-Cleo-or-jaune-touche-egyptcienne-3-modes-sautoir-horizontal\" width=\"300\" height=\"300\" \/><\/a><\/p>\n<p style=\"text-align: left;\"><em><span style=\"color: #808080;\">Et vous? Que pensez-vous de cette nouvelle collection?<\/span> <\/em><\/p>\n<div class=\"twttr_buttons\"><div class=\"twttr_twitter\">\n\t\t\t\t\t<a href=\"http:\/\/twitter.com\/share?text=Clara+Jasmine%2C+les+nouveaut%C3%A9s+de+l%27%C3%A9t%C3%A9+2015+.\" class=\"twitter-share-button\" data-via=\"\" data-hashtags=\"\"  data-size=\"default\" data-url=\"https:\/\/www.matemonsac.com\/le-mag\/2015\/07\/10\/clara-jasmine-les-nouveautes-de-lete-2015\/\"  data-related=\"\" target=\"_blank\">Tweet<\/a>\n\t\t\t\t<\/div><\/div>","protected":false},"excerpt":{"rendered":"","protected":false},"author":1,"featured_media":0,"comment_status":"open","ping_status":"open","sticky":false,"template":"","format":"standard","meta":{"_mi_skip_tracking":false},"categories":[384,1564],"tags":[844,363,2595,493,1532,554,1323,787,2512],"_links":{"self":[{"href":"https:\/\/www.matemonsac.com\/le-mag\/wp-json\/wp\/v2\/posts\/17089"}],"collection":[{"href":"https:\/\/www.matemonsac.com\/le-mag\/wp-json\/wp\/v2\/posts"}],"about":[{"href":"https:\/\/www.matemonsac.com\/le-mag\/wp-json\/wp\/v2\/types\/post"}],"author":[{"embeddable":true,"href":"https:\/\/www.matemonsac.com\/le-mag\/wp-json\/wp\/v2\/users\/1"}],"replies":[{"embeddable":true,"href":"https:\/\/www.matemonsac.com\/le-mag\/wp-json\/wp\/v2\/comments?post=17089"}],"version-history":[{"count":0,"href":"https:\/\/www.matemonsac.com\/le-mag\/wp-json\/wp\/v2\/posts\/17089\/revisions"}],"wp:attachment":[{"href":"https:\/\/www.matemonsac.com\/le-mag\/wp-json\/wp\/v2\/media?parent=17089"}],"wp:term":[{"taxonomy":"category","embeddable":true,"href":"https:\/\/www.matemonsac.com\/le-mag\/wp-json\/wp\/v2\/categories?post=17089"},{"taxonomy":"post_tag","embeddable":true,"href":"https:\/\/www.matemonsac.com\/le-mag\/wp-json\/wp\/v2\/tags?post=17089"}],"curies":[{"name":"wp","href":"https:\/\/api.w.org\/{rel}","templated":true}]}}