{"id":17060,"date":"2015-07-12T07:40:09","date_gmt":"2015-07-12T06:40:09","guid":{"rendered":"https:\/\/www.matemonsac.com\/le-mag\/?p=17060"},"modified":"2015-07-10T16:40:55","modified_gmt":"2015-07-10T15:40:55","slug":"le-it-bag-de-la-semaine-le-maxi-cabas-sous-les-paves","status":"publish","type":"post","link":"https:\/\/www.matemonsac.com\/le-mag\/2015\/07\/12\/le-it-bag-de-la-semaine-le-maxi-cabas-sous-les-paves\/","title":{"rendered":"Le it bag de la semaine &#8211; Le maxi cabas Sous les pav\u00e9s ."},"content":{"rendered":"<p><a title=\"Sac Caba Sous les pav\u00e9s\" href=\"https:\/\/www.matemonsac.com\/le-mag\/marques\/sacs-a-main\/sous-les-paves\/55\/3\"><img decoding=\"async\" loading=\"lazy\" class=\"aligncenter size-full wp-image-17080\" src=\"https:\/\/www.matemonsac.com\/le-mag\/wp-content\/uploads\/2015\/07\/sac-sous-les-paves-mis-en-scene-it-bag.jpg\" alt=\"Maxi cabas Brooklyn vert Sous les pav\u00e9s\" width=\"500\" height=\"599\" srcset=\"https:\/\/www.matemonsac.com\/le-mag\/wp-content\/uploads\/2015\/07\/sac-sous-les-paves-mis-en-scene-it-bag.jpg 500w, https:\/\/www.matemonsac.com\/le-mag\/wp-content\/uploads\/2015\/07\/sac-sous-les-paves-mis-en-scene-it-bag-250x300.jpg 250w\" sizes=\"(max-width: 500px) 100vw, 500px\" \/><\/a><!--more--><span style=\"color: #808080;\">A chaque semaine, son <a style=\"color: #808080;\" title=\"It bag \" href=\"https:\/\/www.matemonsac.com\/le-mag\/sacs-a-main\/whereis\/etat\/occasion\"><strong>it bag<\/strong><\/a>! <\/span><\/p>\n<p><span style=\"color: #808080;\">Cette semaine nous avons envie de vous pr\u00e9senter le <a style=\"color: #808080;\" title=\"Maxi Cabas Brooklyn vert Sous les pav\u00e9s\" href=\"https:\/\/www.matemonsac.com\/le-mag\/marques\/sacs-a-main\/sous-les-paves\/55\/3\"><span style=\"text-decoration: underline;\">maxi cabas Brooklyn vert<\/span><\/a>, de la marque <strong><a style=\"color: #808080;\" title=\"Sous les pav\u00e9s\" href=\"https:\/\/www.matemonsac.com\/le-mag\/marques\/sacs-a-main\/sous-les-paves\/55\/3\">Sous les pav\u00e9s<\/a>, <\/strong>que l&rsquo;on trouve superbe!<\/span><\/p>\n<p><span style=\"color: #808080;\"><a style=\"color: #808080;\" title=\"Sous les pav\u00e9s\" href=\"https:\/\/www.matemonsac.com\/le-mag\/marques\/sacs-a-main\/sous-les-paves\/55\/3\"><strong>Sous les Pav\u00e9s<\/strong><\/a> est n\u00e9e de la rencontre de <span style=\"text-decoration: underline;\">deux cr\u00e9atrices<\/span> : Catherine Tisserant et Sophie Lagreula. De leur collaboration est n\u00e9e l&rsquo;envie de cr\u00e9er des sacs gais, tendances, d\u00e9contract\u00e9s mais chics, diff\u00e9rents et \u00e9tonnants. <\/span><\/p>\n<p><span style=\"color: #808080;\">On adore ce sac au beau vert <span style=\"text-decoration: underline;\">\u00e9meraude<\/span>. Assorti \u00e0 des <a style=\"color: #808080;\" title=\"Bijoux dor\u00e9s\" href=\"https:\/\/www.matemonsac.com\/le-mag\/marques\/bijoux\/mate-mon-sac\/77\/69?forme=101&amp;color=43&amp;forme=101\"><span style=\"text-decoration: underline;\">bijoux dor\u00e9s<\/span><\/a>, on le trouve parfait.<\/span><\/p>\n<p><span style=\"color: #808080;\">Pour l&rsquo;accompagner nous vous conseillons donc <span style=\"text-decoration: underline;\">quelques accessoires<\/span> :<\/span><\/p>\n<p>&nbsp;<\/p>\n<p style=\"text-align: center;\"><span style=\"color: #808080;\"><em>\u00a0Maxi cabas Brooklyn vert<\/em> <\/span><\/p>\n<p><a title=\"Sac Sous Les Paves \" href=\"https:\/\/www.matemonsac.com\/le-mag\/marques\/sacs-a-main\/sous-les-paves\/55\/3\"><img decoding=\"async\" loading=\"lazy\" class=\"aligncenter size-full wp-image-17064\" src=\"https:\/\/www.matemonsac.com\/le-mag\/wp-content\/uploads\/2015\/07\/sous-les-paves-maxi-cabas-brooklyn-vert.jpg\" alt=\"sous-les-paves-maxi-cabas-brooklyn-vert\" width=\"350\" height=\"346\" srcset=\"https:\/\/www.matemonsac.com\/le-mag\/wp-content\/uploads\/2015\/07\/sous-les-paves-maxi-cabas-brooklyn-vert.jpg 350w, https:\/\/www.matemonsac.com\/le-mag\/wp-content\/uploads\/2015\/07\/sous-les-paves-maxi-cabas-brooklyn-vert-300x297.jpg 300w\" sizes=\"(max-width: 350px) 100vw, 350px\" \/><\/a><\/p>\n<p>&nbsp;<\/p>\n<p style=\"text-align: center;\"><span style=\"color: #808080;\"><em>Une paire de lunettes de soleil vintage Dior<\/em><\/span><\/p>\n<p>&nbsp;<\/p>\n<p><a title=\"Lunettes de soleil Dior\" href=\"https:\/\/www.matemonsac.com\/le-mag\/accessoires\/tous-les-accessoires\/lunettes-solaires\" target=\"_blank\"><img decoding=\"async\" loading=\"lazy\" class=\"aligncenter size-full wp-image-17065\" src=\"https:\/\/www.matemonsac.com\/le-mag\/wp-content\/uploads\/2015\/07\/solaires-CD-blog.jpg\" alt=\"solaires-CD-blog\" width=\"300\" height=\"295\" \/><\/a><\/p>\n<p>&nbsp;<\/p>\n<p>&nbsp;<\/p>\n<p style=\"text-align: center;\"><em><span style=\"color: #808080;\">Un jonc Paloma Stella en plaqu\u00e9 or et perles<\/span><\/em><\/p>\n<p><a title=\"Bracelet Jonc et Perles Paloma Stella\" href=\"https:\/\/www.matemonsac.com\/le-mag\/marques\/bijoux\/paloma-stella\/256\/69?color=43&amp;color=43&amp;forme=101\"><img decoding=\"async\" loading=\"lazy\" class=\"aligncenter size-full wp-image-17066\" src=\"https:\/\/www.matemonsac.com\/le-mag\/wp-content\/uploads\/2015\/07\/paloma-stella-bracelet-jonc-or-lin-perles1.jpg\" alt=\"paloma-stella-bracelet-jonc-or-lin-perles\" width=\"250\" height=\"251\" \/><\/a><\/p>\n<p style=\"text-align: center;\"><span style=\"color: #808080;\"><em>Des bracelets jonc by Matemonsac<\/em> <\/span><a title=\"Bracelet Jonc V Dor\u00e9 Matemonsac \" href=\"https:\/\/www.matemonsac.com\/le-mag\/marques\/bijoux\/mate-mon-sac\/77\/69?forme=101&amp;color=43&amp;forme=101\"><img decoding=\"async\" loading=\"lazy\" class=\"aligncenter size-full wp-image-17061\" src=\"https:\/\/www.matemonsac.com\/le-mag\/wp-content\/uploads\/2015\/07\/By-matemonsa-jonc-ensemble-triangle.jpg\" alt=\"By-matemonsa-jonc-ensemble-triangle\" width=\"250\" height=\"250\" \/><\/a><\/p>\n<p style=\"text-align: center;\"><span style=\"color: #808080;\"><em>Un portefeuille Paris House \u00a0<\/em> <\/span><\/p>\n<p style=\"text-align: left;\"><a title=\"Portefeuille Paris House \" href=\"https:\/\/www.matemonsac.com\/le-mag\/marques\/accessoires\/paris-house\/54\/221?forme=88\"><img decoding=\"async\" loading=\"lazy\" class=\"aligncenter size-full wp-image-17082\" src=\"https:\/\/www.matemonsac.com\/le-mag\/wp-content\/uploads\/2015\/07\/paris-house-portefeuille-noir1.jpg\" alt=\"paris-house-portefeuille-noir\" width=\"300\" height=\"300\" \/><\/a><span style=\"color: #808080;\"><em>Et vous? Que pensez-vous de ce it-bag?<\/em> <\/span><\/p>\n<div class=\"twttr_buttons\"><div class=\"twttr_twitter\">\n\t\t\t\t\t<a href=\"http:\/\/twitter.com\/share?text=Le+it+bag+de+la+semaine+-+Le+maxi+cabas+Sous+les+pav%C3%A9s+.\" class=\"twitter-share-button\" data-via=\"\" data-hashtags=\"\"  data-size=\"default\" data-url=\"https:\/\/www.matemonsac.com\/le-mag\/2015\/07\/12\/le-it-bag-de-la-semaine-le-maxi-cabas-sous-les-paves\/\"  data-related=\"\" target=\"_blank\">Tweet<\/a>\n\t\t\t\t<\/div><\/div>","protected":false},"excerpt":{"rendered":"","protected":false},"author":1,"featured_media":0,"comment_status":"open","ping_status":"open","sticky":false,"template":"","format":"standard","meta":{"_mi_skip_tracking":false},"categories":[384,1562,430],"tags":[493,2594,391,10,44,785,1039,361,784,415,632,224,150],"_links":{"self":[{"href":"https:\/\/www.matemonsac.com\/le-mag\/wp-json\/wp\/v2\/posts\/17060"}],"collection":[{"href":"https:\/\/www.matemonsac.com\/le-mag\/wp-json\/wp\/v2\/posts"}],"about":[{"href":"https:\/\/www.matemonsac.com\/le-mag\/wp-json\/wp\/v2\/types\/post"}],"author":[{"embeddable":true,"href":"https:\/\/www.matemonsac.com\/le-mag\/wp-json\/wp\/v2\/users\/1"}],"replies":[{"embeddable":true,"href":"https:\/\/www.matemonsac.com\/le-mag\/wp-json\/wp\/v2\/comments?post=17060"}],"version-history":[{"count":0,"href":"https:\/\/www.matemonsac.com\/le-mag\/wp-json\/wp\/v2\/posts\/17060\/revisions"}],"wp:attachment":[{"href":"https:\/\/www.matemonsac.com\/le-mag\/wp-json\/wp\/v2\/media?parent=17060"}],"wp:term":[{"taxonomy":"category","embeddable":true,"href":"https:\/\/www.matemonsac.com\/le-mag\/wp-json\/wp\/v2\/categories?post=17060"},{"taxonomy":"post_tag","embeddable":true,"href":"https:\/\/www.matemonsac.com\/le-mag\/wp-json\/wp\/v2\/tags?post=17060"}],"curies":[{"name":"wp","href":"https:\/\/api.w.org\/{rel}","templated":true}]}}