{"id":17042,"date":"2015-07-03T07:16:51","date_gmt":"2015-07-03T06:16:51","guid":{"rendered":"https:\/\/www.matemonsac.com\/le-mag\/?p=17042"},"modified":"2017-06-10T11:44:29","modified_gmt":"2017-06-10T10:44:29","slug":"le-cabas-de-plage-le-must-have-de-lete","status":"publish","type":"post","link":"https:\/\/www.matemonsac.com\/le-mag\/2015\/07\/03\/le-cabas-de-plage-le-must-have-de-lete\/","title":{"rendered":"Le cabas de plage, le must have de l&rsquo;\u00e9t\u00e9 ."},"content":{"rendered":"<p><span style=\"color: #808080;\">Le <a style=\"color: #808080;\" title=\"Cabas de plage\" href=\"https:\/\/www.matemonsac.com\/le-mag\/marques\/sacs-a-main\/mate-mon-sac\/77\/3?forme=201\">cabas de plage<\/a> en osier est un v\u00e9ritable <strong>must-have<\/strong> pour vos vacances.<\/span><\/p>\n<p><span style=\"color: #808080;\">Pratique et beau, ce <a style=\"color: #808080;\" title=\"Cabas de plage Matemonsac \u00e0 rayures fuchsia \" href=\"https:\/\/www.matemonsac.com\/le-mag\/sacs-a-main-createur-femme\/paniers-sacs-de-plage-cabas-tresse\">sac \u00e0 rayures\u00a0et paillettes roses fuchsia <strong>Mate mon sac<\/strong><\/a> est incontournable.\u00a0<\/span><\/p>\n<p><a title=\"Cabas de Plage Rayures Rose fuchsia \" href=\"https:\/\/www.matemonsac.com\/le-mag\/sacs-a-main-createur-femme\/paniers-sacs-de-plage-cabas-tressehttps:\/\/www.matemonsac.com\/le-mag\/marques\/sacs-a-main\/mate-mon-sac\/77\/3?forme=201\"><img decoding=\"async\" loading=\"lazy\" class=\"aligncenter wp-image-16841 size-full\" title=\"Cabas de plage \u00e0 rayures rose fuchsia by Matemonsac\" src=\"https:\/\/www.matemonsac.com\/le-mag\/wp-content\/uploads\/2015\/05\/panier-raye-fluo-rose.jpg\" alt=\"cabas-plage-rayures-fuchsia \" width=\"400\" height=\"400\" srcset=\"https:\/\/www.matemonsac.com\/le-mag\/wp-content\/uploads\/2015\/05\/panier-raye-fluo-rose.jpg 400w, https:\/\/www.matemonsac.com\/le-mag\/wp-content\/uploads\/2015\/05\/panier-raye-fluo-rose-300x300.jpg 300w\" sizes=\"(max-width: 400px) 100vw, 400px\" \/><\/a><\/p>\n<p><span style=\"color: #808080;\">Que mettre dedans? <strong>Absolument tout<\/strong>! Mais <span style=\"text-decoration: underline;\">surtout<\/span> :\u00a0<\/span><\/p>\n<p>&nbsp;<\/p>\n<p style=\"text-align: center;\"><em><span style=\"color: #808080;\">Une paire de lunettes de soleil Chlo\u00e9<\/span><\/em><\/p>\n<p style=\"text-align: center;\"><a title=\"Lunettes de soleil Chlo\u00e9\" href=\"https:\/\/www.matemonsac.com\/le-mag\/marques\/accessoires\/chloe\/17\/221\"><img decoding=\"async\" loading=\"lazy\" class=\"aligncenter wp-image-17048 size-full\" title=\"Lunettes de soleil Chlo\u00e9\" src=\"https:\/\/www.matemonsac.com\/le-mag\/wp-content\/uploads\/2015\/07\/solaires-chloe-blog.jpg\" alt=\"solaires-chloe\" width=\"300\" height=\"298\" \/><\/a><\/p>\n<p style=\"text-align: center;\"><em><span style=\"color: #808080;\">Un collier Ganesh Matemonsac hippie chic\u00a0<\/span><\/em><\/p>\n<p style=\"text-align: center;\"><a class=\"alignnone\" title=\"Collier Ganesh Matemonsac \" href=\"https:\/\/www.matemonsac.com\/le-mag\/marque-mate-mon-sac-pochettes-kilim-bijoux-parisienne-ethnique-chic\/collier-bouddha-colliers-buddha\"><img decoding=\"async\" loading=\"lazy\" class=\"aligncenter size-full wp-image-17050\" src=\"https:\/\/www.matemonsac.com\/le-mag\/wp-content\/uploads\/2015\/07\/by-matemonsac-collier-ganesh-argent-perles-beiges-pompon-rose-fluo-petit-modele.jpg\" alt=\"by-matemonsac-collier-ganesh-argent-perles-beiges-pompon-rose-fluo-petit-modele\" width=\"300\" height=\"300\" \/><\/a><\/p>\n<p style=\"text-align: center;\"><em><span style=\"color: #808080;\">Une pochette Where Else\u00a0<\/span><\/em><\/p>\n<p style=\"text-align: center;\"><a title=\"Pochette Fuchsia Where Else\" href=\"https:\/\/www.matemonsac.com\/le-mag\/marques\/accessoires\/where-else\/156\/221\"><img decoding=\"async\" loading=\"lazy\" class=\"aligncenter wp-image-17049 size-full\" title=\"Pochette Fuchsia Plage des Lices Where Else \" src=\"https:\/\/www.matemonsac.com\/le-mag\/wp-content\/uploads\/2015\/07\/where-else-pochette-place-des-lices-saint-tropez-fuchsia-blog.jpg\" alt=\"where-else-pochette-place-des-lices-saint-tropez-fuchsia\" width=\"300\" height=\"248\" \/><\/a><\/p>\n<p style=\"text-align: center;\"><em><span style=\"color: #808080;\">Une coque d&rsquo;iPhone Rabito\u00a0<\/span><\/em><\/p>\n<p style=\"text-align: center;\"><a class=\"alignnone\" title=\"Coque d'iphone Rabito Fuchsia \" href=\"https:\/\/www.matemonsac.com\/le-mag\/accessoires\/tous-les-accessoires\/iphone-cases\"><img decoding=\"async\" loading=\"lazy\" class=\"aligncenter size-full wp-image-17046\" src=\"https:\/\/www.matemonsac.com\/le-mag\/wp-content\/uploads\/2015\/07\/coque-iphone-rabito-fuchsia-blog.jpg\" alt=\"coque-iphone-rabito-fuchsia-blog\" width=\"300\" height=\"302\" srcset=\"https:\/\/www.matemonsac.com\/le-mag\/wp-content\/uploads\/2015\/07\/coque-iphone-rabito-fuchsia-blog.jpg 300w, https:\/\/www.matemonsac.com\/le-mag\/wp-content\/uploads\/2015\/07\/coque-iphone-rabito-fuchsia-blog-298x300.jpg 298w\" sizes=\"(max-width: 300px) 100vw, 300px\" \/><\/a><\/p>\n<p style=\"text-align: left;\"><em><span style=\"color: #808080;\">Pr\u00eate pour l&rsquo;\u00e9t\u00e9?<\/span><\/em><\/p>\n<p style=\"text-align: left;\"><a title=\"Cabas de plage Must Have \" href=\"https:\/\/www.matemonsac.com\/le-mag\/sacs-a-main-createur-femme\/paniers-sacs-de-plage-cabas-tressehttps:\/\/www.matemonsac.com\/le-mag\/marques\/sacs-a-main\/mate-mon-sac\/77\/3?forme=201\"><img decoding=\"async\" loading=\"lazy\" class=\"aligncenter wp-image-17051 size-full\" title=\"Cabas de plage, le must-have de l'\u00e9t\u00e9\" src=\"https:\/\/www.matemonsac.com\/le-mag\/wp-content\/uploads\/2015\/07\/cabas-plage-must-have-blog.jpg\" alt=\"cabas-plage-must-have\" width=\"550\" height=\"615\" srcset=\"https:\/\/www.matemonsac.com\/le-mag\/wp-content\/uploads\/2015\/07\/cabas-plage-must-have-blog.jpg 550w, https:\/\/www.matemonsac.com\/le-mag\/wp-content\/uploads\/2015\/07\/cabas-plage-must-have-blog-268x300.jpg 268w\" sizes=\"(max-width: 550px) 100vw, 550px\" \/><\/a><\/p>\n<p><span style=\"border-radius: 2px; text-indent: 20px; width: auto; padding: 0px 4px 0px 0px; text-align: center; font: bold 11px\/20px 'Helvetica Neue',Helvetica,sans-serif; color: #ffffff; background: #bd081c  no-repeat scroll 3px 50% \/ 14px 14px; position: absolute; opacity: 1; z-index: 8675309; display: none; cursor: pointer; top: 676px; left: 403px;\">Enregistrer<\/span><\/p>\n<div class=\"twttr_buttons\"><div class=\"twttr_twitter\">\n\t\t\t\t\t<a href=\"http:\/\/twitter.com\/share?text=Le+cabas+de+plage%2C+le+must+have+de+l%27%C3%A9t%C3%A9+.\" class=\"twitter-share-button\" data-via=\"\" data-hashtags=\"\"  data-size=\"default\" data-url=\"https:\/\/www.matemonsac.com\/le-mag\/2015\/07\/03\/le-cabas-de-plage-le-must-have-de-lete\/\"  data-related=\"\" target=\"_blank\">Tweet<\/a>\n\t\t\t\t<\/div><\/div>","protected":false},"excerpt":{"rendered":"<p>Le cabas de plage en osier est un v\u00e9ritable must-have pour vos vacances. Pratique et beau, ce sac \u00e0 rayures\u00a0et paillettes roses fuchsia Mate mon sac est incontournable.\u00a0 Que mettre dedans? Absolument tout! Mais surtout :\u00a0 &nbsp; Une paire de lunettes de soleil Chlo\u00e9 Un collier Ganesh Matemonsac hippie chic\u00a0 Une pochette Where Else\u00a0 Une [&hellip;]<\/p>\n","protected":false},"author":1,"featured_media":17051,"comment_status":"open","ping_status":"open","sticky":false,"template":"","format":"standard","meta":{"_mi_skip_tracking":false},"categories":[40,2949,27,1567],"tags":[2012,391,904,43,554,2081,2589,1039,151,392,2067,632,507],"_links":{"self":[{"href":"https:\/\/www.matemonsac.com\/le-mag\/wp-json\/wp\/v2\/posts\/17042"}],"collection":[{"href":"https:\/\/www.matemonsac.com\/le-mag\/wp-json\/wp\/v2\/posts"}],"about":[{"href":"https:\/\/www.matemonsac.com\/le-mag\/wp-json\/wp\/v2\/types\/post"}],"author":[{"embeddable":true,"href":"https:\/\/www.matemonsac.com\/le-mag\/wp-json\/wp\/v2\/users\/1"}],"replies":[{"embeddable":true,"href":"https:\/\/www.matemonsac.com\/le-mag\/wp-json\/wp\/v2\/comments?post=17042"}],"version-history":[{"count":0,"href":"https:\/\/www.matemonsac.com\/le-mag\/wp-json\/wp\/v2\/posts\/17042\/revisions"}],"wp:featuredmedia":[{"embeddable":true,"href":"https:\/\/www.matemonsac.com\/le-mag\/wp-json\/wp\/v2\/media\/17051"}],"wp:attachment":[{"href":"https:\/\/www.matemonsac.com\/le-mag\/wp-json\/wp\/v2\/media?parent=17042"}],"wp:term":[{"taxonomy":"category","embeddable":true,"href":"https:\/\/www.matemonsac.com\/le-mag\/wp-json\/wp\/v2\/categories?post=17042"},{"taxonomy":"post_tag","embeddable":true,"href":"https:\/\/www.matemonsac.com\/le-mag\/wp-json\/wp\/v2\/tags?post=17042"}],"curies":[{"name":"wp","href":"https:\/\/api.w.org\/{rel}","templated":true}]}}