{"id":17023,"date":"2015-07-02T07:43:25","date_gmt":"2015-07-02T06:43:25","guid":{"rendered":"https:\/\/www.matemonsac.com\/le-mag\/?p=17023"},"modified":"2016-08-16T23:55:28","modified_gmt":"2016-08-16T22:55:28","slug":"la-nouvelle-pochette-kilim-de-notre-cliente-marie","status":"publish","type":"post","link":"https:\/\/www.matemonsac.com\/le-mag\/2015\/07\/02\/la-nouvelle-pochette-kilim-de-notre-cliente-marie\/","title":{"rendered":"La nouvelle pochette Kilim de notre cliente Marie ."},"content":{"rendered":"<p><span style=\"color: #808080;\">Apr\u00e8s avoir re\u00e7u sa commande \u00e0 Bruxelles o\u00f9 elle r\u00e9side, notre cliente <strong>Marie<\/strong> nous a envoy\u00e9 une jolie photo de son nouvel <a style=\"color: #808080;\" title=\"Pochette kilim it-bag\" href=\"https:\/\/www.matemonsac.com\/le-mag\/catalogsearch\/result\/?q=kilim\"><span style=\"text-decoration: underline;\">it-bag.<\/span><\/a><\/span><\/p>\n<p><span style=\"color: #808080;\">Elle cherchait une pochette color\u00e9e afin de l&rsquo;assortir \u00e0 une tenue claire pour se rendre a un mariage. Elle nous a dit qu&rsquo;elle \u00e9tait ravie de son achat !<br \/>\n<\/span><\/p>\n<p><span style=\"color: #808080;\">Sa nouvelle <a style=\"color: #808080;\" title=\"Pochette Kilim\" href=\"https:\/\/www.matemonsac.com\/le-mag\/marque-mate-mon-sac-pochettes-kilim-bijoux-parisienne-ethnique-chic\/pochettes-kilim-sac-bourse-ethnique\"><strong>pochette Kilim<\/strong><\/a> \u00e0 pompon rose fuchsia est superbe avec sa tenue et ses chaussures <a style=\"color: #808080;\" title=\"Superstar\" href=\"http:\/\/www.adidas.fr\/\" target=\"_blank\"><em>Superstar<\/em><\/a> bleues \u00e9lectriques. <\/span><\/p>\n<p><span style=\"color: #808080;\"><span style=\"text-decoration: underline;\">On adore ce look<\/span>! <\/span><\/p>\n<p><span style=\"color: #808080;\">Avec une tenue casual ou une petite robe noire le sac <a style=\"color: #808080;\" title=\"kilim\" href=\"https:\/\/www.matemonsac.com\/le-mag\/catalogsearch\/result\/?q=kilim\"><strong>Kilim<\/strong><\/a> est parfait. C&rsquo;est un vrai <span style=\"text-decoration: underline;\">bijou<\/span> qui habille votre tenue en un rien de temps. <\/span><\/p>\n<p><span style=\"color: #808080;\">Tous nos mod\u00e8les sont uniques et existent dans une multitude de couleurs. Impossible de ne pas craquer!<br \/>\n<\/span><\/p>\n<p><span style=\"color: #808080;\"><span style=\"text-decoration: underline;\"><em>En voici un petit \u00e9chantillon<\/em><\/span> :<\/span><\/p>\n<p><a title=\"Pochette Kilim Tresse Turquoise\" href=\"https:\/\/www.matemonsac.com\/le-mag\/marque-mate-mon-sac-pochettes-kilim-bijoux-parisienne-ethnique-chic\/pochettes-kilim-sac-bourse-ethnique\"><img decoding=\"async\" loading=\"lazy\" class=\"aligncenter size-full wp-image-17028\" src=\"https:\/\/www.matemonsac.com\/le-mag\/wp-content\/uploads\/2015\/06\/Pochette-Kilim-Bleu-Pompon-blog.jpg\" alt=\"Pochette-Kilim-Bleu-Pompon-blog\" width=\"350\" height=\"350\" srcset=\"https:\/\/www.matemonsac.com\/le-mag\/wp-content\/uploads\/2015\/06\/Pochette-Kilim-Bleu-Pompon-blog.jpg 350w, https:\/\/www.matemonsac.com\/le-mag\/wp-content\/uploads\/2015\/06\/Pochette-Kilim-Bleu-Pompon-blog-300x300.jpg 300w\" sizes=\"(max-width: 350px) 100vw, 350px\" \/><\/a><\/p>\n<p>&nbsp;<\/p>\n<p><a title=\"Pochette Kilim Tresse rose\" href=\"https:\/\/www.matemonsac.com\/le-mag\/marque-mate-mon-sac-pochettes-kilim-bijoux-parisienne-ethnique-chic\/pochettes-kilim-sac-bourse-ethnique\"><img decoding=\"async\" loading=\"lazy\" class=\"aligncenter size-full wp-image-17027\" src=\"https:\/\/www.matemonsac.com\/le-mag\/wp-content\/uploads\/2015\/06\/pochette-kilim-blanc-tresse-rose-pale-blog.jpg\" alt=\"pochette-kilim-blanc-tresse-rose-pale-blog\" width=\"350\" height=\"350\" srcset=\"https:\/\/www.matemonsac.com\/le-mag\/wp-content\/uploads\/2015\/06\/pochette-kilim-blanc-tresse-rose-pale-blog.jpg 350w, https:\/\/www.matemonsac.com\/le-mag\/wp-content\/uploads\/2015\/06\/pochette-kilim-blanc-tresse-rose-pale-blog-300x300.jpg 300w\" sizes=\"(max-width: 350px) 100vw, 350px\" \/><\/a><a title=\"Pochette Kilim Pompon vert\" href=\"https:\/\/www.matemonsac.com\/le-mag\/marque-mate-mon-sac-pochettes-kilim-bijoux-parisienne-ethnique-chic\/pochettes-kilim-sac-bourse-ethnique\"><img decoding=\"async\" loading=\"lazy\" class=\"aligncenter size-full wp-image-17029\" src=\"https:\/\/www.matemonsac.com\/le-mag\/wp-content\/uploads\/2015\/06\/Pochette-Kilim-Carree-Multico-Vert-blog.jpg\" alt=\"Pochette-Kilim-Carree-Multico-Vert-blog\" width=\"350\" height=\"350\" srcset=\"https:\/\/www.matemonsac.com\/le-mag\/wp-content\/uploads\/2015\/06\/Pochette-Kilim-Carree-Multico-Vert-blog.jpg 350w, https:\/\/www.matemonsac.com\/le-mag\/wp-content\/uploads\/2015\/06\/Pochette-Kilim-Carree-Multico-Vert-blog-300x300.jpg 300w\" sizes=\"(max-width: 350px) 100vw, 350px\" \/><\/a><a title=\"Pochette Kilim Pompon bleu \" href=\"https:\/\/www.matemonsac.com\/le-mag\/marque-mate-mon-sac-pochettes-kilim-bijoux-parisienne-ethnique-chic\/pochettes-kilim-sac-bourse-ethnique\"><img decoding=\"async\" loading=\"lazy\" class=\"aligncenter size-full wp-image-17026\" src=\"https:\/\/www.matemonsac.com\/le-mag\/wp-content\/uploads\/2015\/06\/pochette-kilim-blanc-pompon-turquoise-blog.jpg\" alt=\"pochette-kilim-blanc-pompon-turquoise-blog\" width=\"350\" height=\"350\" srcset=\"https:\/\/www.matemonsac.com\/le-mag\/wp-content\/uploads\/2015\/06\/pochette-kilim-blanc-pompon-turquoise-blog.jpg 350w, https:\/\/www.matemonsac.com\/le-mag\/wp-content\/uploads\/2015\/06\/pochette-kilim-blanc-pompon-turquoise-blog-300x300.jpg 300w\" sizes=\"(max-width: 350px) 100vw, 350px\" \/><\/a><span style=\"color: #808080;\"><em>Que pensez-vous du look de Marie et de sa nouvelle pochette ?<\/em><\/span><\/p>\n<p><span style=\"border-radius: 2px; text-indent: 20px; width: auto; padding: 0px 4px 0px 0px; text-align: center; font: bold 11px\/20px 'Helvetica Neue',Helvetica,sans-serif; color: #ffffff; background: #bd081c no-repeat scroll 3px 50% \/ 14px 14px; position: absolute; opacity: 0.85; z-index: 8675309; display: none; cursor: pointer; top: 36px; left: 196px;\">Enregistrer<\/span><\/p>\n<p><span style=\"border-radius: 2px; text-indent: 20px; width: auto; padding: 0px 4px 0px 0px; text-align: center; font: bold 11px\/20px 'Helvetica Neue',Helvetica,sans-serif; color: #ffffff; background: #bd081c no-repeat scroll 3px 50% \/ 14px 14px; position: absolute; opacity: 1; z-index: 8675309; display: none; cursor: pointer;\">Enregistrer<\/span><\/p>\n<p><span style=\"border-radius: 2px; text-indent: 20px; width: auto; padding: 0px 4px 0px 0px; text-align: center; font: bold 11px\/20px 'Helvetica Neue',Helvetica,sans-serif; color: #ffffff; background: #bd081c  no-repeat scroll 3px 50% \/ 14px 14px; position: absolute; opacity: 1; z-index: 8675309; display: none; cursor: pointer;\">Enregistrer<\/span><\/p>\n<div class=\"twttr_buttons\"><div class=\"twttr_twitter\">\n\t\t\t\t\t<a href=\"http:\/\/twitter.com\/share?text=La+nouvelle+pochette+Kilim+de+notre+cliente+Marie+.\" class=\"twitter-share-button\" data-via=\"\" data-hashtags=\"\"  data-size=\"default\" data-url=\"https:\/\/www.matemonsac.com\/le-mag\/2015\/07\/02\/la-nouvelle-pochette-kilim-de-notre-cliente-marie\/\"  data-related=\"\" target=\"_blank\">Tweet<\/a>\n\t\t\t\t<\/div><\/div>","protected":false},"excerpt":{"rendered":"<p>Apr\u00e8s avoir re\u00e7u sa commande \u00e0 Bruxelles o\u00f9 elle r\u00e9side, notre cliente Marie nous a envoy\u00e9 une jolie photo de son nouvel it-bag. Elle cherchait une pochette color\u00e9e afin de l&rsquo;assortir \u00e0 une tenue claire pour se rendre a un mariage. Elle nous a dit qu&rsquo;elle \u00e9tait ravie de son achat ! Sa nouvelle pochette [&hellip;]<\/p>\n","protected":false},"author":1,"featured_media":17025,"comment_status":"open","ping_status":"open","sticky":false,"template":"","format":"standard","meta":{"_mi_skip_tracking":false},"categories":[384,430,2613,1567,2735],"tags":[708,645,44,2375,740,1937,943,392,2534,632,2380],"_links":{"self":[{"href":"https:\/\/www.matemonsac.com\/le-mag\/wp-json\/wp\/v2\/posts\/17023"}],"collection":[{"href":"https:\/\/www.matemonsac.com\/le-mag\/wp-json\/wp\/v2\/posts"}],"about":[{"href":"https:\/\/www.matemonsac.com\/le-mag\/wp-json\/wp\/v2\/types\/post"}],"author":[{"embeddable":true,"href":"https:\/\/www.matemonsac.com\/le-mag\/wp-json\/wp\/v2\/users\/1"}],"replies":[{"embeddable":true,"href":"https:\/\/www.matemonsac.com\/le-mag\/wp-json\/wp\/v2\/comments?post=17023"}],"version-history":[{"count":0,"href":"https:\/\/www.matemonsac.com\/le-mag\/wp-json\/wp\/v2\/posts\/17023\/revisions"}],"wp:featuredmedia":[{"embeddable":true,"href":"https:\/\/www.matemonsac.com\/le-mag\/wp-json\/wp\/v2\/media\/17025"}],"wp:attachment":[{"href":"https:\/\/www.matemonsac.com\/le-mag\/wp-json\/wp\/v2\/media?parent=17023"}],"wp:term":[{"taxonomy":"category","embeddable":true,"href":"https:\/\/www.matemonsac.com\/le-mag\/wp-json\/wp\/v2\/categories?post=17023"},{"taxonomy":"post_tag","embeddable":true,"href":"https:\/\/www.matemonsac.com\/le-mag\/wp-json\/wp\/v2\/tags?post=17023"}],"curies":[{"name":"wp","href":"https:\/\/api.w.org\/{rel}","templated":true}]}}