{"id":16940,"date":"2015-06-11T14:40:22","date_gmt":"2015-06-11T13:40:22","guid":{"rendered":"https:\/\/www.matemonsac.com\/le-mag\/?p=16940"},"modified":"2016-08-17T14:35:52","modified_gmt":"2016-08-17T13:35:52","slug":"anna-sherbinina-sa-pochette-kilim-a-la-soiree-jaguar","status":"publish","type":"post","link":"https:\/\/www.matemonsac.com\/le-mag\/2015\/06\/11\/anna-sherbinina-sa-pochette-kilim-a-la-soiree-jaguar\/","title":{"rendered":"Anna Sherbinina, sa pochette Kilim \u00e0 la soir\u00e9e Jaguar."},"content":{"rendered":"<p><img decoding=\"async\" loading=\"lazy\" class=\"aligncenter size-full wp-image-16943\" src=\"https:\/\/www.matemonsac.com\/le-mag\/wp-content\/uploads\/2015\/06\/anna-sherbinina-kilim-jaguar-blog.jpg\" alt=\"anna-sherbinina-kilim-jaguar-blog\" width=\"524\" height=\"707\" \/><\/p>\n<p><span style=\"color: #808080;\">La belle actrice <strong>Anna Sherbinina<\/strong> s&rsquo;est rendue \u00e0 la <span style=\"text-decoration: underline;\">soir\u00e9e Jaguar<\/span> \u00e0 Paris avec l&rsquo;une de nos <a title=\"Pochettes Kilim\" href=\"https:\/\/www.matemonsac.com\/le-mag\/marque-mate-mon-sac-pochettes-kilim-bijoux-parisienne-ethnique-chic\/pochettes-kilim-sac-bourse-ethnique\"><strong>pochettes Kilim<\/strong><\/a>. <\/span><\/p>\n<p><span style=\"color: #808080;\">Conquise par nos pochettes r\u00e9alis\u00e9es par une association de femmes \u00e0 <span style=\"text-decoration: underline;\">Marrakech<\/span>, elle a tenu \u00e0 en choisir une pour cet \u00e9v\u00e8nement. <\/span><\/p>\n<p><span style=\"color: #808080;\">Parfaitement assortie \u00e0 sa robe graphique <a title=\"Herve Leger\" href=\"http:\/\/www.herveleger.com\/on\/demandware.store\/Sites-HerveLeger-Site\/fr_FR\/Default-Start?null\" target=\"_blank\"><strong>Herv\u00e9 L\u00e9ger<\/strong><\/a>, sa tenue est superbe ! Quel beau it-bag !<br \/>\n<\/span><\/p>\n<p><a title=\"Anna Sherbinina Pochette Kilim et Jaguar\" href=\"https:\/\/www.matemonsac.com\/le-mag\/marque-mate-mon-sac-pochettes-kilim-bijoux-parisienne-ethnique-chic\/pochettes-kilim-sac-bourse-ethnique\"><img decoding=\"async\" loading=\"lazy\" class=\"aligncenter size-full wp-image-16941\" src=\"https:\/\/www.matemonsac.com\/le-mag\/wp-content\/uploads\/2015\/06\/anna-sherbinina-inauguration-jaguar-blog.jpg\" alt=\"anna-sherbinina-inauguration-jaguar-blog\" width=\"593\" height=\"437\" srcset=\"https:\/\/www.matemonsac.com\/le-mag\/wp-content\/uploads\/2015\/06\/anna-sherbinina-inauguration-jaguar-blog.jpg 593w, https:\/\/www.matemonsac.com\/le-mag\/wp-content\/uploads\/2015\/06\/anna-sherbinina-inauguration-jaguar-blog-300x221.jpg 300w\" sizes=\"(max-width: 593px) 100vw, 593px\" \/><\/a><\/p>\n<p><span style=\"color: #808080;\">Anna porte \u00e9galement un bracelet <a title=\"Lucky Charm Catherine Michiels\" href=\"https:\/\/www.matemonsac.com\/le-mag\/marques\/bijoux\/catherine-michiels\/104\/69?forme=101\"><span style=\"text-decoration: underline;\">Lucky Charm de <strong><span style=\"color: #808080; text-decoration: underline;\">Catherine Michiels<\/span><\/strong><\/span><\/a>.<\/span><\/p>\n<p><a title=\"Bracelet Catherine Michiels\" href=\"https:\/\/www.matemonsac.com\/le-mag\/bijoux-createurs-tendance-bijouterie-fantaisie\/bijoux-gris-gris-lucky-charms-porte-bonheur\/catherine_michielshttps:\/\/www.matemonsac.com\/le-mag\/marques\/bijoux\/catherine-michiels\/104\/69?forme=101\"><img decoding=\"async\" loading=\"lazy\" class=\"aligncenter wp-image-16942 size-full\" src=\"https:\/\/www.matemonsac.com\/le-mag\/wp-content\/uploads\/2015\/06\/anna-sherbinina-jaguar-blog.jpg\" alt=\"anna-sherbinina-jaguar-blog\" width=\"600\" height=\"406\" srcset=\"https:\/\/www.matemonsac.com\/le-mag\/wp-content\/uploads\/2015\/06\/anna-sherbinina-jaguar-blog.jpg 600w, https:\/\/www.matemonsac.com\/le-mag\/wp-content\/uploads\/2015\/06\/anna-sherbinina-jaguar-blog-300x203.jpg 300w\" sizes=\"(max-width: 600px) 100vw, 600px\" \/><\/a><\/p>\n<p><span style=\"color: #808080;\"><span style=\"text-decoration: underline;\"><em>Bracelet Lucky Charm de <a title=\"Bijoux Catherine Michiels\" href=\"https:\/\/www.matemonsac.com\/le-mag\/bijoux-createurs-tendance-bijouterie-fantaisie\/bijoux-gris-gris-lucky-charms-porte-bonheur\/catherine_michiels\">Caherine Michiels<\/a> Petit Bob en Argent et Saphir R<\/em>ose<\/span> :<\/span><\/p>\n<p><a title=\"Lucky Charm Catherine Michiels\" href=\"https:\/\/www.matemonsac.com\/le-mag\/bijoux-createurs-tendance-bijouterie-fantaisie\/bijoux-gris-gris-lucky-charms-porte-bonheur\/catherine_michielshttps:\/\/www.matemonsac.com\/le-mag\/marques\/bijoux\/catherine-michiels\/104\/69?forme=101\"><img decoding=\"async\" loading=\"lazy\" class=\"aligncenter wp-image-16944 size-full\" src=\"https:\/\/www.matemonsac.com\/le-mag\/wp-content\/uploads\/2015\/06\/catherine-michiels-charm-bob-argent-saphirs-rose.jpg\" alt=\"catherine-michiels-charm-bob-argent-saphirs-rose\" width=\"400\" height=\"400\" srcset=\"https:\/\/www.matemonsac.com\/le-mag\/wp-content\/uploads\/2015\/06\/catherine-michiels-charm-bob-argent-saphirs-rose.jpg 400w, https:\/\/www.matemonsac.com\/le-mag\/wp-content\/uploads\/2015\/06\/catherine-michiels-charm-bob-argent-saphirs-rose-300x300.jpg 300w\" sizes=\"(max-width: 400px) 100vw, 400px\" \/><\/a><em><span style=\"color: #808080;\">Que pensez-vous de cette jolie tenue? <\/span><\/em><\/p>\n<p><span style=\"color: #808080;\">Tous les mod\u00e8les de pochettes Kilim et de Lucky Charm Catherine Michiels sont \u00e0 retrouver sur notre <a title=\"Modeles Bracelet Pochette E-shop \" href=\"https:\/\/www.matemonsac.com\/le-mag\/\"><em>e-shop<\/em><\/a>.<\/span><\/p>\n<p><span style=\"border-radius: 2px; text-indent: 20px; width: auto; padding: 0px 4px 0px 0px; text-align: center; font: bold 11px\/20px 'Helvetica Neue',Helvetica,sans-serif; color: #ffffff; background: #bd081c no-repeat scroll 3px 50% \/ 14px 14px; position: absolute; opacity: 0.85; z-index: 8675309; display: none; cursor: pointer; top: 879px; left: 414px;\">Enregistrer<\/span><\/p>\n<p><span style=\"border-radius: 2px; text-indent: 20px; width: auto; padding: 0px 4px 0px 0px; text-align: center; font: bold 11px\/20px 'Helvetica Neue',Helvetica,sans-serif; color: #ffffff; background: #bd081c  no-repeat scroll 3px 50% \/ 14px 14px; position: absolute; opacity: 0.85; z-index: 8675309; display: none; cursor: pointer; top: 1882px; left: 511px;\">Enregistrer<\/span><\/p>\n<div class=\"twttr_buttons\"><div class=\"twttr_twitter\">\n\t\t\t\t\t<a href=\"http:\/\/twitter.com\/share?text=Anna+Sherbinina%2C+sa+pochette+Kilim+%C3%A0+la+soir%C3%A9e+Jaguar.\" class=\"twitter-share-button\" data-via=\"\" data-hashtags=\"\"  data-size=\"default\" data-url=\"https:\/\/www.matemonsac.com\/le-mag\/2015\/06\/11\/anna-sherbinina-sa-pochette-kilim-a-la-soiree-jaguar\/\"  data-related=\"\" target=\"_blank\">Tweet<\/a>\n\t\t\t\t<\/div><\/div>","protected":false},"excerpt":{"rendered":"<p>La belle actrice Anna Sherbinina s&rsquo;est rendue \u00e0 la soir\u00e9e Jaguar \u00e0 Paris avec l&rsquo;une de nos pochettes Kilim. Conquise par nos pochettes r\u00e9alis\u00e9es par une association de femmes \u00e0 Marrakech, elle a tenu \u00e0 en choisir une pour cet \u00e9v\u00e8nement. Parfaitement assortie \u00e0 sa robe graphique Herv\u00e9 L\u00e9ger, sa tenue est superbe ! Quel [&hellip;]<\/p>\n","protected":false},"author":1,"featured_media":0,"comment_status":"open","ping_status":"open","sticky":false,"template":"","format":"standard","meta":{"_mi_skip_tracking":false},"categories":[384,104,2613,1198],"tags":[2567,454,2565,493,451,2570,2568,44,2569,2375,498,1937,453,392,2534,1607],"_links":{"self":[{"href":"https:\/\/www.matemonsac.com\/le-mag\/wp-json\/wp\/v2\/posts\/16940"}],"collection":[{"href":"https:\/\/www.matemonsac.com\/le-mag\/wp-json\/wp\/v2\/posts"}],"about":[{"href":"https:\/\/www.matemonsac.com\/le-mag\/wp-json\/wp\/v2\/types\/post"}],"author":[{"embeddable":true,"href":"https:\/\/www.matemonsac.com\/le-mag\/wp-json\/wp\/v2\/users\/1"}],"replies":[{"embeddable":true,"href":"https:\/\/www.matemonsac.com\/le-mag\/wp-json\/wp\/v2\/comments?post=16940"}],"version-history":[{"count":0,"href":"https:\/\/www.matemonsac.com\/le-mag\/wp-json\/wp\/v2\/posts\/16940\/revisions"}],"wp:attachment":[{"href":"https:\/\/www.matemonsac.com\/le-mag\/wp-json\/wp\/v2\/media?parent=16940"}],"wp:term":[{"taxonomy":"category","embeddable":true,"href":"https:\/\/www.matemonsac.com\/le-mag\/wp-json\/wp\/v2\/categories?post=16940"},{"taxonomy":"post_tag","embeddable":true,"href":"https:\/\/www.matemonsac.com\/le-mag\/wp-json\/wp\/v2\/tags?post=16940"}],"curies":[{"name":"wp","href":"https:\/\/api.w.org\/{rel}","templated":true}]}}