{"id":16714,"date":"2015-04-17T09:59:48","date_gmt":"2015-04-17T08:59:48","guid":{"rendered":"https:\/\/www.matemonsac.com\/le-mag\/?p=16714"},"modified":"2015-05-22T14:08:53","modified_gmt":"2015-05-22T13:08:53","slug":"clara-jasmine-dans-le-magazine-be","status":"publish","type":"post","link":"https:\/\/www.matemonsac.com\/le-mag\/2015\/04\/17\/clara-jasmine-dans-le-magazine-be\/","title":{"rendered":"Clara Jasmine dans le Magazine BE !"},"content":{"rendered":"<p><a title=\"Clara Jasmine Bijoux\" href=\"https:\/\/www.matemonsac.com\/le-mag\/marques\/nos-createurs\/clara-jasmine\/271\/19?limit=30\"><img decoding=\"async\" loading=\"lazy\" class=\"aligncenter size-full wp-image-16712\" src=\"https:\/\/www.matemonsac.com\/le-mag\/wp-content\/uploads\/2015\/03\/Clara-jasmine-magazine-BE-2015.jpg\" alt=\"Clara-jasmine-magazine-BE-2015\" width=\"700\" height=\"520\" srcset=\"https:\/\/www.matemonsac.com\/le-mag\/wp-content\/uploads\/2015\/03\/Clara-jasmine-magazine-BE-2015.jpg 700w, https:\/\/www.matemonsac.com\/le-mag\/wp-content\/uploads\/2015\/03\/Clara-jasmine-magazine-BE-2015-300x223.jpg 300w\" sizes=\"(max-width: 700px) 100vw, 700px\" \/><\/a><!--more--><span style=\"color: #808080;\">Notre cr\u00e9atrice de bijoux tendance est la BEE du moi !\u00a0Passionn\u00e9e par l&rsquo;ouvrage des anciennes dentelli\u00e8res, elle dit qu&rsquo;elle travaille le m\u00e9tal comme si c&rsquo;\u00e9tait un v\u00eatement. \u00a0<\/span><\/p>\n<p><span style=\"color: #808080;\">A la fois raffin\u00e9s, sophistiqu\u00e9s et originaux, les bijoux de Clara Jasmine sont superbes et en vente sur notre<a title=\"Clara Jasmine Bijoux\" href=\"https:\/\/www.matemonsac.com\/le-mag\/marques\/nos-createurs\/clara-jasmine\/271\/19?limit=30\"> E-shop<\/a>. <\/span><\/p>\n<p><span style=\"color: #808080;\">Cette jeune cr\u00e9atrice de bijoux parisienne est extr\u00eamement talentueuse.<br \/>\n<\/span><\/p>\n<p><span style=\"color: #808080;\">Nous avons la chance de travailler avec elle depuis de nombreuses ann\u00e9es et en sommes tr\u00e8s fiers.<\/span><\/p>\n<p><span style=\"color: #808080;\">Tous ses bijoux sont r\u00e9alis\u00e9s par elle, \u00e0 la main, dans son atelier parisien. Vive la French Fashion et la French Touch !<\/span><\/p>\n<p><a title=\"Clara Jasmine Bijoux\" href=\"https:\/\/www.matemonsac.com\/le-mag\/marques\/nos-createurs\/clara-jasmine\/271\/19?limit=30\"><img decoding=\"async\" loading=\"lazy\" class=\"aligncenter wp-image-16710\" src=\"https:\/\/www.matemonsac.com\/le-mag\/wp-content\/uploads\/2015\/03\/Clara-jasmine-magazine-BE-2015-article.jpg\" alt=\"Clara-jasmine-magazine-BE-2015-article\" width=\"500\" height=\"699\" srcset=\"https:\/\/www.matemonsac.com\/le-mag\/wp-content\/uploads\/2015\/03\/Clara-jasmine-magazine-BE-2015-article.jpg 500w, https:\/\/www.matemonsac.com\/le-mag\/wp-content\/uploads\/2015\/03\/Clara-jasmine-magazine-BE-2015-article-215x300.jpg 215w\" sizes=\"(max-width: 500px) 100vw, 500px\" \/><\/a><\/p>\n<div class=\"twttr_buttons\"><div class=\"twttr_twitter\">\n\t\t\t\t\t<a href=\"http:\/\/twitter.com\/share?text=Clara+Jasmine+dans+le+Magazine+BE+%21\" class=\"twitter-share-button\" data-via=\"\" data-hashtags=\"\"  data-size=\"default\" data-url=\"https:\/\/www.matemonsac.com\/le-mag\/2015\/04\/17\/clara-jasmine-dans-le-magazine-be\/\"  data-related=\"\" target=\"_blank\">Tweet<\/a>\n\t\t\t\t<\/div><\/div>","protected":false},"excerpt":{"rendered":"","protected":false},"author":1,"featured_media":0,"comment_status":"open","ping_status":"open","sticky":false,"template":"","format":"standard","meta":{"_mi_skip_tracking":false},"categories":[384,1564],"tags":[844,363,493,554,1719,1323,2514,2513,787,2512],"_links":{"self":[{"href":"https:\/\/www.matemonsac.com\/le-mag\/wp-json\/wp\/v2\/posts\/16714"}],"collection":[{"href":"https:\/\/www.matemonsac.com\/le-mag\/wp-json\/wp\/v2\/posts"}],"about":[{"href":"https:\/\/www.matemonsac.com\/le-mag\/wp-json\/wp\/v2\/types\/post"}],"author":[{"embeddable":true,"href":"https:\/\/www.matemonsac.com\/le-mag\/wp-json\/wp\/v2\/users\/1"}],"replies":[{"embeddable":true,"href":"https:\/\/www.matemonsac.com\/le-mag\/wp-json\/wp\/v2\/comments?post=16714"}],"version-history":[{"count":0,"href":"https:\/\/www.matemonsac.com\/le-mag\/wp-json\/wp\/v2\/posts\/16714\/revisions"}],"wp:attachment":[{"href":"https:\/\/www.matemonsac.com\/le-mag\/wp-json\/wp\/v2\/media?parent=16714"}],"wp:term":[{"taxonomy":"category","embeddable":true,"href":"https:\/\/www.matemonsac.com\/le-mag\/wp-json\/wp\/v2\/categories?post=16714"},{"taxonomy":"post_tag","embeddable":true,"href":"https:\/\/www.matemonsac.com\/le-mag\/wp-json\/wp\/v2\/tags?post=16714"}],"curies":[{"name":"wp","href":"https:\/\/api.w.org\/{rel}","templated":true}]}}