{"id":16462,"date":"2015-01-15T10:05:56","date_gmt":"2015-01-15T09:05:56","guid":{"rendered":"https:\/\/www.matemonsac.com\/le-mag\/?p=16462"},"modified":"2015-01-16T15:52:22","modified_gmt":"2015-01-16T14:52:22","slug":"entre-deux-retros-la-marque-qui-reconcilie-leco-responsabilite-et-la-mode","status":"publish","type":"post","link":"https:\/\/www.matemonsac.com\/le-mag\/2015\/01\/15\/entre-deux-retros-la-marque-qui-reconcilie-leco-responsabilite-et-la-mode\/","title":{"rendered":"Entre deux r\u00e9tros: la marque qui r\u00e9concilie l&rsquo;\u00e9co-responsabilit\u00e9 et la mode!"},"content":{"rendered":"<p><a href=\"https:\/\/www.matemonsac.com\/le-mag\/marques\/nos-createurs\/entre-2-retros\/255\/19?limit=all\"><img decoding=\"async\" loading=\"lazy\" class=\"aligncenter wp-image-16493\" src=\"https:\/\/www.matemonsac.com\/le-mag\/wp-content\/uploads\/2015\/01\/choisir-sac-deux-retros-nouvelle-bonne-idee-m-L-EY_4LK.jpg\" alt=\"choisir-sac-deux-retros-nouvelle-bonne-idee-m-L-EY_4LK\" width=\"500\" height=\"618\" srcset=\"https:\/\/www.matemonsac.com\/le-mag\/wp-content\/uploads\/2015\/01\/choisir-sac-deux-retros-nouvelle-bonne-idee-m-L-EY_4LK.jpg 600w, https:\/\/www.matemonsac.com\/le-mag\/wp-content\/uploads\/2015\/01\/choisir-sac-deux-retros-nouvelle-bonne-idee-m-L-EY_4LK-243x300.jpg 243w\" sizes=\"(max-width: 500px) 100vw, 500px\" \/><\/a><!--more--><span style=\"color: #999999;\">Le \u00abupcycling\u00bb, les amoureux et les amoureuses de la mode n\u2019ont plus que ce mot \u00e0 la bouche. Et ils ont raison! Les accessoires issus du recyclage sont compl\u00e8tement \u00ab\u00a0in\u00a0\u00bb.<\/span><\/p>\n<p><span style=\"color: #999999; font-size: 13px;\">Chez <strong>Entre 2 r\u00e9tros<\/strong> on trouve sacs et accessoires pour homme et femme, utiles et pratiques au quotidien dans un style r\u00e9tro et chic! Cette marque\u00a0fabrique des sacs, besaces, cabas et housses pour ordinateurs issus de tissus automobiles, de chutes de cuir, elle s&rsquo;inspire de l&rsquo;esprit de r\u00e9cup\u00e9ration.\u00a0<\/span><\/p>\n<p><span style=\"color: #999999; font-size: 13px;\">Le recyclage est la pr\u00e9occupation principale d&rsquo;<strong>Entre 2 R\u00e9tros,<\/strong> c\u2019est ce qui rend cette marque authentique et <\/span><span style=\"color: #999999;\"><a style=\"font-size: 13px; color: #999999;\" href=\"https:\/\/www.matemonsac.com\/le-mag\/2012\/06\/14\/entre-2-retros-et-ses-protege-ipad-dans-le-magazine-irresistible-auto-pour-la-fete-des-peres\/\">on adore chez Matemonsac.<\/a><\/span><\/p>\n<p><span style=\"color: #999999;\"><span style=\"font-size: 13px;\">Pour vous, Matemonsac poste\u00a0la vid\u00e9o de l&rsquo;une des cr\u00e9atrices de la marque o\u00f9 cette derni\u00e8re raconte l<\/span><span style=\"font-size: 13px;\">a route qu&rsquo;\u00e0 fait\u00a0<\/span><span style=\"font-size: 13px;\"><em>Entre 2 r\u00e9tros<\/em> :<\/span><\/span><br \/>\n<iframe loading=\"lazy\" src=\"\/\/www.youtube-nocookie.com\/embed\/vcnybq_yPOw?rel=0\" width=\"560\" height=\"315\" frameborder=\"0\" allowfullscreen=\"allowfullscreen\"><\/iframe><\/p>\n<p><span style=\"color: #999999;\">D\u00e9couvrez et craquez pour les sacs et <a style=\"color: #999999;\" href=\"http:\/\/www.marieclaire.fr\/,entre-2-retro-des-accessoires-ultra-chics-et-recycles,20314,689924.asp\">accessoires r\u00e9tro chic<\/a> de la marque directement sur <a style=\"color: #999999;\" href=\"https:\/\/www.matemonsac.com\/le-mag\/marques\/nos-createurs\/entre-2-retros\/255\/19?limit=all\">notre site<\/a>!<\/span><\/p>\n<div id=\"attachment_16497\" style=\"width: 310px\" class=\"wp-caption aligncenter\"><a href=\"https:\/\/www.matemonsac.com\/le-mag\/entre-2-retros-sacoche-ordinateur-milano-noire-et-orange\"><img aria-describedby=\"caption-attachment-16497\" decoding=\"async\" loading=\"lazy\" class=\"wp-image-16497 size-medium\" src=\"https:\/\/www.matemonsac.com\/le-mag\/wp-content\/uploads\/2015\/01\/entre-deux-retros-housse-ordi-milano-tissu-recycle-HD-300x300.jpg\" alt=\"entre-deux-retros-housse-ordi-milano-tissu-recycle-HD\" width=\"300\" height=\"300\" srcset=\"https:\/\/www.matemonsac.com\/le-mag\/wp-content\/uploads\/2015\/01\/entre-deux-retros-housse-ordi-milano-tissu-recycle-HD-300x300.jpg 300w, https:\/\/www.matemonsac.com\/le-mag\/wp-content\/uploads\/2015\/01\/entre-deux-retros-housse-ordi-milano-tissu-recycle-HD-540x540.jpg 540w, https:\/\/www.matemonsac.com\/le-mag\/wp-content\/uploads\/2015\/01\/entre-deux-retros-housse-ordi-milano-tissu-recycle-HD-768x768.jpg 768w, https:\/\/www.matemonsac.com\/le-mag\/wp-content\/uploads\/2015\/01\/entre-deux-retros-housse-ordi-milano-tissu-recycle-HD-1024x1024.jpg 1024w, https:\/\/www.matemonsac.com\/le-mag\/wp-content\/uploads\/2015\/01\/entre-deux-retros-housse-ordi-milano-tissu-recycle-HD.jpg 2000w\" sizes=\"(max-width: 300px) 100vw, 300px\" \/><\/a><p id=\"caption-attachment-16497\" class=\"wp-caption-text\"><span style=\"color: #999999;\">Entre deux r\u00e9tros Sacoche\u00a0Milano \u00e0 78\u20ac<\/span><\/p><\/div>\n<p><a href=\"https:\/\/www.matemonsac.com\/le-mag\/entre-2-retros-sacoche-ordinateur-milano-noire-et-orange\"><img decoding=\"async\" loading=\"lazy\" class=\"aligncenter wp-image-16538\" src=\"https:\/\/www.matemonsac.com\/le-mag\/wp-content\/uploads\/2015\/01\/Capture-d\u2019\u00e9cran-2015-01-15-\u00e0-11.50.55-300x282.png\" alt=\"Entre-2-retros-housse-milano\" width=\"320\" height=\"302\" \/><\/a><\/p>\n<div id=\"attachment_16498\" style=\"width: 310px\" class=\"wp-caption aligncenter\"><a style=\"color: #999999;\" href=\"https:\/\/www.matemonsac.com\/le-mag\/entre-2-retros-housse-ipad-paddy-5-femme-noire\"><img aria-describedby=\"caption-attachment-16498\" decoding=\"async\" loading=\"lazy\" class=\"wp-image-16498 size-medium\" src=\"https:\/\/www.matemonsac.com\/le-mag\/wp-content\/uploads\/2015\/01\/entre-deux-retros-housse-Paddy-5-tissu-recycle-HD-300x300.jpg\" alt=\"entre-deux-retros-housse-Paddy-5- tissu-recycle-HD\" width=\"300\" height=\"300\" srcset=\"https:\/\/www.matemonsac.com\/le-mag\/wp-content\/uploads\/2015\/01\/entre-deux-retros-housse-Paddy-5-tissu-recycle-HD-300x300.jpg 300w, https:\/\/www.matemonsac.com\/le-mag\/wp-content\/uploads\/2015\/01\/entre-deux-retros-housse-Paddy-5-tissu-recycle-HD-540x540.jpg 540w, https:\/\/www.matemonsac.com\/le-mag\/wp-content\/uploads\/2015\/01\/entre-deux-retros-housse-Paddy-5-tissu-recycle-HD-768x768.jpg 768w, https:\/\/www.matemonsac.com\/le-mag\/wp-content\/uploads\/2015\/01\/entre-deux-retros-housse-Paddy-5-tissu-recycle-HD-1024x1024.jpg 1024w, https:\/\/www.matemonsac.com\/le-mag\/wp-content\/uploads\/2015\/01\/entre-deux-retros-housse-Paddy-5-tissu-recycle-HD.jpg 2000w\" sizes=\"(max-width: 300px) 100vw, 300px\" \/><\/a><p id=\"caption-attachment-16498\" class=\"wp-caption-text\"><span style=\"color: #999999;\">Entre deux r\u00e9tros Housse Paddy \u00e0 35\u20ac<\/span><\/p><\/div>\n<div id=\"attachment_8486\" style=\"width: 310px\" class=\"wp-caption aligncenter\"><a style=\"color: #999999;\" href=\"https:\/\/www.matemonsac.com\/le-mag\/entre-2-retros-housse-ipad-johnny-homme-noire\"><img aria-describedby=\"caption-attachment-8486\" decoding=\"async\" loading=\"lazy\" class=\"wp-image-8486 size-medium\" src=\"https:\/\/www.matemonsac.com\/le-mag\/wp-content\/uploads\/2012\/06\/entre-deux-roues-housse-ipad-paddy-johnny-300x263.jpg\" alt=\"Housse Johnny Entre 2 R\u00e9tros, 38 euros seulement\" width=\"300\" height=\"263\" srcset=\"https:\/\/www.matemonsac.com\/le-mag\/wp-content\/uploads\/2012\/06\/entre-deux-roues-housse-ipad-paddy-johnny-300x263.jpg 300w, https:\/\/www.matemonsac.com\/le-mag\/wp-content\/uploads\/2012\/06\/entre-deux-roues-housse-ipad-paddy-johnny.jpg 600w\" sizes=\"(max-width: 300px) 100vw, 300px\" \/><\/a><p id=\"caption-attachment-8486\" class=\"wp-caption-text\"><span style=\"color: #999999;\">Housse Johnny Entre 2 R\u00e9tros \u00e0 48 euros\u00a0<\/span><\/p><\/div>\n<div id=\"attachment_16501\" style=\"width: 310px\" class=\"wp-caption aligncenter\"><a style=\"color: #999999;\" href=\"https:\/\/www.matemonsac.com\/le-mag\/entre-2-retros-sac-de-voyage-homme-willy-hill-large\"><img aria-describedby=\"caption-attachment-16501\" decoding=\"async\" loading=\"lazy\" class=\"wp-image-16501 size-medium\" src=\"https:\/\/www.matemonsac.com\/le-mag\/wp-content\/uploads\/2015\/01\/entre-2-retros-sac-willy-hill-M-300x300.jpg\" alt=\"entre-2-retros-sac-willy-hill-M\" width=\"300\" height=\"300\" srcset=\"https:\/\/www.matemonsac.com\/le-mag\/wp-content\/uploads\/2015\/01\/entre-2-retros-sac-willy-hill-M-300x300.jpg 300w, https:\/\/www.matemonsac.com\/le-mag\/wp-content\/uploads\/2015\/01\/entre-2-retros-sac-willy-hill-M-540x540.jpg 540w, https:\/\/www.matemonsac.com\/le-mag\/wp-content\/uploads\/2015\/01\/entre-2-retros-sac-willy-hill-M.jpg 600w\" sizes=\"(max-width: 300px) 100vw, 300px\" \/><\/a><p id=\"caption-attachment-16501\" class=\"wp-caption-text\"><span style=\"color: #999999;\">Entre 2 r\u00e9tros Sac Willy \u00e0 195\u20ac<\/span><\/p><\/div>\n<p><a href=\"https:\/\/www.matemonsac.com\/le-mag\/entre-2-retros-sac-de-voyage-homme-willy-hill-large\"><img decoding=\"async\" loading=\"lazy\" class=\"aligncenter wp-image-16542\" src=\"https:\/\/www.matemonsac.com\/le-mag\/wp-content\/uploads\/2015\/01\/Capture-d\u2019\u00e9cran-2015-01-15-\u00e0-11.54.47.png\" alt=\"Entre-deux-retros-sac-bleu-long\" width=\"300\" height=\"401\" \/><\/a><\/p>\n<div id=\"attachment_16502\" style=\"width: 310px\" class=\"wp-caption aligncenter\"><a style=\"color: #999999;\" href=\"https:\/\/www.matemonsac.com\/le-mag\/entre-2-retros-sac-de-sport-homme-steevy-montecarlo\"><img aria-describedby=\"caption-attachment-16502\" decoding=\"async\" loading=\"lazy\" class=\"wp-image-16502 size-medium\" src=\"https:\/\/www.matemonsac.com\/le-mag\/wp-content\/uploads\/2015\/01\/entre-2-retros-steevy-montecarlo-300x300.jpg\" alt=\"entre-2-retros-steevy-montecarlo\" width=\"300\" height=\"300\" srcset=\"https:\/\/www.matemonsac.com\/le-mag\/wp-content\/uploads\/2015\/01\/entre-2-retros-steevy-montecarlo-300x300.jpg 300w, https:\/\/www.matemonsac.com\/le-mag\/wp-content\/uploads\/2015\/01\/entre-2-retros-steevy-montecarlo-540x540.jpg 540w, https:\/\/www.matemonsac.com\/le-mag\/wp-content\/uploads\/2015\/01\/entre-2-retros-steevy-montecarlo.jpg 600w\" sizes=\"(max-width: 300px) 100vw, 300px\" \/><\/a><p id=\"caption-attachment-16502\" class=\"wp-caption-text\"><span style=\"color: #999999;\">Entre 2 r\u00e9tros Sac Steevy Montecarlo \u00e0 135\u20ac<\/span><\/p><\/div>\n<p><a href=\"https:\/\/www.matemonsac.com\/le-mag\/entre-2-retros-sac-de-sport-homme-steevy-montecarlo\"><img decoding=\"async\" loading=\"lazy\" class=\"aligncenter wp-image-16540 size-medium\" src=\"https:\/\/www.matemonsac.com\/le-mag\/wp-content\/uploads\/2015\/01\/Capture-d\u2019\u00e9cran-2015-01-15-\u00e0-11.51.40-300x202.png\" alt=\"Entre-deux-retros-sac-rouge\" width=\"300\" height=\"202\" \/><\/a><\/p>\n<p><a href=\"https:\/\/www.matemonsac.com\/le-mag\/entre-2-retros-besace-milky-noir-et-orange-homme\"><img decoding=\"async\" loading=\"lazy\" class=\"aligncenter wp-image-16539 size-medium\" src=\"https:\/\/www.matemonsac.com\/le-mag\/wp-content\/uploads\/2015\/01\/Capture-d\u2019\u00e9cran-2015-01-15-\u00e0-11.50.07-300x296.png\" alt=\"Entre-deux-retros-sac-besace\" width=\"300\" height=\"296\" \/><\/a><\/p>\n<div id=\"attachment_16503\" style=\"width: 310px\" class=\"wp-caption aligncenter\"><a style=\"color: #999999;\" href=\"https:\/\/www.matemonsac.com\/le-mag\/entre-2-retros-besace-milky-noir-et-orange-homme\"><img aria-describedby=\"caption-attachment-16503\" decoding=\"async\" loading=\"lazy\" class=\"wp-image-16503 size-medium\" src=\"https:\/\/www.matemonsac.com\/le-mag\/wp-content\/uploads\/2015\/01\/entre-deux-retros-besace-Miky-tissu-recycle-HD-300x300.jpg\" alt=\"entre-deux-retros-besace-Miky-tissu-recycle-HD\" width=\"300\" height=\"300\" srcset=\"https:\/\/www.matemonsac.com\/le-mag\/wp-content\/uploads\/2015\/01\/entre-deux-retros-besace-Miky-tissu-recycle-HD-300x300.jpg 300w, https:\/\/www.matemonsac.com\/le-mag\/wp-content\/uploads\/2015\/01\/entre-deux-retros-besace-Miky-tissu-recycle-HD-540x540.jpg 540w, https:\/\/www.matemonsac.com\/le-mag\/wp-content\/uploads\/2015\/01\/entre-deux-retros-besace-Miky-tissu-recycle-HD-768x768.jpg 768w, https:\/\/www.matemonsac.com\/le-mag\/wp-content\/uploads\/2015\/01\/entre-deux-retros-besace-Miky-tissu-recycle-HD-1024x1024.jpg 1024w, https:\/\/www.matemonsac.com\/le-mag\/wp-content\/uploads\/2015\/01\/entre-deux-retros-besace-Miky-tissu-recycle-HD.jpg 2000w\" sizes=\"(max-width: 300px) 100vw, 300px\" \/><\/a><p id=\"caption-attachment-16503\" class=\"wp-caption-text\"><span style=\"color: #999999;\">Entre deux r\u00e9tros Besace Miky \u00e0 95\u20ac<\/span><\/p><\/div>\n<div class=\"twttr_buttons\"><div class=\"twttr_twitter\">\n\t\t\t\t\t<a href=\"http:\/\/twitter.com\/share?text=Entre+deux+r%C3%A9tros%3A+la+marque+qui+r%C3%A9concilie+l%27%C3%A9co-responsabilit%C3%A9+et+la+mode%21\" class=\"twitter-share-button\" data-via=\"\" data-hashtags=\"\"  data-size=\"default\" data-url=\"https:\/\/www.matemonsac.com\/le-mag\/2015\/01\/15\/entre-deux-retros-la-marque-qui-reconcilie-leco-responsabilite-et-la-mode\/\"  data-related=\"\" target=\"_blank\">Tweet<\/a>\n\t\t\t\t<\/div><\/div>","protected":false},"excerpt":{"rendered":"","protected":false},"author":1,"featured_media":0,"comment_status":"open","ping_status":"open","sticky":false,"template":"","format":"standard","meta":{"_mi_skip_tracking":false},"categories":[384,1562,430,40],"tags":[2432,1592,2451,2427,1499,391,748,2437,2438,2436,21,2409,2428,1429,2433,2430,2429,2434,2435],"_links":{"self":[{"href":"https:\/\/www.matemonsac.com\/le-mag\/wp-json\/wp\/v2\/posts\/16462"}],"collection":[{"href":"https:\/\/www.matemonsac.com\/le-mag\/wp-json\/wp\/v2\/posts"}],"about":[{"href":"https:\/\/www.matemonsac.com\/le-mag\/wp-json\/wp\/v2\/types\/post"}],"author":[{"embeddable":true,"href":"https:\/\/www.matemonsac.com\/le-mag\/wp-json\/wp\/v2\/users\/1"}],"replies":[{"embeddable":true,"href":"https:\/\/www.matemonsac.com\/le-mag\/wp-json\/wp\/v2\/comments?post=16462"}],"version-history":[{"count":0,"href":"https:\/\/www.matemonsac.com\/le-mag\/wp-json\/wp\/v2\/posts\/16462\/revisions"}],"wp:attachment":[{"href":"https:\/\/www.matemonsac.com\/le-mag\/wp-json\/wp\/v2\/media?parent=16462"}],"wp:term":[{"taxonomy":"category","embeddable":true,"href":"https:\/\/www.matemonsac.com\/le-mag\/wp-json\/wp\/v2\/categories?post=16462"},{"taxonomy":"post_tag","embeddable":true,"href":"https:\/\/www.matemonsac.com\/le-mag\/wp-json\/wp\/v2\/tags?post=16462"}],"curies":[{"name":"wp","href":"https:\/\/api.w.org\/{rel}","templated":true}]}}