{"id":15797,"date":"2014-09-06T06:49:01","date_gmt":"2014-09-06T05:49:01","guid":{"rendered":"https:\/\/www.matemonsac.com\/le-mag\/?p=15797"},"modified":"2014-09-05T11:55:10","modified_gmt":"2014-09-05T10:55:10","slug":"mate-le-sac-de-plage-de-marie-laure","status":"publish","type":"post","link":"https:\/\/www.matemonsac.com\/le-mag\/2014\/09\/06\/mate-le-sac-de-plage-de-marie-laure\/","title":{"rendered":"Mate le sac de plage de Marie-Laure."},"content":{"rendered":"<p><a href=\"https:\/\/www.matemonsac.com\/le-mag\/sacs-a-main\/tous-les-sacs\/sacs-de-plage\"><img decoding=\"async\" loading=\"lazy\" class=\"aligncenter wp-image-15805 size-full\" title=\"Sacs de plage mate mon sac\" src=\"https:\/\/www.matemonsac.com\/le-mag\/wp-content\/uploads\/2014\/08\/marie-Laure-concours-ete-2014-mate-mon-sac.jpg\" alt=\"marie-Laure-concours-ete-2014-mate-mon-sac\" width=\"600\" height=\"581\" srcset=\"https:\/\/www.matemonsac.com\/le-mag\/wp-content\/uploads\/2014\/08\/marie-Laure-concours-ete-2014-mate-mon-sac.jpg 600w, https:\/\/www.matemonsac.com\/le-mag\/wp-content\/uploads\/2014\/08\/marie-Laure-concours-ete-2014-mate-mon-sac-300x291.jpg 300w\" sizes=\"(max-width: 600px) 100vw, 600px\" \/><\/a><\/p>\n<p><span style=\"color: #808080;\"><!--more--><\/span><\/p>\n<p><span style=\"color: #808080;\">Une jolie photo de notre cliente Marie-Laure qui a vid\u00e9 son sac de vacances au bord de la piscine, toujours dans le cadre de notre <a title=\"Concours photo \u00e9t\u00e9 2014 mate mon sac\" href=\"https:\/\/www.matemonsac.com\/le-mag\/2014\/08\/07\/concours-de-lete-2014-photos-de-vos-sacs-de-plage\/\"><span style=\"color: #808080;\"><strong>concours photos de l&rsquo;\u00e9t\u00e9<\/strong><\/span><\/a>.<\/span><\/p>\n<p><span style=\"color: #808080;\">Chapeau de paille assorti au <strong>sac de plage<\/strong> en paille, <strong>lunettes de soleil<\/strong>, cr\u00e8me solaire, masque de plong\u00e9e et tuba, c&rsquo;est bon Marie-Laure est pr\u00eate pour un tour en bateau en pleine mer. Pendant ses vacances, Marie-Laure aime s&rsquo;\u00e9vader. Et cela, on le sait gr\u00e2ce \u00e0 son magazine <strong><a title=\"Voile magazine\" href=\"http:\/\/www.voilemagazine.com\/tag\/voile-magazine\/\" target=\"_blank\"><span style=\"color: #808080;\">Voile<\/span><\/a><\/strong>, ce qui nous laisse penser que Marie-Laure aime naviguer sur un voilier au large des c\u00f4tes. Toujours accompagn\u00e9e de son appareil photo pour prendre de belles vues.<\/span><\/p>\n<p><span style=\"color: #808080;\">Pour celles qui aiment mettre les voiles, <a title=\"727 Sailbags\" href=\"https:\/\/www.matemonsac.com\/le-mag\/marques\/nos-createurs\/727-sailbags\/313\/19\"><strong>727 Sailbags<\/strong> <\/a>confectionne de sublimes <a title=\"727 Sailbags \" href=\"https:\/\/www.matemonsac.com\/le-mag\/2014\/04\/08\/727-sailbags-des-sacs-en-toile-de-voile-recyclee-viennent-darriver-sur-matemonsac-com\/\"><span style=\"color: #808080;\"><strong>cabas en toile de voile recycl\u00e9e de bateaux<\/strong><\/span><\/a>. Des sacs qui vont parfaitement aux femmes et aux hommes.<\/span><\/p>\n<div id=\"attachment_14702\" style=\"width: 610px\" class=\"wp-caption aligncenter\"><a href=\"https:\/\/www.matemonsac.com\/le-mag\/marques\/nos-createurs\/727-sailbags\/313\/19\"><img aria-describedby=\"caption-attachment-14702\" decoding=\"async\" loading=\"lazy\" class=\"wp-image-14702 size-full\" title=\"727 Sailbags cabas en toile de voile recycl\u00e9e\" src=\"https:\/\/www.matemonsac.com\/le-mag\/wp-content\/uploads\/2014\/02\/727-sailsbag-sac-legende-voile-or-cuir-brun-3-rouge.jpg\" alt=\"727-sailsbag-sac-legende-voile-or-cuir-brun-3-rouge\" width=\"600\" height=\"600\" srcset=\"https:\/\/www.matemonsac.com\/le-mag\/wp-content\/uploads\/2014\/02\/727-sailsbag-sac-legende-voile-or-cuir-brun-3-rouge.jpg 600w, https:\/\/www.matemonsac.com\/le-mag\/wp-content\/uploads\/2014\/02\/727-sailsbag-sac-legende-voile-or-cuir-brun-3-rouge-540x540.jpg 540w, https:\/\/www.matemonsac.com\/le-mag\/wp-content\/uploads\/2014\/02\/727-sailsbag-sac-legende-voile-or-cuir-brun-3-rouge-300x300.jpg 300w\" sizes=\"(max-width: 600px) 100vw, 600px\" \/><\/a><p id=\"caption-attachment-14702\" class=\"wp-caption-text\"><span style=\"color: #808080;\">727 Sailbags Sac L\u00e9gende en voile recycl\u00e9e \u00a9matemonsac<\/span><\/p><\/div>\n<p><span style=\"color: #808080;\">Pour prot\u00e9ger son livre, rien de mieux que les <a title=\"Pochettes Where Else\" href=\"https:\/\/www.matemonsac.com\/le-mag\/marques\/nos-createurs\/where-else\/156\/19?forme=63\"><strong>pochettes Where Else <\/strong><\/a>aux diff\u00e9rents formats,\u00a0qui sont en vinyle transparent de toutes les couleurs. Des couleurs flashy aux couleurs plus neutres.<\/span><\/p>\n<div id=\"attachment_9450\" style=\"width: 610px\" class=\"wp-caption aligncenter\"><a href=\"https:\/\/www.matemonsac.com\/le-mag\/marques\/nos-createurs\/where-else\/156\/19?forme=63\"><img aria-describedby=\"caption-attachment-9450\" decoding=\"async\" loading=\"lazy\" class=\"wp-image-9450 size-full\" title=\"Pochettes Where Else \" src=\"https:\/\/www.matemonsac.com\/le-mag\/wp-content\/uploads\/2012\/07\/where-else-pochette-small-divers.jpg\" alt=\"Where Else petites pochettes\" width=\"600\" height=\"546\" srcset=\"https:\/\/www.matemonsac.com\/le-mag\/wp-content\/uploads\/2012\/07\/where-else-pochette-small-divers.jpg 600w, https:\/\/www.matemonsac.com\/le-mag\/wp-content\/uploads\/2012\/07\/where-else-pochette-small-divers-300x273.jpg 300w\" sizes=\"(max-width: 600px) 100vw, 600px\" \/><\/a><p id=\"caption-attachment-9450\" class=\"wp-caption-text\"><span style=\"color: #808080;\">Where Else pochettes en vinyle transparent<\/span><\/p><\/div>\n<p><span style=\"color: #808080;\">Marie-Laure reste coquette \u00e0 tout moment de la journ\u00e9e avec ses gloss<strong> Sephora<\/strong> dans les tons ros\u00e9s. <strong>Anne-Charlotte Goutal<\/strong> propose des <strong>trousses \u00e0 maquillage<\/strong> qui sont parfaites pour transporter nos produits de beaut\u00e9 partout avec nous, que ce soit \u00e0 la plage, en ville, en randonn\u00e9e, \u00e0 la piscine etc. Des trousses \u00e0 maquillage en vinyle donc tr\u00e8s pratiques et solides.<br \/>\n<\/span><\/p>\n<p><span style=\"color: #808080;\">Pour garder notre esprit \u00ab\u00a0vacances\u00a0\u00bb, la <strong>trousse \u00e0 maquillage<\/strong> au motif lunettes d&rsquo;<a title=\"Anne-Charlotte Goutal accessoires\" href=\"https:\/\/www.matemonsac.com\/le-mag\/marques\/nos-createurs\/anne-charlotte-goutal\/93\/19\"><strong>Anne-Charlotte Goutal<\/strong><\/a> en vinyle transparent est extra.<\/span><\/p>\n<div id=\"attachment_15258\" style=\"width: 610px\" class=\"wp-caption aligncenter\"><a href=\"https:\/\/www.matemonsac.com\/le-mag\/marques\/nos-createurs\/anne-charlotte-goutal\/93\/19?color=260\"><img aria-describedby=\"caption-attachment-15258\" decoding=\"async\" loading=\"lazy\" class=\"wp-image-15258 size-full\" title=\"Anne-Charlotte Goutal trousses transparentes et motifs rose fluo\" src=\"https:\/\/www.matemonsac.com\/le-mag\/wp-content\/uploads\/2014\/05\/anne-charlotte-goutal-trousse-maquillage-lunettes-bocolore-rose-fluo-or.jpg\" alt=\"anne-charlotte-goutal-trousse-maquillage-lunettes-bocolore-rose-fluo-or\" width=\"600\" height=\"600\" srcset=\"https:\/\/www.matemonsac.com\/le-mag\/wp-content\/uploads\/2014\/05\/anne-charlotte-goutal-trousse-maquillage-lunettes-bocolore-rose-fluo-or.jpg 600w, https:\/\/www.matemonsac.com\/le-mag\/wp-content\/uploads\/2014\/05\/anne-charlotte-goutal-trousse-maquillage-lunettes-bocolore-rose-fluo-or-540x540.jpg 540w, https:\/\/www.matemonsac.com\/le-mag\/wp-content\/uploads\/2014\/05\/anne-charlotte-goutal-trousse-maquillage-lunettes-bocolore-rose-fluo-or-300x300.jpg 300w\" sizes=\"(max-width: 600px) 100vw, 600px\" \/><\/a><p id=\"caption-attachment-15258\" class=\"wp-caption-text\"><span style=\"color: #808080;\">Anne-Charlotte Goutal trousse \u00e0 maquillage lunettes bicolore rose fluo et or<\/span><\/p><\/div>\n<p><span style=\"color: #808080;\">Mettre les voiles avant la rentr\u00e9e, cela vous dit ?<\/span><\/p>\n<div class=\"twttr_buttons\"><div class=\"twttr_twitter\">\n\t\t\t\t\t<a href=\"http:\/\/twitter.com\/share?text=Mate+le+sac+de+plage+de+Marie-Laure.\" class=\"twitter-share-button\" data-via=\"\" data-hashtags=\"\"  data-size=\"default\" data-url=\"https:\/\/www.matemonsac.com\/le-mag\/2014\/09\/06\/mate-le-sac-de-plage-de-marie-laure\/\"  data-related=\"\" target=\"_blank\">Tweet<\/a>\n\t\t\t\t<\/div><\/div>","protected":false},"excerpt":{"rendered":"","protected":false},"author":1,"featured_media":0,"comment_status":"open","ping_status":"open","sticky":false,"template":"","format":"standard","meta":{"_mi_skip_tracking":false},"categories":[27],"tags":[2070,2261,391,1039,609,321,57,615,630,2260,507],"_links":{"self":[{"href":"https:\/\/www.matemonsac.com\/le-mag\/wp-json\/wp\/v2\/posts\/15797"}],"collection":[{"href":"https:\/\/www.matemonsac.com\/le-mag\/wp-json\/wp\/v2\/posts"}],"about":[{"href":"https:\/\/www.matemonsac.com\/le-mag\/wp-json\/wp\/v2\/types\/post"}],"author":[{"embeddable":true,"href":"https:\/\/www.matemonsac.com\/le-mag\/wp-json\/wp\/v2\/users\/1"}],"replies":[{"embeddable":true,"href":"https:\/\/www.matemonsac.com\/le-mag\/wp-json\/wp\/v2\/comments?post=15797"}],"version-history":[{"count":0,"href":"https:\/\/www.matemonsac.com\/le-mag\/wp-json\/wp\/v2\/posts\/15797\/revisions"}],"wp:attachment":[{"href":"https:\/\/www.matemonsac.com\/le-mag\/wp-json\/wp\/v2\/media?parent=15797"}],"wp:term":[{"taxonomy":"category","embeddable":true,"href":"https:\/\/www.matemonsac.com\/le-mag\/wp-json\/wp\/v2\/categories?post=15797"},{"taxonomy":"post_tag","embeddable":true,"href":"https:\/\/www.matemonsac.com\/le-mag\/wp-json\/wp\/v2\/tags?post=15797"}],"curies":[{"name":"wp","href":"https:\/\/api.w.org\/{rel}","templated":true}]}}