{"id":15795,"date":"2014-09-07T06:48:27","date_gmt":"2014-09-07T05:48:27","guid":{"rendered":"https:\/\/www.matemonsac.com\/le-mag\/?p=15795"},"modified":"2014-09-05T11:47:25","modified_gmt":"2014-09-05T10:47:25","slug":"mate-le-sac-de-plage-de-sandrine","status":"publish","type":"post","link":"https:\/\/www.matemonsac.com\/le-mag\/2014\/09\/07\/mate-le-sac-de-plage-de-sandrine\/","title":{"rendered":"Mate le sac de plage de Sandrine."},"content":{"rendered":"<p><a href=\"https:\/\/www.matemonsac.com\/le-mag\/sacs-a-main\/tous-les-sacs\/sacs-de-plage\/whereis\/limit\/30\"><img decoding=\"async\" loading=\"lazy\" class=\"aligncenter wp-image-15811 size-full\" title=\"sacs de plage mate mon sac\" src=\"https:\/\/www.matemonsac.com\/le-mag\/wp-content\/uploads\/2014\/08\/sndrine-concours-ete-mate-mon-sac.jpg\" alt=\"sandrine-concours-ete-mate-mon-sac\" width=\"450\" height=\"600\" srcset=\"https:\/\/www.matemonsac.com\/le-mag\/wp-content\/uploads\/2014\/08\/sndrine-concours-ete-mate-mon-sac.jpg 450w, https:\/\/www.matemonsac.com\/le-mag\/wp-content\/uploads\/2014\/08\/sndrine-concours-ete-mate-mon-sac-225x300.jpg 225w\" sizes=\"(max-width: 450px) 100vw, 450px\" \/><\/a><\/p>\n<p><span style=\"color: #808080;\"><!--more--><\/span><\/p>\n<p><span style=\"color: #808080;\">C&rsquo;est sur sa serviette de plage turquoise que Sandrine a photographi\u00e9 son sac de plage \u00e0 rayures. Avant de s&rsquo;allonger sur le sable pour faire bronzette, elle nous vide le contenu de son sac.<\/span><\/p>\n<p><span style=\"color: #808080;\">Chapeau de paille pour se prot\u00e9ger du soleil, son livre, son magazine <a title=\"Elle magazine\" href=\"http:\/\/www.elle.fr\/\" target=\"_blank\"><span style=\"color: #808080;\">ELLE<\/span><\/a>, ses lunettes solaires et son \u00e9tui, ses pochettes en tissu rose. Bref, ses objets indispensables pour aller \u00e0 la plage.<\/span><\/p>\n<p><span style=\"color: #808080;\">Nous aimons ses pochettes roses et jaune fluo avec les palmiers et l&rsquo;inscription \u00ab\u00a0sea, sun and cream\u00a0\u00bb. Et oui, Sandrine n&rsquo;oublie rien pour se prot\u00e9ger du soleil !<\/span><\/p>\n<p><span style=\"color: #808080;\">Son \u00e9tui pour ses lunettes de soleil \u00e0 motif lunettes nous fait penser aux accessoires d&rsquo;<a title=\"Anne-Charlotte Goutal accessoires\" href=\"https:\/\/www.matemonsac.com\/le-mag\/marques\/nos-createurs\/anne-charlotte-goutal\/93\/19\"><strong>Anne-Charlotte Goutal<\/strong><\/a>, \u00e9galement avec le motif lunettes comme le <strong>vanity case<\/strong>, <strong>trousse \u00e0 maquillage<\/strong>, <strong>portefeuille,<\/strong> des <strong>accessoires de mode<\/strong> au th\u00e8me des vacances .<\/span><\/p>\n<div id=\"attachment_15813\" style=\"width: 610px\" class=\"wp-caption aligncenter\"><a href=\"https:\/\/www.matemonsac.com\/le-mag\/marques\/nos-createurs\/anne-charlotte-goutal\/93\/19\"><img aria-describedby=\"caption-attachment-15813\" decoding=\"async\" loading=\"lazy\" class=\"wp-image-15813 size-full\" title=\"Anne-Charlotte Goutal accessoires motif lunettes\" src=\"https:\/\/www.matemonsac.com\/le-mag\/wp-content\/uploads\/2014\/08\/anne-charlotte-goutal-fluo-matemonsac.jpg\" alt=\"anne-charlotte-goutal-fluo-matemonsac\" width=\"600\" height=\"558\" srcset=\"https:\/\/www.matemonsac.com\/le-mag\/wp-content\/uploads\/2014\/08\/anne-charlotte-goutal-fluo-matemonsac.jpg 600w, https:\/\/www.matemonsac.com\/le-mag\/wp-content\/uploads\/2014\/08\/anne-charlotte-goutal-fluo-matemonsac-300x279.jpg 300w\" sizes=\"(max-width: 600px) 100vw, 600px\" \/><\/a><p id=\"caption-attachment-15813\" class=\"wp-caption-text\"><span style=\"color: #808080;\">Anne-Charlotte Goutal Accessoires fluo<\/span><\/p><\/div>\n<p><span style=\"color: #808080;\">\u00a0<\/span><\/p>\n<p><span style=\"color: #808080;\">De jolies<a title=\"Prinz pochettes\" href=\"https:\/\/www.matemonsac.com\/le-mag\/marques\/nos-createurs\/prinz\/292\/19\"> <strong>pochettes Prinz<\/strong><\/a> en <strong>vinyle<\/strong> au look original, pourront \u00eatre utiles \u00e0 la plage pour prot\u00e9ger nos objets, notre smartphone, ou y glisser nos cr\u00e8mes etc.<\/span><\/p>\n<div id=\"attachment_14807\" style=\"width: 610px\" class=\"wp-caption aligncenter\"><a href=\"https:\/\/www.matemonsac.com\/le-mag\/marques\/nos-createurs\/prinz\/292\/19\"><img aria-describedby=\"caption-attachment-14807\" decoding=\"async\" loading=\"lazy\" class=\"wp-image-14807 size-full\" title=\"Pochettes Prinz en vinyle\" src=\"https:\/\/www.matemonsac.com\/le-mag\/wp-content\/uploads\/2014\/03\/prinz-pochettes-la-vie-est-belle-rose.jpg\" alt=\"prinz-pochette-la-vie-est-belle-rose\" width=\"600\" height=\"576\" srcset=\"https:\/\/www.matemonsac.com\/le-mag\/wp-content\/uploads\/2014\/03\/prinz-pochettes-la-vie-est-belle-rose.jpg 600w, https:\/\/www.matemonsac.com\/le-mag\/wp-content\/uploads\/2014\/03\/prinz-pochettes-la-vie-est-belle-rose-300x288.jpg 300w\" sizes=\"(max-width: 600px) 100vw, 600px\" \/><\/a><p id=\"caption-attachment-14807\" class=\"wp-caption-text\"><span style=\"color: #808080;\">Pochette Prinz \u00ab\u00a0La vie est belle\u00a0\u00bb<\/span><\/p><\/div>\n<p><span style=\"color: #808080;\">Vous avez toujours le temps de nous envoyer le contenu de votre sac pour <strong><a title=\"Concours photo mate mon sac \" href=\"https:\/\/www.matemonsac.com\/le-mag\/2014\/08\/07\/concours-de-lete-2014-photos-de-vos-sacs-de-plage\/\"><span style=\"color: #808080;\">participer \u00e0 notre concours de l&rsquo;\u00e9t\u00e9<\/span><\/a><\/strong>.<\/span><\/p>\n<p><span style=\"color: #808080;\">\u00a0<\/span><\/p>\n<p><span style=\"color: #808080;\">\u00a0<\/span><\/p>\n<div class=\"twttr_buttons\"><div class=\"twttr_twitter\">\n\t\t\t\t\t<a href=\"http:\/\/twitter.com\/share?text=Mate+le+sac+de+plage+de+Sandrine.\" class=\"twitter-share-button\" data-via=\"\" data-hashtags=\"\"  data-size=\"default\" data-url=\"https:\/\/www.matemonsac.com\/le-mag\/2014\/09\/07\/mate-le-sac-de-plage-de-sandrine\/\"  data-related=\"\" target=\"_blank\">Tweet<\/a>\n\t\t\t\t<\/div><\/div>","protected":false},"excerpt":{"rendered":"","protected":false},"author":1,"featured_media":0,"comment_status":"open","ping_status":"open","sticky":false,"template":"","format":"standard","meta":{"_mi_skip_tracking":false},"categories":[27],"tags":[755,360,2271,501,1909,609,415,1782,632,321,615,627,630],"_links":{"self":[{"href":"https:\/\/www.matemonsac.com\/le-mag\/wp-json\/wp\/v2\/posts\/15795"}],"collection":[{"href":"https:\/\/www.matemonsac.com\/le-mag\/wp-json\/wp\/v2\/posts"}],"about":[{"href":"https:\/\/www.matemonsac.com\/le-mag\/wp-json\/wp\/v2\/types\/post"}],"author":[{"embeddable":true,"href":"https:\/\/www.matemonsac.com\/le-mag\/wp-json\/wp\/v2\/users\/1"}],"replies":[{"embeddable":true,"href":"https:\/\/www.matemonsac.com\/le-mag\/wp-json\/wp\/v2\/comments?post=15795"}],"version-history":[{"count":0,"href":"https:\/\/www.matemonsac.com\/le-mag\/wp-json\/wp\/v2\/posts\/15795\/revisions"}],"wp:attachment":[{"href":"https:\/\/www.matemonsac.com\/le-mag\/wp-json\/wp\/v2\/media?parent=15795"}],"wp:term":[{"taxonomy":"category","embeddable":true,"href":"https:\/\/www.matemonsac.com\/le-mag\/wp-json\/wp\/v2\/categories?post=15795"},{"taxonomy":"post_tag","embeddable":true,"href":"https:\/\/www.matemonsac.com\/le-mag\/wp-json\/wp\/v2\/tags?post=15795"}],"curies":[{"name":"wp","href":"https:\/\/api.w.org\/{rel}","templated":true}]}}