{"id":14730,"date":"2014-02-21T15:14:31","date_gmt":"2014-02-21T14:14:31","guid":{"rendered":"https:\/\/www.matemonsac.com\/le-mag\/?p=14730"},"modified":"2014-02-23T16:45:43","modified_gmt":"2014-02-23T15:45:43","slug":"clara-jasmine-ses-bijoux-ont-ete-portes-par-yseult-lors-de-la-finale-de-la-nouvelle-star-2014","status":"publish","type":"post","link":"https:\/\/www.matemonsac.com\/le-mag\/2014\/02\/21\/clara-jasmine-ses-bijoux-ont-ete-portes-par-yseult-lors-de-la-finale-de-la-nouvelle-star-2014\/","title":{"rendered":"Clara Jasmine, ses bijoux ont \u00e9t\u00e9 port\u00e9s par Yseult lors de la finale de la Nouvelle Star 2014."},"content":{"rendered":"<div id=\"attachment_14741\" style=\"width: 610px\" class=\"wp-caption aligncenter\"><a href=\"https:\/\/www.matemonsac.com\/le-mag\/bijoux\/toutes-les-marques\/clara-jasmine.html\"><img aria-describedby=\"caption-attachment-14741\" decoding=\"async\" loading=\"lazy\" class=\"size-full wp-image-14741 \" alt=\"clara-jasmine-bagues-yseult-\" src=\"https:\/\/www.matemonsac.com\/le-mag\/wp-content\/uploads\/2014\/02\/clara-jasmine-bagues-yseult-nouvelle-star.jpg\" width=\"600\" height=\"513\" srcset=\"https:\/\/www.matemonsac.com\/le-mag\/wp-content\/uploads\/2014\/02\/clara-jasmine-bagues-yseult-nouvelle-star.jpg 600w, https:\/\/www.matemonsac.com\/le-mag\/wp-content\/uploads\/2014\/02\/clara-jasmine-bagues-yseult-nouvelle-star-300x257.jpg 300w\" sizes=\"(max-width: 600px) 100vw, 600px\" \/><\/a><p id=\"caption-attachment-14741\" class=\"wp-caption-text\">Yseult porte les bagues de Clara Jasmine<\/p><\/div>\n<p><!--more--><span style=\"color: #888888;\"><strong>Clara Jasmine,<\/strong> ses bijoux ont \u00e9t\u00e9 port\u00e9s par Yseult lors de la finale de la Nouvelle Star 2014.<\/span><\/p>\n<p><span style=\"color: #888888;\">Avant-hier, Yseult nous envoyait cette superbe photo de sa main avec les bagues de<strong> Clara Jasmine<\/strong> en dentelle grav\u00e9e plaqu\u00e9 argent qu&rsquo;elle venait de recevoir. Apparemment elles lui plaisaient et nous \u00e9tions ravis de l&rsquo;apprendre.<\/span><\/p>\n<p style=\"text-align: left;\"><a href=\"https:\/\/www.matemonsac.com\/le-mag\/bijoux\/toutes-les-marques\/clara-jasmine.html\"><img decoding=\"async\" loading=\"lazy\" class=\"aligncenter size-large wp-image-14745\" alt=\"yseult-nouvelles-star-bagues-clara-jasmine\" src=\"https:\/\/www.matemonsac.com\/le-mag\/wp-content\/uploads\/2014\/02\/yseult-nouvelles-star-bagues-clara-jasmine1.jpg\" width=\"600\" height=\"593\" srcset=\"https:\/\/www.matemonsac.com\/le-mag\/wp-content\/uploads\/2014\/02\/yseult-nouvelles-star-bagues-clara-jasmine1.jpg 600w, https:\/\/www.matemonsac.com\/le-mag\/wp-content\/uploads\/2014\/02\/yseult-nouvelles-star-bagues-clara-jasmine1-300x297.jpg 300w\" sizes=\"(max-width: 600px) 100vw, 600px\" \/><\/a><\/p>\n<p style=\"text-align: left;\"><span style=\"color: #888888;\">Hier soir nous avons eu l&rsquo;immense joie de la voir porter ces m\u00eames bagues pendant toute l&rsquo;\u00e9mission de la grande finale de la <strong>Nouvelle Star 2014.<\/strong> <\/span><\/p>\n<p style=\"text-align: left;\"><span style=\"color: #888888;\">Elle a sublim\u00e9 ces bijoux en les portant de la sorte et a parfaitement mis en valeur les bijoux d&rsquo;une jeune cr\u00e9atrice, elle aussi tr\u00e8s talentueuse, <a title=\"clara jasmine\" href=\"https:\/\/www.matemonsac.com\/le-mag\/bijoux\/toutes-les-marques\/clara-jasmine.html\"><strong>Clara Jasmine<\/strong><\/a>.<br \/>\n<\/span><\/p>\n<p style=\"text-align: center;\"><a href=\"https:\/\/www.matemonsac.com\/le-mag\/bijoux\/toutes-les-marques\/clara-jasmine.html\"><img decoding=\"async\" loading=\"lazy\" class=\"aligncenter size-full wp-image-14742\" alt=\"clara-jasmine-bagues-yseult-nouvelle-star\" src=\"https:\/\/www.matemonsac.com\/le-mag\/wp-content\/uploads\/2014\/02\/clara-jasmine-bague-argent-yseult-nouvelle-star.jpg\" width=\"600\" height=\"387\" srcset=\"https:\/\/www.matemonsac.com\/le-mag\/wp-content\/uploads\/2014\/02\/clara-jasmine-bague-argent-yseult-nouvelle-star.jpg 600w, https:\/\/www.matemonsac.com\/le-mag\/wp-content\/uploads\/2014\/02\/clara-jasmine-bague-argent-yseult-nouvelle-star-300x194.jpg 300w\" sizes=\"(max-width: 600px) 100vw, 600px\" \/><\/a><\/p>\n<p style=\"text-align: center;\"><a href=\"https:\/\/www.matemonsac.com\/le-mag\/bijoux\/toutes-les-marques\/clara-jasmine.htmls-argent-yseult-nouvelle-star.jpg\"><img decoding=\"async\" loading=\"lazy\" class=\"aligncenter size-large wp-image-14743\" alt=\"clara-jasmine-bagues-argent-yseult-nouvelle-star\" src=\"https:\/\/www.matemonsac.com\/le-mag\/wp-content\/uploads\/2014\/02\/clara-jasmine-bagues-argent-yseult-nouvelle-star.jpg\" width=\"600\" height=\"419\" srcset=\"https:\/\/www.matemonsac.com\/le-mag\/wp-content\/uploads\/2014\/02\/clara-jasmine-bagues-argent-yseult-nouvelle-star.jpg 600w, https:\/\/www.matemonsac.com\/le-mag\/wp-content\/uploads\/2014\/02\/clara-jasmine-bagues-argent-yseult-nouvelle-star-300x210.jpg 300w\" sizes=\"(max-width: 600px) 100vw, 600px\" \/><\/a><\/p>\n<p style=\"text-align: center;\"><a href=\"https:\/\/www.matemonsac.com\/le-mag\/bijoux\/toutes-les-marques\/clara-jasmine.html\"><img decoding=\"async\" loading=\"lazy\" class=\"aligncenter size-full wp-image-14744\" alt=\"yseult-nouvelle-star-bague-clara-jasmine\" src=\"https:\/\/www.matemonsac.com\/le-mag\/wp-content\/uploads\/2014\/02\/yseult-nouvelles-star-bague-clara-jasmine.jpg\" width=\"538\" height=\"521\" srcset=\"https:\/\/www.matemonsac.com\/le-mag\/wp-content\/uploads\/2014\/02\/yseult-nouvelles-star-bague-clara-jasmine.jpg 538w, https:\/\/www.matemonsac.com\/le-mag\/wp-content\/uploads\/2014\/02\/yseult-nouvelles-star-bague-clara-jasmine-300x291.jpg 300w\" sizes=\"(max-width: 538px) 100vw, 538px\" \/><\/a><\/p>\n<p style=\"text-align: center;\"><a href=\"https:\/\/www.matemonsac.com\/le-mag\/bijoux\/toutes-les-marques\/clara-jasmine.html\"><img decoding=\"async\" loading=\"lazy\" class=\"aligncenter size-large wp-image-14747\" alt=\"yseult-porte-bagues-clara-jasmine-nouvelle-star\" src=\"https:\/\/www.matemonsac.com\/le-mag\/wp-content\/uploads\/2014\/02\/yseult-porte-bagues-clara-jasmine-nouvelle-star.jpg\" width=\"595\" height=\"381\" srcset=\"https:\/\/www.matemonsac.com\/le-mag\/wp-content\/uploads\/2014\/02\/yseult-porte-bagues-clara-jasmine-nouvelle-star.jpg 595w, https:\/\/www.matemonsac.com\/le-mag\/wp-content\/uploads\/2014\/02\/yseult-porte-bagues-clara-jasmine-nouvelle-star-300x192.jpg 300w\" sizes=\"(max-width: 595px) 100vw, 595px\" \/><\/a><\/p>\n<p style=\"text-align: center;\"><span style=\"color: #888888;\">Cela nous a rempli de joie car ses incroyables interpr\u00e9tations de chansons telle que celle de Serge Lama \u00ab\u00a0Je suis malade\u00a0\u00bb nous ont donn\u00e9 des frissons.<\/span><\/p>\n<p style=\"text-align: center;\"><span style=\"color: #888888;\">MERCI YSEULT<br \/>\n<\/span><\/p>\n<div><iframe loading=\"lazy\" src=\"http:\/\/player.canalplus.fr\/embed\/?param=d8&amp;vid=1024243\" height=\"270\" width=\"480\" frameborder=\"0\" scrolling=\"no\"><\/iframe><\/div>\n<div style=\"width: 472px; font-size: 11px; background: #EBEBEB; border: 1px solid #D6D6D6; margin-top: 5px; padding: 4px 0 4px 6px; font-family: Arial, Helvetica, sans-serif; -moz-border-radius: 3px; -webkit-border-radius: 3px;\"><a style=\"text-decoration: none; color: #666;\" href=\"http:\/\/www.d8.tv\/d8-divertissement\/ms-nouvelle-star\/pid6751-videos-candidats.html?vid=1024243&amp;sc_cmpid=SharePlayerEmbed\" target=\"_blank\"><span style=\"color: #000; font-weight: bold;\">Yseult &#8211; Je suis malade<\/span> &#8211; Nouvelle Star 2014 &#8211; 20\/02\/2014<\/a><\/div>\n<div style=\"width: 472px; font-size: 11px; background: #EBEBEB; border: 1px solid #D6D6D6; margin-top: 5px; padding: 4px 0 4px 6px; font-family: Arial, Helvetica, sans-serif; -moz-border-radius: 3px; -webkit-border-radius: 3px;\"><\/div>\n<div><iframe loading=\"lazy\" src=\"http:\/\/player.canalplus.fr\/embed\/?param=d8&amp;vid=1024267\" height=\"270\" width=\"480\" frameborder=\"0\" scrolling=\"no\"><\/iframe><\/div>\n<div style=\"width: 472px; font-size: 11px; background: none repeat scroll 0% 0% #ebebeb; border: 1px solid #d6d6d6; margin-top: 5px; padding: 4px 0px 4px 6px; font-family: Arial,Helvetica,sans-serif; text-align: center;\"><a style=\"text-decoration: none; color: #666;\" href=\"http:\/\/www.d8.tv\/d8-divertissement\/ms-nouvelle-star\/pid6751-videos-candidats.html?vid=1024267&amp;sc_cmpid=SharePlayerEmbed\" target=\"_blank\"><span style=\"color: #000; font-weight: bold;\">Yseult &#8211; Feeling Good<\/span> &#8211; Nouvelle Star 2014 &#8211; 20\/02\/2014<\/a><\/div>\n<div class=\"twttr_buttons\"><div class=\"twttr_twitter\">\n\t\t\t\t\t<a href=\"http:\/\/twitter.com\/share?text=Clara+Jasmine%2C+ses+bijoux+ont+%C3%A9t%C3%A9+port%C3%A9s+par+Yseult+lors+de+la+finale+de+la+Nouvelle+Star+2014.\" class=\"twitter-share-button\" data-via=\"\" data-hashtags=\"\"  data-size=\"default\" data-url=\"https:\/\/www.matemonsac.com\/le-mag\/2014\/02\/21\/clara-jasmine-ses-bijoux-ont-ete-portes-par-yseult-lors-de-la-finale-de-la-nouvelle-star-2014\/\"  data-related=\"\" target=\"_blank\">Tweet<\/a>\n\t\t\t\t<\/div><\/div>","protected":false},"excerpt":{"rendered":"","protected":false},"author":1,"featured_media":0,"comment_status":"open","ping_status":"open","sticky":false,"template":"","format":"standard","meta":{"_mi_skip_tracking":false},"categories":[104,40,422,1567],"tags":[454,844,557,363,1532,1323,2088,1847,2117,2087],"_links":{"self":[{"href":"https:\/\/www.matemonsac.com\/le-mag\/wp-json\/wp\/v2\/posts\/14730"}],"collection":[{"href":"https:\/\/www.matemonsac.com\/le-mag\/wp-json\/wp\/v2\/posts"}],"about":[{"href":"https:\/\/www.matemonsac.com\/le-mag\/wp-json\/wp\/v2\/types\/post"}],"author":[{"embeddable":true,"href":"https:\/\/www.matemonsac.com\/le-mag\/wp-json\/wp\/v2\/users\/1"}],"replies":[{"embeddable":true,"href":"https:\/\/www.matemonsac.com\/le-mag\/wp-json\/wp\/v2\/comments?post=14730"}],"version-history":[{"count":0,"href":"https:\/\/www.matemonsac.com\/le-mag\/wp-json\/wp\/v2\/posts\/14730\/revisions"}],"wp:attachment":[{"href":"https:\/\/www.matemonsac.com\/le-mag\/wp-json\/wp\/v2\/media?parent=14730"}],"wp:term":[{"taxonomy":"category","embeddable":true,"href":"https:\/\/www.matemonsac.com\/le-mag\/wp-json\/wp\/v2\/categories?post=14730"},{"taxonomy":"post_tag","embeddable":true,"href":"https:\/\/www.matemonsac.com\/le-mag\/wp-json\/wp\/v2\/tags?post=14730"}],"curies":[{"name":"wp","href":"https:\/\/api.w.org\/{rel}","templated":true}]}}