{"id":14023,"date":"2013-09-12T06:10:48","date_gmt":"2013-09-12T05:10:48","guid":{"rendered":"https:\/\/www.matemonsac.com\/le-mag\/?p=14023"},"modified":"2013-09-12T15:43:54","modified_gmt":"2013-09-12T14:43:54","slug":"mate-mon-sac-de-plage-par-celine","status":"publish","type":"post","link":"https:\/\/www.matemonsac.com\/le-mag\/2013\/09\/12\/mate-mon-sac-de-plage-par-celine\/","title":{"rendered":"Mate mon sac de plage par C\u00e9line \u00e0 Majorque."},"content":{"rendered":"<p><a href=\"https:\/\/www.matemonsac.com\/le-mag\/wp-content\/uploads\/2013\/09\/photo-sac-plage-zouz-majorque.jpg\"><img decoding=\"async\" loading=\"lazy\" class=\"wp-image-14025 aligncenter\" title=\"photo-sac-plage-zouz-majorque\" src=\"https:\/\/www.matemonsac.com\/le-mag\/wp-content\/uploads\/2013\/09\/photo-sac-plage-zouz-majorque.jpg\" alt=\"\" width=\"600\" height=\"600\" srcset=\"https:\/\/www.matemonsac.com\/le-mag\/wp-content\/uploads\/2013\/09\/photo-sac-plage-zouz-majorque.jpg 600w, https:\/\/www.matemonsac.com\/le-mag\/wp-content\/uploads\/2013\/09\/photo-sac-plage-zouz-majorque-540x540.jpg 540w, https:\/\/www.matemonsac.com\/le-mag\/wp-content\/uploads\/2013\/09\/photo-sac-plage-zouz-majorque-300x300.jpg 300w\" sizes=\"(max-width: 600px) 100vw, 600px\" \/><\/a><\/p>\n<p><!--more--><span style=\"color: #888888;\">Aujourd&rsquo;hui, c&rsquo;est au tour de C\u00e9line, apr\u00e8s <a title=\"mate mon sac de plage par romain\" href=\"https:\/\/www.matemonsac.com\/le-mag\/2013\/09\/11\/mate-mon-sac-de-plage-kiwi-par-romain-a-saint-tropez\/#more-14018\">Romain<\/a>, de nous faire voyager \u00e0 Majorque en nous vidant son sac de plage.<\/span><\/p>\n<p><strong><span style=\"color: #888888;\">Que contient donc son cabas de plage ?<\/span><\/strong><\/p>\n<p><span style=\"color: #888888;\">\u00a0&#8211; un grand cabas <a title=\"petit pan\" href=\"http:\/\/www.petitpan.com\/25-nouvelle-collection?n=100\" target=\"_blank\"><strong>Petit Pan<\/strong><\/a> en coton plastifi\u00e9.<\/span><\/p>\n<p><span style=\"color: #888888;\">&#8211; une trousse de toilette <strong>Petit Pan<\/strong>.<\/span><\/p>\n<p><span style=\"color: #888888;\">&#8211; une <strong>serviette de plage<\/strong>.<\/span><\/p>\n<p><span style=\"color: #888888;\">&#8211; un <strong>drap de plage<\/strong>.<\/span><\/p>\n<p><span style=\"color: #888888;\">&#8211; des brassards pour les 2 kids (<strong>Hello Kitty<\/strong> pour sa fille Avril et <strong>Cars<\/strong> pour son fils Aldo)<\/span><\/p>\n<p><span style=\"color: #888888;\">&#8211; un tube de <strong>cr\u00e8me solaire<\/strong>.<\/span><\/p>\n<p><span style=\"color: #888888;\">&#8211; un <strong>spray solaire<\/strong>.<\/span><\/p>\n<p><span style=\"color: #888888;\">&#8211; un <strong>chapeau<\/strong> pour prot\u00e9ger son visage.<\/span><\/p>\n<p><span style=\"color: #888888;\">&#8211; une fouta, toujours tr\u00e8s pratique sur la plage ce drap de bain tunisien.<\/span><\/p>\n<p><span style=\"color: #888888;\">&#8211; une petite housse pour prot\u00e9ger son t\u00e9l\u00e9phone.<\/span><\/p>\n<p><span style=\"color: #888888;\">&#8211; deux <strong>paires de lunettes<\/strong> solaires dont une pour elle et une pour sa fille.<\/span><\/p>\n<p><span style=\"color: #888888;\">&#8211; un <strong>maillot de bain<\/strong> de rechange vichy.<\/span><\/p>\n<p><span style=\"color: #888888;\">&#8211; le livre \u00ab\u00a0Avant d&rsquo;aller dormir\u00a0\u00bb de <strong>S.J. Watson<\/strong>.\u00a0<\/span><\/p>\n<p><span style=\"color: #888888;\">&#8211; quelques <strong>jouets<\/strong> pour les enfants.<\/span><\/p>\n<p><span style=\"color: #888888;\">Un grand merci \u00e0 C\u00e9line pour avoir particip\u00e9 \u00e0 notre concours de l&rsquo;\u00e9t\u00e9 !<\/span><\/p>\n<p><span style=\"color: #888888;\">A tr\u00e8s vite pour d&rsquo;autres photos de sacs de plage vid\u00e9s.<\/span><\/p>\n<p>&nbsp;<\/p>\n<div class=\"twttr_buttons\"><div class=\"twttr_twitter\">\n\t\t\t\t\t<a href=\"http:\/\/twitter.com\/share?text=Mate+mon+sac+de+plage+par+C%C3%A9line+%C3%A0+Majorque.\" class=\"twitter-share-button\" data-via=\"\" data-hashtags=\"\"  data-size=\"default\" data-url=\"https:\/\/www.matemonsac.com\/le-mag\/2013\/09\/12\/mate-mon-sac-de-plage-par-celine\/\"  data-related=\"\" target=\"_blank\">Tweet<\/a>\n\t\t\t\t<\/div><\/div>","protected":false},"excerpt":{"rendered":"","protected":false},"author":1,"featured_media":0,"comment_status":"open","ping_status":"open","sticky":false,"template":"","format":"standard","meta":{"_mi_skip_tracking":false},"categories":[27],"tags":[904,1946,1521,1903,1942,1159,76,1909,1755,1905,1945,1943,1947],"_links":{"self":[{"href":"https:\/\/www.matemonsac.com\/le-mag\/wp-json\/wp\/v2\/posts\/14023"}],"collection":[{"href":"https:\/\/www.matemonsac.com\/le-mag\/wp-json\/wp\/v2\/posts"}],"about":[{"href":"https:\/\/www.matemonsac.com\/le-mag\/wp-json\/wp\/v2\/types\/post"}],"author":[{"embeddable":true,"href":"https:\/\/www.matemonsac.com\/le-mag\/wp-json\/wp\/v2\/users\/1"}],"replies":[{"embeddable":true,"href":"https:\/\/www.matemonsac.com\/le-mag\/wp-json\/wp\/v2\/comments?post=14023"}],"version-history":[{"count":0,"href":"https:\/\/www.matemonsac.com\/le-mag\/wp-json\/wp\/v2\/posts\/14023\/revisions"}],"wp:attachment":[{"href":"https:\/\/www.matemonsac.com\/le-mag\/wp-json\/wp\/v2\/media?parent=14023"}],"wp:term":[{"taxonomy":"category","embeddable":true,"href":"https:\/\/www.matemonsac.com\/le-mag\/wp-json\/wp\/v2\/categories?post=14023"},{"taxonomy":"post_tag","embeddable":true,"href":"https:\/\/www.matemonsac.com\/le-mag\/wp-json\/wp\/v2\/tags?post=14023"}],"curies":[{"name":"wp","href":"https:\/\/api.w.org\/{rel}","templated":true}]}}