{"id":14002,"date":"2013-09-06T06:25:02","date_gmt":"2013-09-06T05:25:02","guid":{"rendered":"https:\/\/www.matemonsac.com\/le-mag\/?p=14002"},"modified":"2013-09-06T15:28:08","modified_gmt":"2013-09-06T14:28:08","slug":"mate-mes-pochettes-where-else-par-axelle","status":"publish","type":"post","link":"https:\/\/www.matemonsac.com\/le-mag\/2013\/09\/06\/mate-mes-pochettes-where-else-par-axelle\/","title":{"rendered":"Mate mes pochettes Where Else par Axelle en Gr\u00e8ce et au Mont d&rsquo;Arbois."},"content":{"rendered":"<div id=\"attachment_14003\" style=\"width: 610px\" class=\"wp-caption aligncenter\"><a href=\"https:\/\/www.matemonsac.com\/le-mag\/where-else-pochette-plage-mykonos-kapari-beach-grand-modele-coloris-turquoise.html\"><img aria-describedby=\"caption-attachment-14003\" decoding=\"async\" loading=\"lazy\" class=\"size-full wp-image-14003 \" title=\"where-else-pochette-kapari-beach-mykonos-axelle\" src=\"https:\/\/www.matemonsac.com\/le-mag\/wp-content\/uploads\/2013\/09\/where-else-pochette-kapari-beach-mykonos-axelle.jpg\" alt=\"\" width=\"600\" height=\"800\" srcset=\"https:\/\/www.matemonsac.com\/le-mag\/wp-content\/uploads\/2013\/09\/where-else-pochette-kapari-beach-mykonos-axelle.jpg 600w, https:\/\/www.matemonsac.com\/le-mag\/wp-content\/uploads\/2013\/09\/where-else-pochette-kapari-beach-mykonos-axelle-225x300.jpg 225w\" sizes=\"(max-width: 600px) 100vw, 600px\" \/><\/a><p id=\"caption-attachment-14003\" class=\"wp-caption-text\">Where Else pochette Kapari Beach \u00a9matemonsac<\/p><\/div>\n<p><!--more--><\/p>\n<p><span style=\"color: #888888;\">C&rsquo;est au tour d&rsquo;Axelle, apr\u00e8s <a title=\"where else pochette corsica\" href=\"https:\/\/www.matemonsac.com\/le-mag\/2012\/08\/07\/la-pochette-where-else-corsica-voyage-en-corse\/\"><span style=\"color: #888888;\">S\u00e9gol\u00e8ne<\/span><\/a>, de nous faire partager ses photos de ses<a title=\"where else pochette matemonsac\" href=\"https:\/\/www.matemonsac.com\/le-mag\/marques\/nos-createurs\/where-else\/156\/19?forme=63\"><span style=\"color: #888888;\">\u00a0pochettes <strong>Where Else<\/strong> achet\u00e9es sur matemonsac.localhost.com<\/span><\/a>.<\/span><\/p>\n<p><span style=\"color: #888888;\">Aujourd&rsquo;hui, nous avons re\u00e7u deux magnifiques photos d&rsquo;Axelle qui a apport\u00e9 en vacances sa <strong>pochette de plage Where Else Kapari Beach \u00e0 &#8230; Mykonos<\/strong> !<\/span><\/p>\n<div id=\"attachment_14034\" style=\"width: 610px\" class=\"wp-caption aligncenter\"><a href=\"https:\/\/www.matemonsac.com\/le-mag\/where-else-pochette-plage-mykonos-kapari-beach-grand-modele-coloris-turquoise.html\"><img aria-describedby=\"caption-attachment-14034\" decoding=\"async\" loading=\"lazy\" class=\"size-full wp-image-14034\" title=\"where-else-pochette-kapari-beach-mykonos\" src=\"https:\/\/www.matemonsac.com\/le-mag\/wp-content\/uploads\/2013\/09\/where-else-pochette-kapari-beach-mykonos.jpg\" alt=\"where-else-pochette-kapari-beach-mykonos\" width=\"600\" height=\"454\" srcset=\"https:\/\/www.matemonsac.com\/le-mag\/wp-content\/uploads\/2013\/09\/where-else-pochette-kapari-beach-mykonos.jpg 600w, https:\/\/www.matemonsac.com\/le-mag\/wp-content\/uploads\/2013\/09\/where-else-pochette-kapari-beach-mykonos-300x227.jpg 300w\" sizes=\"(max-width: 600px) 100vw, 600px\" \/><\/a><p id=\"caption-attachment-14034\" class=\"wp-caption-text\">Where Else pochette Kapari Beach Mykonos \u00a9matemonsac<\/p><\/div>\n<p><span style=\"color: #888888;\">Et <strong>sa pochette Where Else Mont D&rsquo;Arbois \u00e0 &#8230; Meg\u00e8ve<\/strong> !<\/span><\/p>\n<div id=\"attachment_14004\" style=\"width: 610px\" class=\"wp-caption aligncenter\"><a href=\"https:\/\/www.matemonsac.com\/le-mag\/where-else-pochette-mont-d-arbois-a-megeve.html\"><img aria-describedby=\"caption-attachment-14004\" decoding=\"async\" loading=\"lazy\" class=\"size-full wp-image-14004 \" title=\"where-else-pochette-mont-d-arbois-megeve-axelle\" src=\"https:\/\/www.matemonsac.com\/le-mag\/wp-content\/uploads\/2013\/09\/where-else-pochette-mont-d-arbois-megeve-axelle.jpg\" alt=\"\" width=\"600\" height=\"330\" \/><\/a><p id=\"caption-attachment-14004\" class=\"wp-caption-text\">Where Else Mont D&rsquo;Arbois pochette \u00a9matemonsac<\/p><\/div>\n<div id=\"attachment_14039\" style=\"width: 610px\" class=\"wp-caption aligncenter\"><a href=\"https:\/\/www.matemonsac.com\/le-mag\/where-else-pochette-mont-d-arbois-a-megeve.html\"><img aria-describedby=\"caption-attachment-14039\" decoding=\"async\" loading=\"lazy\" class=\"size-full wp-image-14039\" title=\"where-else-pochette-mont-d-arbois-megeve\" src=\"https:\/\/www.matemonsac.com\/le-mag\/wp-content\/uploads\/2013\/09\/where-else-pochette-mont-d-arbois-megeve.jpg\" alt=\"where-else-pochette-mont-d-arbois-megeve\" width=\"600\" height=\"529\" srcset=\"https:\/\/www.matemonsac.com\/le-mag\/wp-content\/uploads\/2013\/09\/where-else-pochette-mont-d-arbois-megeve.jpg 600w, https:\/\/www.matemonsac.com\/le-mag\/wp-content\/uploads\/2013\/09\/where-else-pochette-mont-d-arbois-megeve-300x265.jpg 300w\" sizes=\"(max-width: 600px) 100vw, 600px\" \/><\/a><p id=\"caption-attachment-14039\" class=\"wp-caption-text\">Where Else pochette Mont D&rsquo;Arbois Megeve \u00a9matemonsac<\/p><\/div>\n<p><span style=\"color: #888888;\">Un grand merci \u00e0 notre fid\u00e8le cliente Axelle !<\/span><\/p>\n<p><span style=\"color: #888888;\">On adore recevoir les photos de nos clientes <strong>montrant les <a title=\"Matemonsac\" href=\"https:\/\/www.matemonsac.com\/le-mag\/\"><span style=\"color: #888888;\">articles achet\u00e9s sur matemonsac.localhost.com<\/span><\/a><\/strong> en situation, alors n&rsquo;h\u00e9sitez pas \u00e0 nous les envoyer \u00e9galement \u00e0 l&rsquo;adresse maud@matemonsac.localhost.com.<\/span><\/p>\n<p><span style=\"color: #888888;\">M\u00eame si les vacances sont termin\u00e9es, il est agr\u00e9able d&rsquo;admirer <\/span><strong><span style=\"color: #888888;\">nos accessoires de l&rsquo;\u00e9t\u00e9<\/span><\/strong><span style=\"color: #888888;\">, non ?\u00a0<\/span><\/p>\n<p><span style=\"color: #888888;\">Bonne rentr\u00e9e \u00e0 tous.<br \/>\n<\/span><\/p>\n<div class=\"twttr_buttons\"><div class=\"twttr_twitter\">\n\t\t\t\t\t<a href=\"http:\/\/twitter.com\/share?text=Mate+mes+pochettes+Where+Else+par+Axelle+en+Gr%C3%A8ce+et+au+Mont+d%27Arbois.\" class=\"twitter-share-button\" data-via=\"\" data-hashtags=\"\"  data-size=\"default\" data-url=\"https:\/\/www.matemonsac.com\/le-mag\/2013\/09\/06\/mate-mes-pochettes-where-else-par-axelle\/\"  data-related=\"\" target=\"_blank\">Tweet<\/a>\n\t\t\t\t<\/div><\/div>","protected":false},"excerpt":{"rendered":"","protected":false},"author":1,"featured_media":0,"comment_status":"open","ping_status":"open","sticky":false,"template":"","format":"standard","meta":{"_mi_skip_tracking":false},"categories":[1567],"tags":[1420,1927,1938,510,1939,392,1476,507],"_links":{"self":[{"href":"https:\/\/www.matemonsac.com\/le-mag\/wp-json\/wp\/v2\/posts\/14002"}],"collection":[{"href":"https:\/\/www.matemonsac.com\/le-mag\/wp-json\/wp\/v2\/posts"}],"about":[{"href":"https:\/\/www.matemonsac.com\/le-mag\/wp-json\/wp\/v2\/types\/post"}],"author":[{"embeddable":true,"href":"https:\/\/www.matemonsac.com\/le-mag\/wp-json\/wp\/v2\/users\/1"}],"replies":[{"embeddable":true,"href":"https:\/\/www.matemonsac.com\/le-mag\/wp-json\/wp\/v2\/comments?post=14002"}],"version-history":[{"count":0,"href":"https:\/\/www.matemonsac.com\/le-mag\/wp-json\/wp\/v2\/posts\/14002\/revisions"}],"wp:attachment":[{"href":"https:\/\/www.matemonsac.com\/le-mag\/wp-json\/wp\/v2\/media?parent=14002"}],"wp:term":[{"taxonomy":"category","embeddable":true,"href":"https:\/\/www.matemonsac.com\/le-mag\/wp-json\/wp\/v2\/categories?post=14002"},{"taxonomy":"post_tag","embeddable":true,"href":"https:\/\/www.matemonsac.com\/le-mag\/wp-json\/wp\/v2\/tags?post=14002"}],"curies":[{"name":"wp","href":"https:\/\/api.w.org\/{rel}","templated":true}]}}