{"id":13829,"date":"2013-08-14T06:25:56","date_gmt":"2013-08-14T05:25:56","guid":{"rendered":"https:\/\/www.matemonsac.com\/le-mag\/?p=13829"},"modified":"2013-08-11T08:31:36","modified_gmt":"2013-08-11T07:31:36","slug":"mate-mon-sac-de-plage-vide-par-stephanie","status":"publish","type":"post","link":"https:\/\/www.matemonsac.com\/le-mag\/2013\/08\/14\/mate-mon-sac-de-plage-vide-par-stephanie\/","title":{"rendered":"Mate mon sac de plage vid\u00e9 par St\u00e9phanie."},"content":{"rendered":"<p><a href=\"https:\/\/www.matemonsac.com\/le-mag\/wp-content\/uploads\/2013\/08\/mate-mon-sac-de-plage-stephanie-p.jpg\"><img decoding=\"async\" loading=\"lazy\" class=\"aligncenter size-full wp-image-13830\" title=\"mate-mon-sac-de-plage-stephanie-p\" src=\"https:\/\/www.matemonsac.com\/le-mag\/wp-content\/uploads\/2013\/08\/mate-mon-sac-de-plage-stephanie-p.jpg\" alt=\"mate-mon-sac-de-plage-stephanie-\" width=\"600\" height=\"800\" srcset=\"https:\/\/www.matemonsac.com\/le-mag\/wp-content\/uploads\/2013\/08\/mate-mon-sac-de-plage-stephanie-p.jpg 600w, https:\/\/www.matemonsac.com\/le-mag\/wp-content\/uploads\/2013\/08\/mate-mon-sac-de-plage-stephanie-p-225x300.jpg 225w\" sizes=\"(max-width: 600px) 100vw, 600px\" \/><\/a><\/p>\n<p><!--more--><\/p>\n<p><span style=\"color: #888888;\">C&rsquo;est au tour de St\u00e9phanie, apr\u00e8s <a title=\"sac de plage corinne\" href=\"https:\/\/www.matemonsac.com\/le-mag\/2013\/08\/13\/mate-mon-sac-d\u2026ge-par-corinne\/ \u200e\">Corinne<\/a>, de nous vider son sac de plage ou plut\u00f4t son <strong>panier de plage<\/strong> !<\/span><\/p>\n<p><span style=\"color: #888888;\">St\u00e9phanie est une fid\u00e8le cliente de Matemonsac et aime participer \u00e0 nos concours car elle sait qu&rsquo;il y a toujours de beaux cadeaux \u00e0 gagner \u00e0 la cl\u00e9 ;-).<\/span><\/p>\n<p><strong><span style=\"color: #888888;\">Que met donc St\u00e9phanie dans son cabas de plage ?<\/span><\/strong><\/p>\n<ol>\n<li><span style=\"color: #888888;\">Panier achet\u00e9 au marche typique de Majorque.<\/span><\/li>\n<li><span style=\"color: #888888;\">Un par\u00e9o offert par l&rsquo;une de ses amies les plus proches de la marque Princesse Tam Tam. <\/span><\/li>\n<li><span style=\"color: #888888;\">Une paire de lunettes solaires <strong>Rayban<\/strong> et une paire de lunettes vertes pour faire la f\u00eate. <\/span><\/li>\n<li><span style=\"color: #888888;\">Un gloss <strong>Guerlain<\/strong>, une marque de cosm\u00e9tiques \u00e0 laquelle elle est fid\u00e8le. <\/span><\/li>\n<li><span style=\"color: #888888;\">Un <a title=\"bracelet bresilien\" href=\"https:\/\/www.matemonsac.com\/le-mag\/bijoux\/tous-les-bijoux\/bracelets-bresiliens.html\"><strong>bracelet br\u00e9silien<\/strong><\/a>, oui elle st branch\u00e9e St\u00e9phanie. <\/span><\/li>\n<li><span style=\"color: #888888;\">Un maillot de bain de la marque Eres en coloris turquoise. Excellent choix une fois de plus. <\/span><\/li>\n<li><span style=\"color: #888888;\">Des cr\u00e8mes et des cr\u00e8mes solaires de Bioderma pour se prot\u00e9ger du soleil. <\/span><\/li>\n<li><span style=\"color: #888888;\">Son produit pour prot\u00e9ger ses cheveux de l&rsquo;excellente marque Kerastase. <\/span><\/li>\n<li><span style=\"color: #888888;\">Une pochette de Zadig et Voltaire o\u00f9 elle met tout le reste \u00e0 l&rsquo;abri.<\/span><\/li>\n<\/ol>\n<p><span style=\"color: #888888;\">Un grand merci \u00e0 St\u00e9phanie pour avoir partag\u00e9 avec nous le contenu du panier de plage qu&rsquo;elle trimballe avec elle pendant ses vacances !<\/span><\/p>\n<p><span style=\"color: #888888;\">Si vous voulez participer \u00e0 notre grand Concours de sacs de plage vid\u00e9s, envoyez-nous votre photo ainsi que le descriptif du contenu de vote sac \u00e0 matemonsac@gmail.com.<\/span><\/p>\n<p><span style=\"color: #888888;\">Tr\u00e8s bel \u00e9t\u00e9.<\/span><\/p>\n<p><span style=\"color: #888888;\">Maud<\/span><\/p>\n<div class=\"twttr_buttons\"><div class=\"twttr_twitter\">\n\t\t\t\t\t<a href=\"http:\/\/twitter.com\/share?text=Mate+mon+sac+de+plage+vid%C3%A9+par+St%C3%A9phanie.\" class=\"twitter-share-button\" data-via=\"\" data-hashtags=\"\"  data-size=\"default\" data-url=\"https:\/\/www.matemonsac.com\/le-mag\/2013\/08\/14\/mate-mon-sac-de-plage-vide-par-stephanie\/\"  data-related=\"\" target=\"_blank\">Tweet<\/a>\n\t\t\t\t<\/div><\/div>","protected":false},"excerpt":{"rendered":"","protected":false},"author":1,"featured_media":0,"comment_status":"open","ping_status":"open","sticky":false,"template":"","format":"standard","meta":{"_mi_skip_tracking":false},"categories":[27],"tags":[1908,1911,1469,904,344,1910,343,1912,1909,1755,1905,1906,1899,392,1907,269,632,83],"_links":{"self":[{"href":"https:\/\/www.matemonsac.com\/le-mag\/wp-json\/wp\/v2\/posts\/13829"}],"collection":[{"href":"https:\/\/www.matemonsac.com\/le-mag\/wp-json\/wp\/v2\/posts"}],"about":[{"href":"https:\/\/www.matemonsac.com\/le-mag\/wp-json\/wp\/v2\/types\/post"}],"author":[{"embeddable":true,"href":"https:\/\/www.matemonsac.com\/le-mag\/wp-json\/wp\/v2\/users\/1"}],"replies":[{"embeddable":true,"href":"https:\/\/www.matemonsac.com\/le-mag\/wp-json\/wp\/v2\/comments?post=13829"}],"version-history":[{"count":0,"href":"https:\/\/www.matemonsac.com\/le-mag\/wp-json\/wp\/v2\/posts\/13829\/revisions"}],"wp:attachment":[{"href":"https:\/\/www.matemonsac.com\/le-mag\/wp-json\/wp\/v2\/media?parent=13829"}],"wp:term":[{"taxonomy":"category","embeddable":true,"href":"https:\/\/www.matemonsac.com\/le-mag\/wp-json\/wp\/v2\/categories?post=13829"},{"taxonomy":"post_tag","embeddable":true,"href":"https:\/\/www.matemonsac.com\/le-mag\/wp-json\/wp\/v2\/tags?post=13829"}],"curies":[{"name":"wp","href":"https:\/\/api.w.org\/{rel}","templated":true}]}}