{"id":13608,"date":"2013-07-19T06:35:26","date_gmt":"2013-07-19T05:35:26","guid":{"rendered":"https:\/\/www.matemonsac.com\/le-mag\/?p=13608"},"modified":"2013-08-15T17:45:36","modified_gmt":"2013-08-15T16:45:36","slug":"anne-et-sa-collection-de-bracelets-catherine-michiels","status":"publish","type":"post","link":"https:\/\/www.matemonsac.com\/le-mag\/2013\/07\/19\/anne-et-sa-collection-de-bracelets-catherine-michiels\/","title":{"rendered":"Anne et sa collection de bracelets Catherine Michiels !"},"content":{"rendered":"<p><a href=\"https:\/\/www.matemonsac.com\/le-mag\/wp-content\/uploads\/2013\/07\/anne-catherien-michiels-blog.jpg\"><img decoding=\"async\" loading=\"lazy\" class=\"aligncenter size-full wp-image-13609\" src=\"https:\/\/www.matemonsac.com\/le-mag\/wp-content\/uploads\/2013\/07\/anne-catherien-michiels-blog.jpg\" alt=\"\" width=\"600\" height=\"800\" \/><\/a><\/p>\n<p><!--more--><\/p>\n<p>Nous vous faisons partager la photo qu&rsquo;Anne, une de nos tr\u00e8s fid\u00e8les clientes, nous a envoy\u00e9e. Il s&rsquo;agit de son poignet recouvert de tous ses sublimes bracelets Stardust de chez <strong>Catherine Michiels<\/strong>.<\/p>\n<p>On d\u00e9couvre des mod\u00e8les avec des perles de pierres diff\u00e9rentes, certains avec une pierre ronde pav\u00e9e de diamants, d&rsquo;autres avec une croix.<\/p>\n<p>Retrouvez des bracelets similaires en vente sur <strong><a href=\"https:\/\/www.matemonsac.com\/le-mag\/\">matemonsac.localhost.com<\/a> !\u00a0<\/strong><\/p>\n<div id=\"attachment_13612\" style=\"width: 610px\" class=\"wp-caption aligncenter\"><a href=\"https:\/\/www.matemonsac.com\/le-mag\/nos-createurs\/tous-nos-createurs\/catherine-michiels\/catherine-michiels-bracelet-stardust-en-perles-de-jaspe-dalmatien-et-croix-argent-et-diamants.html\"><img aria-describedby=\"caption-attachment-13612\" decoding=\"async\" loading=\"lazy\" class=\"size-full wp-image-13612\" src=\"https:\/\/www.matemonsac.com\/le-mag\/wp-content\/uploads\/2013\/07\/catherine-michiels-stardust-dalmatien-croix-h107ds.jpg\" alt=\"\" width=\"600\" height=\"571\" \/><\/a><p id=\"caption-attachment-13612\" class=\"wp-caption-text\"><strong>Bracelet en perles de jaspe dalmatien et croix en argent et diamants<\/strong><\/p><\/div>\n<div id=\"attachment_13614\" style=\"width: 610px\" class=\"wp-caption aligncenter\"><a href=\"https:\/\/www.matemonsac.com\/le-mag\/nos-createurs\/tous-nos-createurs\/catherine-michiels\/catherine-michiels-bracelet-en-perles-de-corail-et-perle-centrale-en-diamants-2033.html\"><img aria-describedby=\"caption-attachment-13614\" decoding=\"async\" loading=\"lazy\" class=\"size-full wp-image-13614\" src=\"https:\/\/www.matemonsac.com\/le-mag\/wp-content\/uploads\/2013\/07\/catherine-michiels-bracelet-corail-rouge-diamants-ods24co_grand.jpg\" alt=\"\" width=\"600\" height=\"585\" \/><\/a><p id=\"caption-attachment-13614\" class=\"wp-caption-text\"><strong>Bracelet en perles de corail et pierre centrale pav\u00e9e de diamants<\/strong><\/p><\/div>\n<div id=\"attachment_13617\" style=\"width: 610px\" class=\"wp-caption aligncenter\"><a href=\"https:\/\/www.matemonsac.com\/le-mag\/nos-createurs\/tous-nos-createurs\/catherine-michiels\/catherine-michiels-bracelet-mosaique-verte-rondelle-diamants.html\"><img aria-describedby=\"caption-attachment-13617\" decoding=\"async\" loading=\"lazy\" class=\"size-full wp-image-13617\" src=\"https:\/\/www.matemonsac.com\/le-mag\/wp-content\/uploads\/2013\/07\/catherine-michiels-sps1312.jpg\" alt=\"\" width=\"600\" height=\"600\" \/><\/a><p id=\"caption-attachment-13617\" class=\"wp-caption-text\"><strong>Bracelet en perles de mosaique japonaise verte rondelle de diamants<\/strong><\/p><\/div>\n<div id=\"attachment_13619\" style=\"width: 610px\" class=\"wp-caption aligncenter\"><a href=\"https:\/\/www.matemonsac.com\/le-mag\/nos-createurs\/tous-nos-createurs\/catherine-michiels\/catherine-michiels-bracelet-stardust-en-perles-d-argent-et-d-or.html\"><img aria-describedby=\"caption-attachment-13619\" decoding=\"async\" loading=\"lazy\" class=\"size-full wp-image-13619\" src=\"https:\/\/www.matemonsac.com\/le-mag\/wp-content\/uploads\/2013\/07\/catherine-michiels-bracelet-argent-et-or-6001.jpg\" alt=\"\" width=\"600\" height=\"583\" \/><\/a><p id=\"caption-attachment-13619\" class=\"wp-caption-text\"><strong>Bracelet en perles d&rsquo;argent et d&rsquo;or<\/strong><\/p><\/div>\n<p>Retrouvez<a href=\"https:\/\/www.matemonsac.com\/le-mag\/nos-createurs\/tous-nos-createurs\/catherine-michiels\/whereis\/limit\/all.html\">\u00a0la nouvelle collection des bracelets Catherine Michiels sur Matemonsac !<\/a><\/p>\n<p>Merci \u00e0 Anne pour cette jolie photo.<\/p>\n<p>Comme Anne, n\u2019h\u00e9sitez pas\u00a0\u00e0 nous envoyer les photos de vos achats sur\u00a0<strong>Matemonsac<\/strong>, nous les publierons avec grand plaisir .<img decoding=\"async\" src=\"https:\/\/www.matemonsac.com\/le-mag\/wp-includes\/images\/smilies\/icon_smile.gif\" alt=\":)\" \/><\/p>\n<div class=\"twttr_buttons\"><div class=\"twttr_twitter\">\n\t\t\t\t\t<a href=\"http:\/\/twitter.com\/share?text=Anne+et+sa+collection+de+bracelets+Catherine+Michiels+%21\" class=\"twitter-share-button\" data-via=\"\" data-hashtags=\"\"  data-size=\"default\" data-url=\"https:\/\/www.matemonsac.com\/le-mag\/2013\/07\/19\/anne-et-sa-collection-de-bracelets-catherine-michiels\/\"  data-related=\"\" target=\"_blank\">Tweet<\/a>\n\t\t\t\t<\/div><\/div>","protected":false},"excerpt":{"rendered":"","protected":false},"author":6,"featured_media":0,"comment_status":"open","ping_status":"open","sticky":false,"template":"","format":"standard","meta":{"_mi_skip_tracking":false},"categories":[1567],"tags":[1603,451,1855],"_links":{"self":[{"href":"https:\/\/www.matemonsac.com\/le-mag\/wp-json\/wp\/v2\/posts\/13608"}],"collection":[{"href":"https:\/\/www.matemonsac.com\/le-mag\/wp-json\/wp\/v2\/posts"}],"about":[{"href":"https:\/\/www.matemonsac.com\/le-mag\/wp-json\/wp\/v2\/types\/post"}],"author":[{"embeddable":true,"href":"https:\/\/www.matemonsac.com\/le-mag\/wp-json\/wp\/v2\/users\/6"}],"replies":[{"embeddable":true,"href":"https:\/\/www.matemonsac.com\/le-mag\/wp-json\/wp\/v2\/comments?post=13608"}],"version-history":[{"count":0,"href":"https:\/\/www.matemonsac.com\/le-mag\/wp-json\/wp\/v2\/posts\/13608\/revisions"}],"wp:attachment":[{"href":"https:\/\/www.matemonsac.com\/le-mag\/wp-json\/wp\/v2\/media?parent=13608"}],"wp:term":[{"taxonomy":"category","embeddable":true,"href":"https:\/\/www.matemonsac.com\/le-mag\/wp-json\/wp\/v2\/categories?post=13608"},{"taxonomy":"post_tag","embeddable":true,"href":"https:\/\/www.matemonsac.com\/le-mag\/wp-json\/wp\/v2\/tags?post=13608"}],"curies":[{"name":"wp","href":"https:\/\/api.w.org\/{rel}","templated":true}]}}