{"id":11004,"date":"2012-11-04T06:02:40","date_gmt":"2012-11-04T05:02:40","guid":{"rendered":"https:\/\/www.matemonsac.com\/le-mag\/?p=11004"},"modified":"2012-11-04T23:07:18","modified_gmt":"2012-11-04T22:07:18","slug":"les-bracelets-catherine-michiels-dandre-et-les-bresiliens-de-stephanie","status":"publish","type":"post","link":"https:\/\/www.matemonsac.com\/le-mag\/2012\/11\/04\/les-bracelets-catherine-michiels-dandre-et-les-bresiliens-de-stephanie\/","title":{"rendered":"Les bracelets Catherine Michiels d&rsquo;Andr\u00e9 et les br\u00e9siliens de St\u00e9phanie"},"content":{"rendered":"<p>Le concours touche bient\u00f4t \u00e0 sa fin, encore quelques jours pour que le ou la gagnant(e) myst\u00e8re soit r\u00e9v\u00e9l\u00e9. En attendant nous vous faisons partager les photos de nos deux nouveaux participants \ud83d\ude42<\/p>\n<p>Le match du jour se joue entre Andr\u00e9, enfin un autre homme qui nous envoie sa photo (car <a title=\"les bracelets Catherine Michiels de Patrick\" href=\"https:\/\/www.matemonsac.com\/le-mag\/2012\/10\/11\/les-bracelets-catherine-michiels-de-patrick\/\" target=\"_blank\">Patrick<\/a>\u00a0commen\u00e7ait \u00e0 se sentir un peu seul) et St\u00e9phanie qui nous envoie sa photo depuis Londres.<\/p>\n<p>&nbsp;<\/p>\n<div id=\"attachment_11005\" style=\"width: 650px\" class=\"wp-caption aligncenter\"><a href=\"https:\/\/www.matemonsac.com\/le-mag\/wp-content\/uploads\/2012\/10\/andre-concours-CM.jpg\"><img aria-describedby=\"caption-attachment-11005\" decoding=\"async\" loading=\"lazy\" class=\"size-full wp-image-11005\" title=\"andre-concours-CM\" src=\"https:\/\/www.matemonsac.com\/le-mag\/wp-content\/uploads\/2012\/10\/andre-concours-CM.jpg\" alt=\"andre concours catherine michiels\" width=\"640\" height=\"640\" srcset=\"https:\/\/www.matemonsac.com\/le-mag\/wp-content\/uploads\/2012\/10\/andre-concours-CM.jpg 640w, https:\/\/www.matemonsac.com\/le-mag\/wp-content\/uploads\/2012\/10\/andre-concours-CM-540x540.jpg 540w, https:\/\/www.matemonsac.com\/le-mag\/wp-content\/uploads\/2012\/10\/andre-concours-CM-300x300.jpg 300w\" sizes=\"(max-width: 640px) 100vw, 640px\" \/><\/a><p id=\"caption-attachment-11005\" class=\"wp-caption-text\">Les bracelets Catherine Michiels d&rsquo;Andr\u00e9<\/p><\/div>\n<p>&nbsp;<\/p>\n<p>Et encore un nouveau clich\u00e9 de <strong>bracelets br\u00e9siliens<\/strong> partag\u00e9 par St\u00e9phanie. Et oui cette tendance est partout, elle n&rsquo;a certainement pas pu vous \u00e9chapper !<\/p>\n<p>&nbsp;<\/p>\n<div id=\"attachment_11006\" style=\"width: 630px\" class=\"wp-caption aligncenter\"><a href=\"https:\/\/www.matemonsac.com\/le-mag\/wp-content\/uploads\/2012\/10\/Bracelet-catherine-michiels-Stephanie-londres.jpg\"><img aria-describedby=\"caption-attachment-11006\" decoding=\"async\" loading=\"lazy\" class=\"size-full wp-image-11006\" title=\"Bracelet-catherine-michiels-Stephanie-londres\" src=\"https:\/\/www.matemonsac.com\/le-mag\/wp-content\/uploads\/2012\/10\/Bracelet-catherine-michiels-Stephanie-londres.jpg\" alt=\"Bracelets de Stephanie\" width=\"620\" height=\"465\" srcset=\"https:\/\/www.matemonsac.com\/le-mag\/wp-content\/uploads\/2012\/10\/Bracelet-catherine-michiels-Stephanie-londres.jpg 620w, https:\/\/www.matemonsac.com\/le-mag\/wp-content\/uploads\/2012\/10\/Bracelet-catherine-michiels-Stephanie-londres-300x225.jpg 300w\" sizes=\"(max-width: 620px) 100vw, 620px\" \/><\/a><p id=\"caption-attachment-11006\" class=\"wp-caption-text\">Les bracelets br\u00e9siliens de St\u00e9phanie<\/p><\/div>\n<p>&nbsp;<\/p>\n<p>Merci beaucoup \u00e0 vous deux pour vos jolies photos.<\/p>\n<p>A l&rsquo;occasion nous en profitons pour vous annoncer l&rsquo;arriv\u00e9e de la marque <strong><a title=\"full art\" href=\"https:\/\/www.matemonsac.com\/le-mag\/marques\/nos-createurs\/full-art\/277\/19\" target=\"_blank\">Full Art<\/a>\u00a0<\/strong>et des ses superbes bracelets br\u00e9siliens sur notre site. Pour la petite histoire Full Art est un jeune label, car chez <strong>Matemonsac <\/strong> il nous tient \u00e0 coeur de soutenir les jeunes talents, cr\u00e9\u00e9 par la p\u00e9tillante Emilie pour lequel nous avons v\u00e9ritablement craqu\u00e9.\u00a0Jetez-y vite un coup d&rsquo;oeil car ces petits bijoux feront de magnifiques cadeaux de No\u00ebl.<\/p>\n<p>&nbsp;<\/p>\n<div id=\"attachment_11029\" style=\"width: 610px\" class=\"wp-caption aligncenter\"><a href=\"https:\/\/www.matemonsac.com\/le-mag\/full-art-bracelet-bresilien-rose-et-vert-fluo-avec-perles-et-trois-cabochons-roses-et-bleu\"><img aria-describedby=\"caption-attachment-11029\" decoding=\"async\" loading=\"lazy\" class=\"size-full wp-image-11029\" title=\"full-art-bracelet-bresilien-trois-cabochons_1\" src=\"https:\/\/www.matemonsac.com\/le-mag\/wp-content\/uploads\/2012\/10\/full-art-bracelet-bresilien-trois-cabochons_12.jpg\" alt=\"bracelets bresiliens fluo \u00e0 trois cabochons\" width=\"600\" height=\"448\" srcset=\"https:\/\/www.matemonsac.com\/le-mag\/wp-content\/uploads\/2012\/10\/full-art-bracelet-bresilien-trois-cabochons_12.jpg 600w, https:\/\/www.matemonsac.com\/le-mag\/wp-content\/uploads\/2012\/10\/full-art-bracelet-bresilien-trois-cabochons_12-300x224.jpg 300w\" sizes=\"(max-width: 600px) 100vw, 600px\" \/><\/a><p id=\"caption-attachment-11029\" class=\"wp-caption-text\">Bracelet bresilien fluo \u00e0 trois cabochons<\/p><\/div>\n<address>\u00a0<\/address>\n<address>\u00a0<\/address>\n<address>Alix pour <a title=\"Concours Catherine Michiels : Les bracelets br\u00e9siliens de mon amie Fabienne.\" href=\"https:\/\/www.matemonsac.com\/le-mag\" target=\"_blank\">matemonsac.localhost.com<\/a><\/address>\n<address>Vente de sacs de luxe vintage.<\/address>\n<div class=\"twttr_buttons\"><div class=\"twttr_twitter\">\n\t\t\t\t\t<a href=\"http:\/\/twitter.com\/share?text=Les+bracelets+Catherine+Michiels+d%27Andr%C3%A9+et+les+br%C3%A9siliens+de+St%C3%A9phanie\" class=\"twitter-share-button\" data-via=\"\" data-hashtags=\"\"  data-size=\"default\" data-url=\"https:\/\/www.matemonsac.com\/le-mag\/2012\/11\/04\/les-bracelets-catherine-michiels-dandre-et-les-bresiliens-de-stephanie\/\"  data-related=\"\" target=\"_blank\">Tweet<\/a>\n\t\t\t\t<\/div><\/div>","protected":false},"excerpt":{"rendered":"<p>Le concours touche bient\u00f4t \u00e0 sa fin, encore quelques jours pour que le ou la gagnant(e) myst\u00e8re soit r\u00e9v\u00e9l\u00e9. En attendant nous vous faisons partager les photos de nos deux nouveaux participants \ud83d\ude42 Le match du jour se joue entre Andr\u00e9, enfin un autre homme qui nous envoie sa photo (car Patrick\u00a0commen\u00e7ait \u00e0 se sentir [&hellip;]<\/p>\n","protected":false},"author":1,"featured_media":0,"comment_status":"open","ping_status":"open","sticky":false,"template":"","format":"standard","meta":{"_mi_skip_tracking":false},"categories":[384,40],"tags":[1506,451,1531],"_links":{"self":[{"href":"https:\/\/www.matemonsac.com\/le-mag\/wp-json\/wp\/v2\/posts\/11004"}],"collection":[{"href":"https:\/\/www.matemonsac.com\/le-mag\/wp-json\/wp\/v2\/posts"}],"about":[{"href":"https:\/\/www.matemonsac.com\/le-mag\/wp-json\/wp\/v2\/types\/post"}],"author":[{"embeddable":true,"href":"https:\/\/www.matemonsac.com\/le-mag\/wp-json\/wp\/v2\/users\/1"}],"replies":[{"embeddable":true,"href":"https:\/\/www.matemonsac.com\/le-mag\/wp-json\/wp\/v2\/comments?post=11004"}],"version-history":[{"count":0,"href":"https:\/\/www.matemonsac.com\/le-mag\/wp-json\/wp\/v2\/posts\/11004\/revisions"}],"wp:attachment":[{"href":"https:\/\/www.matemonsac.com\/le-mag\/wp-json\/wp\/v2\/media?parent=11004"}],"wp:term":[{"taxonomy":"category","embeddable":true,"href":"https:\/\/www.matemonsac.com\/le-mag\/wp-json\/wp\/v2\/categories?post=11004"},{"taxonomy":"post_tag","embeddable":true,"href":"https:\/\/www.matemonsac.com\/le-mag\/wp-json\/wp\/v2\/tags?post=11004"}],"curies":[{"name":"wp","href":"https:\/\/api.w.org\/{rel}","templated":true}]}}