{"id":10862,"date":"2012-11-02T06:39:14","date_gmt":"2012-11-02T05:39:14","guid":{"rendered":"https:\/\/www.matemonsac.com\/le-mag\/?p=10862"},"modified":"2012-11-03T17:39:39","modified_gmt":"2012-11-03T16:39:39","slug":"le-sac-kelly-vintage-hermes-de-mon-amie-celine","status":"publish","type":"post","link":"https:\/\/www.matemonsac.com\/le-mag\/2012\/11\/02\/le-sac-kelly-vintage-hermes-de-mon-amie-celine\/","title":{"rendered":"Le sac Kelly vintage Herm\u00e8s de mon amie C\u00e9line."},"content":{"rendered":"<p>Le 21 octobre dernier nous vous faisions d\u00e9couvrir ce que renfermait le joli sac\u00a0<strong>Pimkie\u00a0<\/strong>d&rsquo;<a title=\"Le sac d'evelyne\" href=\"https:\/\/www.matemonsac.com\/le-mag\/2012\/10\/21\/evelyne-vide-son-sac-pimkie-rien-que-pour-vous\/\" target=\"_blank\">Evelyne<\/a>\u00a0ce matin c&rsquo;est C\u00e9line qui vous invite \u00e0 partager le contenu de son sac \u00e0 main :<\/p>\n<p>C\u00e9line est une jeune maman tr\u00e8s chic comme vous allez vite pouvoir le d\u00e9couvrir, qui se balade avec un \u00ab\u00a0super sac vintage des ann\u00e9es 60\u00a0\u00bb. Sac qui n&rsquo;est autre qu&rsquo;un sac <strong>Kelly vintage Herm\u00e8s<\/strong> que son p\u00e8re lui a offert pour ses 40 ans. Et oui C\u00e9line n&rsquo;est pas seulement une maman combl\u00e9e elle est aussi tr\u00e8s chanceuse.<\/p>\n<p>&nbsp;<\/p>\n<div id=\"attachment_10998\" style=\"width: 680px\" class=\"wp-caption aligncenter\"><a href=\"https:\/\/www.matemonsac.com\/le-mag\/wp-content\/uploads\/2012\/10\/kelly-hermes-de-Celine.jpg\"><img aria-describedby=\"caption-attachment-10998\" decoding=\"async\" loading=\"lazy\" class=\"size-full wp-image-10998\" title=\"kelly-hermes-de-Celine\" src=\"https:\/\/www.matemonsac.com\/le-mag\/wp-content\/uploads\/2012\/10\/kelly-hermes-de-Celine.jpg\" alt=\"Kelly Hermes Celine\" width=\"670\" height=\"670\" srcset=\"https:\/\/www.matemonsac.com\/le-mag\/wp-content\/uploads\/2012\/10\/kelly-hermes-de-Celine.jpg 670w, https:\/\/www.matemonsac.com\/le-mag\/wp-content\/uploads\/2012\/10\/kelly-hermes-de-Celine-540x540.jpg 540w, https:\/\/www.matemonsac.com\/le-mag\/wp-content\/uploads\/2012\/10\/kelly-hermes-de-Celine-300x300.jpg 300w\" sizes=\"(max-width: 670px) 100vw, 670px\" \/><\/a><p id=\"caption-attachment-10998\" class=\"wp-caption-text\">Le sac Kelly Herm\u00e8s de C\u00e9line<\/p><\/div>\n<p>&nbsp;<\/p>\n<p>Que contient donc son sac \u00e0 main de luxe ?<\/p>\n<p>&#8211; L&rsquo;agenda 2012 <strong>Moleskine<\/strong>\u00a0en grand format pour y noter tous ses rendez-vous !<\/p>\n<p>&#8211; Une pochette \u00ab\u00a0fourre tout\u00a0\u00bb\u00a0<strong>Ekyog<\/strong> tr\u00e8s pratique en tissu ray\u00e9 bleu et blanc. En plus elle est en coton biologique (bravo \u00e0 C\u00e9line pour sa d\u00e9marche responsable) \u00a0dans laquelle se trouvent des feutres Paper Mate, une \u00e9pingle \u00e0 chignon, un bracelet \u00ab\u00a0Fil de la vie\u00a0\u00bb qu&rsquo;elle doit faire r\u00e9parer et bien d&rsquo;autres petites choses.<\/p>\n<p>&#8211; Une eau de toilette \u00ab\u00a0Eau des H\u00e9sp\u00e9rides\u00a0\u00bb <strong>Diptyque<\/strong> en roll on.<\/p>\n<p>&#8211; Un Lip balm <strong>Dior<\/strong>\u00a0id\u00e9al pour se refaire une beaut\u00e9.<\/p>\n<p>&#8211; Un portefeuille <strong>Zadig et Voltaire.<\/strong><\/p>\n<p>&#8211; La clef de voiture et tout un tas de clefs de sa maison.<\/p>\n<p>&#8211; Une voiture oubli\u00e9e par son fils.<\/p>\n<p>&#8211; Le carnet de sant\u00e9 de sa fille Avril, quel joli pr\u00e9nom..<\/p>\n<p>&#8211; Un nuancier <strong>Farrow &amp; Ball<\/strong> pour choisir la nouvelle couleur de ses toilettes !<\/p>\n<p>Un tr\u00e8s joli sac \u00e0 main qu&rsquo;elle\u00a0 juge peu pratique &#8230;. Mais il ne faut pas trop le dire car cela pourrait briser le mythe \ud83d\ude09<\/p>\n<p>Merci beaucoup \u00e0 C\u00e9line pour ses multiples participations.<\/p>\n<p>On attend avec impatience les prochaines ainsi que les v\u00f4tres bien entendu.<\/p>\n<p>En attendant d\u00e9couvrez ce magnifique mod\u00e8le de<strong> sac Kelly vintage<\/strong> que nous vous proposons sur notre site<a title=\"Kelly Box Vintage\" href=\"https:\/\/www.matemonsac.com\/le-mag\/hermes-sac-kelly-en-box-noir-vintage.html#\" target=\"_blank\"> ici<\/a>:<\/p>\n<div id=\"attachment_10863\" style=\"width: 610px\" class=\"wp-caption aligncenter\"><a href=\"https:\/\/www.matemonsac.com\/le-mag\/hermes-sac-kelly-en-box-noir-vintage.html#\"><img aria-describedby=\"caption-attachment-10863\" decoding=\"async\" loading=\"lazy\" class=\"size-full wp-image-10863\" title=\"hermes-kelly-vintage-noir-devant-sangles-ouvertes-hd\" src=\"https:\/\/www.matemonsac.com\/le-mag\/wp-content\/uploads\/2012\/10\/hermes-kelly-vintage-noir-devant-sangles-ouvertes-hd.jpg\" alt=\"hermes kelly vintage noir face\" width=\"600\" height=\"600\" srcset=\"https:\/\/www.matemonsac.com\/le-mag\/wp-content\/uploads\/2012\/10\/hermes-kelly-vintage-noir-devant-sangles-ouvertes-hd.jpg 600w, https:\/\/www.matemonsac.com\/le-mag\/wp-content\/uploads\/2012\/10\/hermes-kelly-vintage-noir-devant-sangles-ouvertes-hd-540x540.jpg 540w, https:\/\/www.matemonsac.com\/le-mag\/wp-content\/uploads\/2012\/10\/hermes-kelly-vintage-noir-devant-sangles-ouvertes-hd-300x300.jpg 300w\" sizes=\"(max-width: 600px) 100vw, 600px\" \/><\/a><p id=\"caption-attachment-10863\" class=\"wp-caption-text\">Le Kelly Box Vintage \u00a9 matemonsac.localhost.com<\/p><\/div>\n<address>\u00a0<\/address>\n<address>\u00a0Passez une tr\u00e8s belle journ\u00e9e.<\/address>\n<address>\u00a0<\/address>\n<address>Alix pour <a title=\"vente de sacs de luxe vintage\" href=\"matemonsac.localhost.com\" target=\"_blank\">matemonsac.localhost.com<\/a><\/address>\n<address>Vente de sacs de luxe vintage.<\/address>\n<div class=\"twttr_buttons\"><div class=\"twttr_twitter\">\n\t\t\t\t\t<a href=\"http:\/\/twitter.com\/share?text=Le+sac+Kelly+vintage+Herm%C3%A8s+de+mon+amie+C%C3%A9line.\" class=\"twitter-share-button\" data-via=\"\" data-hashtags=\"\"  data-size=\"default\" data-url=\"https:\/\/www.matemonsac.com\/le-mag\/2012\/11\/02\/le-sac-kelly-vintage-hermes-de-mon-amie-celine\/\"  data-related=\"\" target=\"_blank\">Tweet<\/a>\n\t\t\t\t<\/div><\/div>","protected":false},"excerpt":{"rendered":"<p>Le 21 octobre dernier nous vous faisions d\u00e9couvrir ce que renfermait le joli sac\u00a0Pimkie\u00a0d&rsquo;Evelyne\u00a0ce matin c&rsquo;est C\u00e9line qui vous invite \u00e0 partager le contenu de son sac \u00e0 main : C\u00e9line est une jeune maman tr\u00e8s chic comme vous allez vite pouvoir le d\u00e9couvrir, qui se balade avec un \u00ab\u00a0super sac vintage des ann\u00e9es 60\u00a0\u00bb. [&hellip;]<\/p>\n","protected":false},"author":1,"featured_media":0,"comment_status":"open","ping_status":"open","sticky":false,"template":"","format":"standard","meta":{"_mi_skip_tracking":false},"categories":[27],"tags":[10,1534,1533,1536,30,134,73,1503,415,150,83],"_links":{"self":[{"href":"https:\/\/www.matemonsac.com\/le-mag\/wp-json\/wp\/v2\/posts\/10862"}],"collection":[{"href":"https:\/\/www.matemonsac.com\/le-mag\/wp-json\/wp\/v2\/posts"}],"about":[{"href":"https:\/\/www.matemonsac.com\/le-mag\/wp-json\/wp\/v2\/types\/post"}],"author":[{"embeddable":true,"href":"https:\/\/www.matemonsac.com\/le-mag\/wp-json\/wp\/v2\/users\/1"}],"replies":[{"embeddable":true,"href":"https:\/\/www.matemonsac.com\/le-mag\/wp-json\/wp\/v2\/comments?post=10862"}],"version-history":[{"count":0,"href":"https:\/\/www.matemonsac.com\/le-mag\/wp-json\/wp\/v2\/posts\/10862\/revisions"}],"wp:attachment":[{"href":"https:\/\/www.matemonsac.com\/le-mag\/wp-json\/wp\/v2\/media?parent=10862"}],"wp:term":[{"taxonomy":"category","embeddable":true,"href":"https:\/\/www.matemonsac.com\/le-mag\/wp-json\/wp\/v2\/categories?post=10862"},{"taxonomy":"post_tag","embeddable":true,"href":"https:\/\/www.matemonsac.com\/le-mag\/wp-json\/wp\/v2\/tags?post=10862"}],"curies":[{"name":"wp","href":"https:\/\/api.w.org\/{rel}","templated":true}]}}