{"id":10524,"date":"2012-10-11T06:32:09","date_gmt":"2012-10-11T05:32:09","guid":{"rendered":"https:\/\/www.matemonsac.com\/le-mag\/?p=10524"},"modified":"2012-10-11T14:35:23","modified_gmt":"2012-10-11T13:35:23","slug":"bracelets-bresiliens-portes-par-mon-amie-severine","status":"publish","type":"post","link":"https:\/\/www.matemonsac.com\/le-mag\/2012\/10\/11\/bracelets-bresiliens-portes-par-mon-amie-severine\/","title":{"rendered":"Les bracelets br\u00e9siliens port\u00e9s par mon amie S\u00e9verine."},"content":{"rendered":"<p><strong>Les bracelets br\u00e9siliens port\u00e9s par mon amie S\u00e9verine.<\/strong><\/p>\n<p>Vous n&rsquo;avez certainement pas pu \u00e9chapper \u00e0 la mode des bracelets br\u00e9siliens lors de vos vacances cet \u00e9t\u00e9. Ils \u00e9taient partout et bien entendu nous avions relay\u00e9 cette tendance sur notre <a title=\"Bracelets bresiliens\" href=\"https:\/\/www.matemonsac.com\/le-mag\/2012\/08\/13\/les-bracelets-bresiliens-de-notre-enfance-reviennent-en-force\/\" target=\"_blank\">blog<\/a>.<\/p>\n<p>Ce matin nous vous pr\u00e9sentons une tr\u00e8s belle photo des <strong>bracelets br\u00e9siliens <\/strong>de S\u00e9verine. La nouvelle participante \u00e0 notre concours <a title=\"Concours Catherine Michiels\" href=\"https:\/\/www.matemonsac.com\/le-mag\/2012\/09\/20\/catherine-michiels-ses-bracelets-lucky-charms-portes-par-nos-clientes\/\" target=\"_blank\">Catherine Michiels<\/a>.<\/p>\n<p>&nbsp;<\/p>\n<div id=\"attachment_10683\" style=\"width: 610px\" class=\"wp-caption aligncenter\"><a href=\"https:\/\/www.matemonsac.com\/le-mag\/wp-content\/uploads\/2012\/10\/bracelets-bresiliens-stephanie.jpg\"><img aria-describedby=\"caption-attachment-10683\" decoding=\"async\" loading=\"lazy\" class=\"size-full wp-image-10683\" title=\"bracelets-bresiliens-severine\" src=\"https:\/\/www.matemonsac.com\/le-mag\/wp-content\/uploads\/2012\/10\/bracelets-bresiliens-stephanie.jpg\" alt=\"Bracelets Bresiliens Severine\" width=\"600\" height=\"600\" srcset=\"https:\/\/www.matemonsac.com\/le-mag\/wp-content\/uploads\/2012\/10\/bracelets-bresiliens-stephanie.jpg 600w, https:\/\/www.matemonsac.com\/le-mag\/wp-content\/uploads\/2012\/10\/bracelets-bresiliens-stephanie-540x540.jpg 540w, https:\/\/www.matemonsac.com\/le-mag\/wp-content\/uploads\/2012\/10\/bracelets-bresiliens-stephanie-300x300.jpg 300w\" sizes=\"(max-width: 600px) 100vw, 600px\" \/><\/a><p id=\"caption-attachment-10683\" class=\"wp-caption-text\">Les jolis bracelets tr\u00e8s color\u00e9s de S\u00e9verine<\/p><\/div>\n<p>&nbsp;<\/p>\n<p>Merci mille fois \u00e0 S\u00e9verine pour sa participation \u00e0 notre concours. On lui souhaite de gagner !<\/p>\n<p>Passez une excellente semaine et \u00e0 tr\u00e8s vite.<\/p>\n<p>Si vous pensez ne pas avoir assez de bracelets, (eh oui plus on en a mieux c&rsquo;est \ud83d\ude42 ),\u00a0 alors tentez vite votre chance !<\/p>\n<p>Si comme nous vous \u00eates fan de la tendance, retrouvez nos bracelets br\u00e9siliens de la marque <a title=\"Nilai\" href=\"https:\/\/www.matemonsac.com\/le-mag\/catalogsearch\/result\/?q=nilai\" target=\"_blank\"><strong>Nila\u00ef<\/strong><\/a> sur notre site.<\/p>\n<div id=\"attachment_10790\" style=\"width: 610px\" class=\"wp-caption aligncenter\"><a href=\"https:\/\/www.matemonsac.com\/le-mag\/bijoux-de-luxe\/bracelets\/nilai-bracelet-peace-and-love-en-argent-sur-tresse.html\"><img aria-describedby=\"caption-attachment-10790\" decoding=\"async\" loading=\"lazy\" class=\"size-full wp-image-10790\" title=\"nilai-bracelet-charm-tresse-peace-and-love-argent\" src=\"https:\/\/www.matemonsac.com\/le-mag\/wp-content\/uploads\/2012\/10\/nilai-bracelet-charm-tresse-peace-and-love-argent.jpg\" alt=\"nilai bracelet charm tresse peace and love argent\" width=\"600\" height=\"585\" srcset=\"https:\/\/www.matemonsac.com\/le-mag\/wp-content\/uploads\/2012\/10\/nilai-bracelet-charm-tresse-peace-and-love-argent.jpg 600w, https:\/\/www.matemonsac.com\/le-mag\/wp-content\/uploads\/2012\/10\/nilai-bracelet-charm-tresse-peace-and-love-argent-300x293.jpg 300w\" sizes=\"(max-width: 600px) 100vw, 600px\" \/><\/a><p id=\"caption-attachment-10790\" class=\"wp-caption-text\">Bracelet Peace &amp; Love en argent tress\u00e9<\/p><\/div>\n<address>\u00a0<\/address>\n<address>Alix pour <a title=\"vente de sacs de luxe vintage\" href=\"matemonsac.localhost.com\" target=\"_blank\">matemonsac.localhost.com<\/a><\/address>\n<address>Vente de sacs de luxe vintage.<\/address>\n<p>&nbsp;<\/p>\n<p>&nbsp;<\/p>\n<p><script type=\"text\/javascript\" src=\"http:\/\/static.extension.fm\/exfm.js\"><\/script><\/p>\n<div class=\"twttr_buttons\"><div class=\"twttr_twitter\">\n\t\t\t\t\t<a href=\"http:\/\/twitter.com\/share?text=Les+bracelets+br%C3%A9siliens+port%C3%A9s+par+mon+amie+S%C3%A9verine.\" class=\"twitter-share-button\" data-via=\"\" data-hashtags=\"\"  data-size=\"default\" data-url=\"https:\/\/www.matemonsac.com\/le-mag\/2012\/10\/11\/bracelets-bresiliens-portes-par-mon-amie-severine\/\"  data-related=\"\" target=\"_blank\">Tweet<\/a>\n\t\t\t\t<\/div><\/div>","protected":false},"excerpt":{"rendered":"<p>Les bracelets br\u00e9siliens port\u00e9s par mon amie S\u00e9verine. Vous n&rsquo;avez certainement pas pu \u00e9chapper \u00e0 la mode des bracelets br\u00e9siliens lors de vos vacances cet \u00e9t\u00e9. Ils \u00e9taient partout et bien entendu nous avions relay\u00e9 cette tendance sur notre blog. Ce matin nous vous pr\u00e9sentons une tr\u00e8s belle photo des bracelets br\u00e9siliens de S\u00e9verine. La [&hellip;]<\/p>\n","protected":false},"author":1,"featured_media":0,"comment_status":"open","ping_status":"open","sticky":false,"template":"","format":"standard","meta":{"_mi_skip_tracking":false},"categories":[384,40],"tags":[1506,451,604],"_links":{"self":[{"href":"https:\/\/www.matemonsac.com\/le-mag\/wp-json\/wp\/v2\/posts\/10524"}],"collection":[{"href":"https:\/\/www.matemonsac.com\/le-mag\/wp-json\/wp\/v2\/posts"}],"about":[{"href":"https:\/\/www.matemonsac.com\/le-mag\/wp-json\/wp\/v2\/types\/post"}],"author":[{"embeddable":true,"href":"https:\/\/www.matemonsac.com\/le-mag\/wp-json\/wp\/v2\/users\/1"}],"replies":[{"embeddable":true,"href":"https:\/\/www.matemonsac.com\/le-mag\/wp-json\/wp\/v2\/comments?post=10524"}],"version-history":[{"count":0,"href":"https:\/\/www.matemonsac.com\/le-mag\/wp-json\/wp\/v2\/posts\/10524\/revisions"}],"wp:attachment":[{"href":"https:\/\/www.matemonsac.com\/le-mag\/wp-json\/wp\/v2\/media?parent=10524"}],"wp:term":[{"taxonomy":"category","embeddable":true,"href":"https:\/\/www.matemonsac.com\/le-mag\/wp-json\/wp\/v2\/categories?post=10524"},{"taxonomy":"post_tag","embeddable":true,"href":"https:\/\/www.matemonsac.com\/le-mag\/wp-json\/wp\/v2\/tags?post=10524"}],"curies":[{"name":"wp","href":"https:\/\/api.w.org\/{rel}","templated":true}]}}